{"id":5325,"date":"2025-12-17T16:03:21","date_gmt":"2025-12-17T16:03:21","guid":{"rendered":"https:\/\/stourm.news\/?p=5325"},"modified":"2025-12-17T16:03:43","modified_gmt":"2025-12-17T16:03:43","slug":"vannes-le-bureau-de-tabac-du-quartier-multiculturel-de-kercado-victime-dun-incendie","status":"publish","type":"post","link":"https:\/\/stourm.news\/?p=5325","title":{"rendered":"Vannes : le bureau de tabac du quartier multiculturel de Kercado victime d\u2019un incendie"},"content":{"rendered":"<p style=\"text-align: justify;\"><span style=\"font-family: arial, helvetica, sans-serif; font-size: 14pt;\">Dans la nuit du lundi 15 au mardi 16 d\u00e9cembre 2025, le bureau de tabac-presse situ\u00e9 dans la galerie commerciale du quartier multiculturel de Kercado, \u00e0 Gwened (Vannes), a \u00e9t\u00e9 la cible d&rsquo;un incendie volontaire selon <strong><a href=\"https:\/\/www.letelegramme.fr\/morbihan\/vannes-56000\/peut-etre-avaient-ils-lintention-de-cambrioler-a-vannes-le-bureau-de-tabac-de-kercado-victime-dun-incendie-6949486.php\">Le T\u00e9l\u00e9gramme<\/a><\/strong>. <\/span><span style=\"font-family: arial, helvetica, sans-serif; font-size: 14pt;\">L&rsquo;alarme s&rsquo;est d\u00e9clench\u00e9e vers 3 heures du matin, r\u00e9v\u00e9lant des flammes qui ont attaqu\u00e9 la devanture de l&rsquo;\u00e9tablissement.<\/span><\/p>\n<p style=\"text-align: justify;\"><span style=\"font-family: arial, helvetica, sans-serif; font-size: 14pt;\">Les d\u00e9g\u00e2ts, bien que spectaculaires, sont rest\u00e9s limit\u00e9s : la grille m\u00e9tallique a \u00e9t\u00e9 noircie par les flammes, et le bas de la vitrine blind\u00e9e a \u00e9t\u00e9 fendu. Fort heureusement, l&rsquo;incendie n&rsquo;a pas p\u00e9n\u00e9tr\u00e9 \u00e0 l&rsquo;int\u00e9rieur du commerce, permettant \u00e0 l&rsquo;\u00e9tablissement d&rsquo;ouvrir normalement d\u00e8s le matin suivant. <\/span><\/p>\n<p style=\"text-align: justify;\"><span style=\"font-family: arial, helvetica, sans-serif; font-size: 14pt;\">Une salari\u00e9e de longue date, qui a g\u00e9r\u00e9 le tabac pendant 20 ans avant de le r\u00e9troc\u00e9der r\u00e9cemment, s&rsquo;est confi\u00e9e \u00e0 la presse : \u00ab Je n&rsquo;avais jamais connu un tel \u00e9v\u00e9nement \u00bb. Elle \u00e9met l&rsquo;hypoth\u00e8se que les auteurs pourraient avoir eu l&rsquo;intention de cambrioler le bureau de tabac, peut-\u00eatre en esp\u00e9rant que le feu affaiblisse les protections pour faciliter une intrusion. Cette piste d&rsquo;une tentative de vol avort\u00e9e semble privil\u00e9gi\u00e9e, m\u00eame si l&rsquo;enqu\u00eate, confi\u00e9e aux forces de l&rsquo;ordre, est en cours pour d\u00e9terminer les circonstances exactes et identifier les responsables.<\/span><\/p>\n<p style=\"text-align: justify;\"><span style=\"font-family: arial, helvetica, sans-serif; font-size: 14pt;\">Ce type d&rsquo;actes malveillants sur des commerces dans les enclaves ethniques, souvent cibl\u00e9s pour leurs stocks de cigarettes et de jeux \u00e0 gratter, inqui\u00e8te les professionnels du secteur. <\/span><\/p>\n<p style=\"text-align: right;\"><strong><span style=\"font-family: arial, helvetica, sans-serif; font-size: 14pt;\">Ewen Broc&rsquo;han<\/span><\/strong><\/p>\n","protected":false},"excerpt":{"rendered":"<p>Dans la nuit du lundi 15 au mardi 16 d\u00e9cembre 2025, le bureau de tabac-presse situ\u00e9 dans la galerie commerciale du quartier multiculturel de Kercado, \u00e0 Gwened (Vannes), a \u00e9t\u00e9 la cible d&rsquo;un incendie volontaire selon Le T\u00e9l\u00e9gramme. L&rsquo;alarme s&rsquo;est d\u00e9clench\u00e9e vers 3 heures du matin, r\u00e9v\u00e9lant des flammes qui ont attaqu\u00e9 la devanture de [&hellip;]<\/p>\n","protected":false},"author":1,"featured_media":5326,"comment_status":"open","ping_status":"open","sticky":false,"template":"","format":"standard","meta":{"sb_editor_width":"","footnotes":""},"categories":[52,40,86,65,62],"tags":[],"class_list":["post-5325","post","type-post","status-publish","format-standard","has-post-thumbnail","hentry","category-faits-divers","category-morbihan","category-multiculturalisme","category-principale","category-revue-de-presse"],"relative_dates":{"created":"4 mois ago","modified":"4 mois ago"},"yoast_head":"<!-- This site is optimized with the Yoast SEO plugin v26.3 - https:\/\/yoast.com\/wordpress\/plugins\/seo\/ -->\n<title>Vannes : le bureau de tabac du quartier multiculturel de Kercado victime d\u2019un incendie - STOURM<\/title>\n<meta name=\"robots\" content=\"index, follow, max-snippet:-1, max-image-preview:large, max-video-preview:-1\" \/>\n<link rel=\"canonical\" href=\"https:\/\/stourm.news\/?p=5325\" \/>\n<meta property=\"og:locale\" content=\"fr_FR\" \/>\n<meta property=\"og:type\" content=\"article\" \/>\n<meta property=\"og:title\" content=\"Vannes : le bureau de tabac du quartier multiculturel de Kercado victime d\u2019un incendie - STOURM\" \/>\n<meta property=\"og:description\" content=\"Dans la nuit du lundi 15 au mardi 16 d\u00e9cembre 2025, le bureau de tabac-presse situ\u00e9 dans la galerie commerciale du quartier multiculturel de Kercado, \u00e0 Gwened (Vannes), a \u00e9t\u00e9 la cible d&rsquo;un incendie volontaire selon Le T\u00e9l\u00e9gramme. L&rsquo;alarme s&rsquo;est d\u00e9clench\u00e9e vers 3 heures du matin, r\u00e9v\u00e9lant des flammes qui ont attaqu\u00e9 la devanture de [&hellip;]\" \/>\n<meta property=\"og:url\" content=\"https:\/\/stourm.news\/?p=5325\" \/>\n<meta property=\"og:site_name\" content=\"STOURM\" \/>\n<meta property=\"article:publisher\" content=\"https:\/\/www.facebook.com\/stourmnews\/\" \/>\n<meta property=\"article:published_time\" content=\"2025-12-17T16:03:21+00:00\" \/>\n<meta property=\"article:modified_time\" content=\"2025-12-17T16:03:43+00:00\" \/>\n<meta name=\"author\" content=\"La r\u00e9daction\" \/>\n<meta name=\"twitter:card\" content=\"summary_large_image\" \/>\n<meta name=\"twitter:label1\" content=\"\u00c9crit par\" \/>\n\t<meta name=\"twitter:data1\" content=\"La r\u00e9daction\" \/>\n\t<meta name=\"twitter:label2\" content=\"Dur\u00e9e de lecture estim\u00e9e\" \/>\n\t<meta name=\"twitter:data2\" content=\"2 minutes\" \/>\n<script type=\"application\/ld+json\" class=\"yoast-schema-graph\">{\"@context\":\"https:\/\/schema.org\",\"@graph\":[{\"@type\":\"Article\",\"@id\":\"https:\/\/stourm.news\/?p=5325#article\",\"isPartOf\":{\"@id\":\"https:\/\/stourm.news\/?p=5325\"},\"author\":{\"name\":\"La r\u00e9daction\",\"@id\":\"https:\/\/stourm.news\/#\/schema\/person\/c3e1dc65988632e190969234ef046cf9\"},\"headline\":\"Vannes : le bureau de tabac du quartier multiculturel de Kercado victime d\u2019un incendie\",\"datePublished\":\"2025-12-17T16:03:21+00:00\",\"dateModified\":\"2025-12-17T16:03:43+00:00\",\"mainEntityOfPage\":{\"@id\":\"https:\/\/stourm.news\/?p=5325\"},\"wordCount\":278,\"commentCount\":0,\"publisher\":{\"@id\":\"https:\/\/stourm.news\/#organization\"},\"image\":{\"@id\":\"https:\/\/stourm.news\/?p=5325#primaryimage\"},\"thumbnailUrl\":\"https:\/\/stourm.news\/wp-content\/uploads\/2025\/12\/694297a13401c5bf49024076.1.webp\",\"articleSection\":[\"Faits divers\",\"Morbihan\",\"Multiculturalisme\",\"Principale\",\"Revue de presse\"],\"inLanguage\":\"fr-FR\",\"potentialAction\":[{\"@type\":\"CommentAction\",\"name\":\"Comment\",\"target\":[\"https:\/\/stourm.news\/?p=5325#respond\"]}]},{\"@type\":\"WebPage\",\"@id\":\"https:\/\/stourm.news\/?p=5325\",\"url\":\"https:\/\/stourm.news\/?p=5325\",\"name\":\"Vannes : le bureau de tabac du quartier multiculturel de Kercado victime d\u2019un incendie - STOURM\",\"isPartOf\":{\"@id\":\"https:\/\/stourm.news\/#website\"},\"primaryImageOfPage\":{\"@id\":\"https:\/\/stourm.news\/?p=5325#primaryimage\"},\"image\":{\"@id\":\"https:\/\/stourm.news\/?p=5325#primaryimage\"},\"thumbnailUrl\":\"https:\/\/stourm.news\/wp-content\/uploads\/2025\/12\/694297a13401c5bf49024076.1.webp\",\"datePublished\":\"2025-12-17T16:03:21+00:00\",\"dateModified\":\"2025-12-17T16:03:43+00:00\",\"breadcrumb\":{\"@id\":\"https:\/\/stourm.news\/?p=5325#breadcrumb\"},\"inLanguage\":\"fr-FR\",\"potentialAction\":[{\"@type\":\"ReadAction\",\"target\":[\"https:\/\/stourm.news\/?p=5325\"]}]},{\"@type\":\"ImageObject\",\"inLanguage\":\"fr-FR\",\"@id\":\"https:\/\/stourm.news\/?p=5325#primaryimage\",\"url\":\"https:\/\/stourm.news\/wp-content\/uploads\/2025\/12\/694297a13401c5bf49024076.1.webp\",\"contentUrl\":\"https:\/\/stourm.news\/wp-content\/uploads\/2025\/12\/694297a13401c5bf49024076.1.webp\",\"width\":1200,\"height\":750},{\"@type\":\"BreadcrumbList\",\"@id\":\"https:\/\/stourm.news\/?p=5325#breadcrumb\",\"itemListElement\":[{\"@type\":\"ListItem\",\"position\":1,\"name\":\"Accueil\",\"item\":\"https:\/\/stourm.news\/\"},{\"@type\":\"ListItem\",\"position\":2,\"name\":\"Vannes : le bureau de tabac du quartier multiculturel de Kercado victime d\u2019un incendie\"}]},{\"@type\":\"WebSite\",\"@id\":\"https:\/\/stourm.news\/#website\",\"url\":\"https:\/\/stourm.news\/\",\"name\":\"Stourm\",\"description\":\"Kazetenn Strollad Broadel Breizh\",\"publisher\":{\"@id\":\"https:\/\/stourm.news\/#organization\"},\"potentialAction\":[{\"@type\":\"SearchAction\",\"target\":{\"@type\":\"EntryPoint\",\"urlTemplate\":\"https:\/\/stourm.news\/?s={search_term_string}\"},\"query-input\":{\"@type\":\"PropertyValueSpecification\",\"valueRequired\":true,\"valueName\":\"search_term_string\"}}],\"inLanguage\":\"fr-FR\"},{\"@type\":\"Organization\",\"@id\":\"https:\/\/stourm.news\/#organization\",\"name\":\"Stourm\",\"url\":\"https:\/\/stourm.news\/\",\"logo\":{\"@type\":\"ImageObject\",\"inLanguage\":\"fr-FR\",\"@id\":\"https:\/\/stourm.news\/#\/schema\/logo\/image\/\",\"url\":\"https:\/\/stourm.news\/wp-content\/uploads\/2025\/11\/cropped-Capture-decran-2025-11-28-a-15.19.07.png\",\"contentUrl\":\"https:\/\/stourm.news\/wp-content\/uploads\/2025\/11\/cropped-Capture-decran-2025-11-28-a-15.19.07.png\",\"width\":1855,\"height\":383,\"caption\":\"Stourm\"},\"image\":{\"@id\":\"https:\/\/stourm.news\/#\/schema\/logo\/image\/\"},\"sameAs\":[\"https:\/\/www.facebook.com\/stourmnews\/\"]},{\"@type\":\"Person\",\"@id\":\"https:\/\/stourm.news\/#\/schema\/person\/c3e1dc65988632e190969234ef046cf9\",\"name\":\"La r\u00e9daction\",\"image\":{\"@type\":\"ImageObject\",\"inLanguage\":\"fr-FR\",\"@id\":\"https:\/\/stourm.news\/#\/schema\/person\/image\/\",\"url\":\"https:\/\/secure.gravatar.com\/avatar\/7463443f194b6b5fb706b074ca0ef59a0cfcfd720cb47764b0ec5a952ce422b3?s=96&d=mm&r=g\",\"contentUrl\":\"https:\/\/secure.gravatar.com\/avatar\/7463443f194b6b5fb706b074ca0ef59a0cfcfd720cb47764b0ec5a952ce422b3?s=96&d=mm&r=g\",\"caption\":\"La r\u00e9daction\"},\"sameAs\":[\"https:\/\/stourm.news\"],\"url\":\"https:\/\/stourm.news\/?author=1\"}]}<\/script>\n<!-- \/ Yoast SEO plugin. -->","yoast_head_json":{"title":"Vannes : le bureau de tabac du quartier multiculturel de Kercado victime d\u2019un incendie - STOURM","robots":{"index":"index","follow":"follow","max-snippet":"max-snippet:-1","max-image-preview":"max-image-preview:large","max-video-preview":"max-video-preview:-1"},"canonical":"https:\/\/stourm.news\/?p=5325","og_locale":"fr_FR","og_type":"article","og_title":"Vannes : le bureau de tabac du quartier multiculturel de Kercado victime d\u2019un incendie - STOURM","og_description":"Dans la nuit du lundi 15 au mardi 16 d\u00e9cembre 2025, le bureau de tabac-presse situ\u00e9 dans la galerie commerciale du quartier multiculturel de Kercado, \u00e0 Gwened (Vannes), a \u00e9t\u00e9 la cible d&rsquo;un incendie volontaire selon Le T\u00e9l\u00e9gramme. L&rsquo;alarme s&rsquo;est d\u00e9clench\u00e9e vers 3 heures du matin, r\u00e9v\u00e9lant des flammes qui ont attaqu\u00e9 la devanture de [&hellip;]","og_url":"https:\/\/stourm.news\/?p=5325","og_site_name":"STOURM","article_publisher":"https:\/\/www.facebook.com\/stourmnews\/","article_published_time":"2025-12-17T16:03:21+00:00","article_modified_time":"2025-12-17T16:03:43+00:00","author":"La r\u00e9daction","twitter_card":"summary_large_image","twitter_misc":{"\u00c9crit par":"La r\u00e9daction","Dur\u00e9e de lecture estim\u00e9e":"2 minutes"},"schema":{"@context":"https:\/\/schema.org","@graph":[{"@type":"Article","@id":"https:\/\/stourm.news\/?p=5325#article","isPartOf":{"@id":"https:\/\/stourm.news\/?p=5325"},"author":{"name":"La r\u00e9daction","@id":"https:\/\/stourm.news\/#\/schema\/person\/c3e1dc65988632e190969234ef046cf9"},"headline":"Vannes : le bureau de tabac du quartier multiculturel de Kercado victime d\u2019un incendie","datePublished":"2025-12-17T16:03:21+00:00","dateModified":"2025-12-17T16:03:43+00:00","mainEntityOfPage":{"@id":"https:\/\/stourm.news\/?p=5325"},"wordCount":278,"commentCount":0,"publisher":{"@id":"https:\/\/stourm.news\/#organization"},"image":{"@id":"https:\/\/stourm.news\/?p=5325#primaryimage"},"thumbnailUrl":"https:\/\/stourm.news\/wp-content\/uploads\/2025\/12\/694297a13401c5bf49024076.1.webp","articleSection":["Faits divers","Morbihan","Multiculturalisme","Principale","Revue de presse"],"inLanguage":"fr-FR","potentialAction":[{"@type":"CommentAction","name":"Comment","target":["https:\/\/stourm.news\/?p=5325#respond"]}]},{"@type":"WebPage","@id":"https:\/\/stourm.news\/?p=5325","url":"https:\/\/stourm.news\/?p=5325","name":"Vannes : le bureau de tabac du quartier multiculturel de Kercado victime d\u2019un incendie - STOURM","isPartOf":{"@id":"https:\/\/stourm.news\/#website"},"primaryImageOfPage":{"@id":"https:\/\/stourm.news\/?p=5325#primaryimage"},"image":{"@id":"https:\/\/stourm.news\/?p=5325#primaryimage"},"thumbnailUrl":"https:\/\/stourm.news\/wp-content\/uploads\/2025\/12\/694297a13401c5bf49024076.1.webp","datePublished":"2025-12-17T16:03:21+00:00","dateModified":"2025-12-17T16:03:43+00:00","breadcrumb":{"@id":"https:\/\/stourm.news\/?p=5325#breadcrumb"},"inLanguage":"fr-FR","potentialAction":[{"@type":"ReadAction","target":["https:\/\/stourm.news\/?p=5325"]}]},{"@type":"ImageObject","inLanguage":"fr-FR","@id":"https:\/\/stourm.news\/?p=5325#primaryimage","url":"https:\/\/stourm.news\/wp-content\/uploads\/2025\/12\/694297a13401c5bf49024076.1.webp","contentUrl":"https:\/\/stourm.news\/wp-content\/uploads\/2025\/12\/694297a13401c5bf49024076.1.webp","width":1200,"height":750},{"@type":"BreadcrumbList","@id":"https:\/\/stourm.news\/?p=5325#breadcrumb","itemListElement":[{"@type":"ListItem","position":1,"name":"Accueil","item":"https:\/\/stourm.news\/"},{"@type":"ListItem","position":2,"name":"Vannes : le bureau de tabac du quartier multiculturel de Kercado victime d\u2019un incendie"}]},{"@type":"WebSite","@id":"https:\/\/stourm.news\/#website","url":"https:\/\/stourm.news\/","name":"Stourm","description":"Kazetenn Strollad Broadel Breizh","publisher":{"@id":"https:\/\/stourm.news\/#organization"},"potentialAction":[{"@type":"SearchAction","target":{"@type":"EntryPoint","urlTemplate":"https:\/\/stourm.news\/?s={search_term_string}"},"query-input":{"@type":"PropertyValueSpecification","valueRequired":true,"valueName":"search_term_string"}}],"inLanguage":"fr-FR"},{"@type":"Organization","@id":"https:\/\/stourm.news\/#organization","name":"Stourm","url":"https:\/\/stourm.news\/","logo":{"@type":"ImageObject","inLanguage":"fr-FR","@id":"https:\/\/stourm.news\/#\/schema\/logo\/image\/","url":"https:\/\/stourm.news\/wp-content\/uploads\/2025\/11\/cropped-Capture-decran-2025-11-28-a-15.19.07.png","contentUrl":"https:\/\/stourm.news\/wp-content\/uploads\/2025\/11\/cropped-Capture-decran-2025-11-28-a-15.19.07.png","width":1855,"height":383,"caption":"Stourm"},"image":{"@id":"https:\/\/stourm.news\/#\/schema\/logo\/image\/"},"sameAs":["https:\/\/www.facebook.com\/stourmnews\/"]},{"@type":"Person","@id":"https:\/\/stourm.news\/#\/schema\/person\/c3e1dc65988632e190969234ef046cf9","name":"La r\u00e9daction","image":{"@type":"ImageObject","inLanguage":"fr-FR","@id":"https:\/\/stourm.news\/#\/schema\/person\/image\/","url":"https:\/\/secure.gravatar.com\/avatar\/7463443f194b6b5fb706b074ca0ef59a0cfcfd720cb47764b0ec5a952ce422b3?s=96&d=mm&r=g","contentUrl":"https:\/\/secure.gravatar.com\/avatar\/7463443f194b6b5fb706b074ca0ef59a0cfcfd720cb47764b0ec5a952ce422b3?s=96&d=mm&r=g","caption":"La r\u00e9daction"},"sameAs":["https:\/\/stourm.news"],"url":"https:\/\/stourm.news\/?author=1"}]}},"_links":{"self":[{"href":"https:\/\/stourm.news\/index.php?rest_route=\/wp\/v2\/posts\/5325","targetHints":{"allow":["GET"]}}],"collection":[{"href":"https:\/\/stourm.news\/index.php?rest_route=\/wp\/v2\/posts"}],"about":[{"href":"https:\/\/stourm.news\/index.php?rest_route=\/wp\/v2\/types\/post"}],"author":[{"embeddable":true,"href":"https:\/\/stourm.news\/index.php?rest_route=\/wp\/v2\/users\/1"}],"replies":[{"embeddable":true,"href":"https:\/\/stourm.news\/index.php?rest_route=%2Fwp%2Fv2%2Fcomments&post=5325"}],"version-history":[{"count":2,"href":"https:\/\/stourm.news\/index.php?rest_route=\/wp\/v2\/posts\/5325\/revisions"}],"predecessor-version":[{"id":5328,"href":"https:\/\/stourm.news\/index.php?rest_route=\/wp\/v2\/posts\/5325\/revisions\/5328"}],"wp:featuredmedia":[{"embeddable":true,"href":"https:\/\/stourm.news\/index.php?rest_route=\/wp\/v2\/media\/5326"}],"wp:attachment":[{"href":"https:\/\/stourm.news\/index.php?rest_route=%2Fwp%2Fv2%2Fmedia&parent=5325"}],"wp:term":[{"taxonomy":"category","embeddable":true,"href":"https:\/\/stourm.news\/index.php?rest_route=%2Fwp%2Fv2%2Fcategories&post=5325"},{"taxonomy":"post_tag","embeddable":true,"href":"https:\/\/stourm.news\/index.php?rest_route=%2Fwp%2Fv2%2Ftags&post=5325"}],"curies":[{"name":"wp","href":"https:\/\/api.w.org\/{rel}","templated":true}]}}