{"id":5329,"date":"2025-12-17T16:26:09","date_gmt":"2025-12-17T16:26:09","guid":{"rendered":"https:\/\/stourm.news\/?p=5329"},"modified":"2025-12-17T16:26:09","modified_gmt":"2025-12-17T16:26:09","slug":"disparition-de-yannig-baron-une-vie-dediee-a-lemancipation-culturelle-et-nationale-de-la-bretagne","status":"publish","type":"post","link":"https:\/\/stourm.news\/?p=5329","title":{"rendered":"Disparition de Yannig Baron : une vie d\u00e9di\u00e9e \u00e0 l\u2019\u00e9mancipation culturelle et nationale de la Bretagne"},"content":{"rendered":"<p style=\"text-align: justify;\"><span style=\"font-family: arial, helvetica, sans-serif; font-size: 14pt;\">EMSAV &#8211; La Bretagne vient de perdre l\u2019une de ses figures embl\u00e9matiques. Yannig Baron s\u2019est \u00e9teint le 15 d\u00e9cembre 2025 \u00e0 Gwened (Vannes), \u00e0 l\u2019\u00e2ge de 89 ans. N\u00e9 le 26 octobre 1936 sur l\u2019\u00eele de Groe (Groix), dans une famille nombreuse impr\u00e9gn\u00e9e des traditions insulaires, ce petit-fils de marin-p\u00eacheur \u2013 celui-l\u00e0 m\u00eame qui introduisit les c\u00e9l\u00e8bres dundees thoniers \u00e0 Groix \u2013 a consacr\u00e9 toute son existence \u00e0 la d\u00e9fense de l\u2019identit\u00e9 bretonne, de sa langue et de sa culture.<\/span><\/p>\n<p style=\"text-align: justify;\"><span style=\"font-family: arial, helvetica, sans-serif; font-size: 14pt;\">D\u00e8s son adolescence, Yannig Baron se passionne pour l\u2019histoire de la Bretagne. \u00c0 14 ans, il apprend en autodidacte \u00e0 jouer de la bombarde, cet instrument embl\u00e9matique qui deviendra le symbole de son attachement visc\u00e9ral \u00e0 la musique traditionnelle. Incorpor\u00e9 \u00e0 la Marine fran\u00e7aise, il int\u00e8gre le bagad de Lann-Bihou\u00e9, o\u00f9 il perfectionne son art et contribue \u00e0 porter haut les sonorit\u00e9s bretonnes. De retour en Bretagne dans les ann\u00e9es 1970, il s\u2019implique pleinement dans le renouveau national et culturel. Avec Yann Goasdou\u00e9, il anime le foyer culturel de Menez Kamm \u00e0 Sp\u00e9zet, ce lieu mythique qui devint un phare de la r\u00e9sistance culturelle bretonne face \u00e0 l\u2019uniformisation fran\u00e7aise.<\/span><\/p>\n<p style=\"text-align: justify;\"><span style=\"font-family: arial, helvetica, sans-serif; font-size: 14pt;\"> Mais c\u2019est surtout dans le domaine de l\u2019enseignement de la langue bretonne que Yannig Baron laisse une empreinte ind\u00e9l\u00e9bile.En 1990, il fonde Dihun, l\u2019association de parents d\u2019\u00e9l\u00e8ves pour le d\u00e9veloppement de l\u2019enseignement bilingue breton-fran\u00e7ais dans les \u00e9coles priv\u00e9es catholiques. \u00c0 l\u2019origine du Programme multilingue breton, il permet \u00e0 des milliers d\u2019enfants d\u2019apprendre le breton tout en associant une langue internationale au bilinguisme. Infatigable, il d\u00e9fend l\u2019enseignement immersif dans toutes les fili\u00e8res : publiques (Diwan), catholiques (Dihun) et la\u00efques (Divyez). Il transcende les clivages pour unir les forces vives de l&rsquo;Emsav. Ses m\u00e9thodes non violentes marquent les esprits : plusieurs gr\u00e8ves de la faim, longues et d\u00e9termin\u00e9es, forcent les autorit\u00e9s fran\u00e7aises \u00e0 des concessions sur l\u2019enseignement bilingue. En 1998, en 2006, et \u00e0 d\u2019autres reprises, il met sa sant\u00e9 en jeu pour alerter l\u2019opinion et obtenir des avanc\u00e9es concr\u00e8tes. Ces actions radicales mais pacifiques sensibilisent des g\u00e9n\u00e9rations enti\u00e8res \u00e0 la cause de la langue bretonne, menac\u00e9e d\u2019extinction par la politique d&rsquo;\u00e9radication men\u00e9e par l&rsquo;\u00c9tat fran\u00e7ais. <\/span><\/p>\n<p style=\"text-align: justify;\"><span style=\"font-family: arial, helvetica, sans-serif; font-size: 14pt;\">Politiquement engag\u00e9, Yannig Baron milite au sein du Mouvement pour l\u2019organisation de la Bretagne (MOB). Candidat \u00e0 de nombreuses \u00e9lections \u2013 d\u00e9partementales, r\u00e9gionales, l\u00e9gislatives \u2013, il porte la voix de l\u2019\u00e9mancipation nationale bretonne. Jusqu\u2019\u00e0 un \u00e2ge avanc\u00e9, il reste actif, \u0153uvrant pour l\u2019\u00e9mancipation nationale. Yannig Baron incarnait une vision politique profonde de la Bretagne comme nation \u00e0 part enti\u00e8re. Reconnu pour ses efforts, il re\u00e7oit en 2004 le collier de l\u2019Ordre de l\u2019Hermine et fut nomin\u00e9 \u00ab Breton de l\u2019ann\u00e9e \u00bb par Armor Magazine en 2000. Il joue un r\u00f4le d\u00e9cisif dans l\u2019accueil du pape Jean-Paul II \u00e0 Sainte-Anne-d\u2019Auray en 1996, veillant \u00e0 ce que la visite papale soit marqu\u00e9e par la langue et les traditions bretonnes.<\/span><\/p>\n<p style=\"text-align: justify;\"><span style=\"font-family: arial, helvetica, sans-serif; font-size: 14pt;\">Grande gueule assum\u00e9e, toujours dr\u00f4le et jusqu\u2019au-boutiste, Yannig Baron \u00e9tait un homme capable de f\u00e9d\u00e9rer. Sa disparition laisse un grand vide en Bretagne. Des dizaines de milliers d\u2019enfants ont appris le breton gr\u00e2ce \u00e0 lui ; des g\u00e9n\u00e9rations de militants se sont inspir\u00e9es de son engagement intransigeant. <\/span><\/p>\n<p style=\"text-align: justify;\"><span style=\"font-family: arial, helvetica, sans-serif; font-size: 14pt;\">Les obs\u00e8ques de Yannig Baron se tiendront en breton le samedi 20 d\u00e9cembre 2025 \u00e0 14 h 30 en l\u2019\u00e9glise Notre-Dame de Lourdes \u00e0 Vannes. La Bretagne tout enti\u00e8re lui rendra hommage, car il fut l\u2019un de ses plus fervents serviteurs. Son \u0153uvre perdure et inspire la lutte pour une Bretagne libre, forte et fi\u00e8re. <\/span><\/p>\n<p style=\"text-align: right;\"><span style=\"font-size: 14pt;\"><strong><span style=\"font-family: arial, helvetica, sans-serif;\">Budig Gourmaelon<\/span><\/strong><\/span><\/p>\n","protected":false},"excerpt":{"rendered":"<p>EMSAV &#8211; La Bretagne vient de perdre l\u2019une de ses figures embl\u00e9matiques. Yannig Baron s\u2019est \u00e9teint le 15 d\u00e9cembre 2025 \u00e0 Gwened (Vannes), \u00e0 l\u2019\u00e2ge de 89 ans. N\u00e9 le 26 octobre 1936 sur l\u2019\u00eele de Groe (Groix), dans une famille nombreuse impr\u00e9gn\u00e9e des traditions insulaires, ce petit-fils de marin-p\u00eacheur \u2013 celui-l\u00e0 m\u00eame qui introduisit [&hellip;]<\/p>\n","protected":false},"author":1,"featured_media":5330,"comment_status":"open","ping_status":"open","sticky":false,"template":"","format":"standard","meta":{"sb_editor_width":"","footnotes":""},"categories":[58,74,65],"tags":[],"class_list":["post-5329","post","type-post","status-publish","format-standard","has-post-thumbnail","hentry","category-breizh","category-emsav","category-principale"],"relative_dates":{"created":"4 mois ago","modified":"4 mois ago"},"yoast_head":"<!-- This site is optimized with the Yoast SEO plugin v26.3 - https:\/\/yoast.com\/wordpress\/plugins\/seo\/ -->\n<title>Disparition de Yannig Baron : une vie d\u00e9di\u00e9e \u00e0 l\u2019\u00e9mancipation culturelle et nationale de la Bretagne - STOURM<\/title>\n<meta name=\"robots\" content=\"index, follow, max-snippet:-1, max-image-preview:large, max-video-preview:-1\" \/>\n<link rel=\"canonical\" href=\"https:\/\/stourm.news\/?p=5329\" \/>\n<meta property=\"og:locale\" content=\"fr_FR\" \/>\n<meta property=\"og:type\" content=\"article\" \/>\n<meta property=\"og:title\" content=\"Disparition de Yannig Baron : une vie d\u00e9di\u00e9e \u00e0 l\u2019\u00e9mancipation culturelle et nationale de la Bretagne - STOURM\" \/>\n<meta property=\"og:description\" content=\"EMSAV &#8211; La Bretagne vient de perdre l\u2019une de ses figures embl\u00e9matiques. Yannig Baron s\u2019est \u00e9teint le 15 d\u00e9cembre 2025 \u00e0 Gwened (Vannes), \u00e0 l\u2019\u00e2ge de 89 ans. N\u00e9 le 26 octobre 1936 sur l\u2019\u00eele de Groe (Groix), dans une famille nombreuse impr\u00e9gn\u00e9e des traditions insulaires, ce petit-fils de marin-p\u00eacheur \u2013 celui-l\u00e0 m\u00eame qui introduisit [&hellip;]\" \/>\n<meta property=\"og:url\" content=\"https:\/\/stourm.news\/?p=5329\" \/>\n<meta property=\"og:site_name\" content=\"STOURM\" \/>\n<meta property=\"article:publisher\" content=\"https:\/\/www.facebook.com\/stourmnews\/\" \/>\n<meta property=\"article:published_time\" content=\"2025-12-17T16:26:09+00:00\" \/>\n<meta name=\"author\" content=\"La r\u00e9daction\" \/>\n<meta name=\"twitter:card\" content=\"summary_large_image\" \/>\n<meta name=\"twitter:label1\" content=\"\u00c9crit par\" \/>\n\t<meta name=\"twitter:data1\" content=\"La r\u00e9daction\" \/>\n\t<meta name=\"twitter:label2\" content=\"Dur\u00e9e de lecture estim\u00e9e\" \/>\n\t<meta name=\"twitter:data2\" content=\"3 minutes\" \/>\n<script type=\"application\/ld+json\" class=\"yoast-schema-graph\">{\"@context\":\"https:\/\/schema.org\",\"@graph\":[{\"@type\":\"Article\",\"@id\":\"https:\/\/stourm.news\/?p=5329#article\",\"isPartOf\":{\"@id\":\"https:\/\/stourm.news\/?p=5329\"},\"author\":{\"name\":\"La r\u00e9daction\",\"@id\":\"https:\/\/stourm.news\/#\/schema\/person\/c3e1dc65988632e190969234ef046cf9\"},\"headline\":\"Disparition de Yannig Baron : une vie d\u00e9di\u00e9e \u00e0 l\u2019\u00e9mancipation culturelle et nationale de la Bretagne\",\"datePublished\":\"2025-12-17T16:26:09+00:00\",\"mainEntityOfPage\":{\"@id\":\"https:\/\/stourm.news\/?p=5329\"},\"wordCount\":642,\"commentCount\":0,\"publisher\":{\"@id\":\"https:\/\/stourm.news\/#organization\"},\"image\":{\"@id\":\"https:\/\/stourm.news\/?p=5329#primaryimage\"},\"thumbnailUrl\":\"https:\/\/stourm.news\/wp-content\/uploads\/2025\/12\/MjAyNTEyNDdlNDlhYTcxNGY3N2JkMGJhYWU4ZDUyMDhiZDA4MmQ.avif\",\"articleSection\":[\"Breizh\",\"Emsav\",\"Principale\"],\"inLanguage\":\"fr-FR\",\"potentialAction\":[{\"@type\":\"CommentAction\",\"name\":\"Comment\",\"target\":[\"https:\/\/stourm.news\/?p=5329#respond\"]}]},{\"@type\":\"WebPage\",\"@id\":\"https:\/\/stourm.news\/?p=5329\",\"url\":\"https:\/\/stourm.news\/?p=5329\",\"name\":\"Disparition de Yannig Baron : une vie d\u00e9di\u00e9e \u00e0 l\u2019\u00e9mancipation culturelle et nationale de la Bretagne - STOURM\",\"isPartOf\":{\"@id\":\"https:\/\/stourm.news\/#website\"},\"primaryImageOfPage\":{\"@id\":\"https:\/\/stourm.news\/?p=5329#primaryimage\"},\"image\":{\"@id\":\"https:\/\/stourm.news\/?p=5329#primaryimage\"},\"thumbnailUrl\":\"https:\/\/stourm.news\/wp-content\/uploads\/2025\/12\/MjAyNTEyNDdlNDlhYTcxNGY3N2JkMGJhYWU4ZDUyMDhiZDA4MmQ.avif\",\"datePublished\":\"2025-12-17T16:26:09+00:00\",\"breadcrumb\":{\"@id\":\"https:\/\/stourm.news\/?p=5329#breadcrumb\"},\"inLanguage\":\"fr-FR\",\"potentialAction\":[{\"@type\":\"ReadAction\",\"target\":[\"https:\/\/stourm.news\/?p=5329\"]}]},{\"@type\":\"ImageObject\",\"inLanguage\":\"fr-FR\",\"@id\":\"https:\/\/stourm.news\/?p=5329#primaryimage\",\"url\":\"https:\/\/stourm.news\/wp-content\/uploads\/2025\/12\/MjAyNTEyNDdlNDlhYTcxNGY3N2JkMGJhYWU4ZDUyMDhiZDA4MmQ.avif\",\"contentUrl\":\"https:\/\/stourm.news\/wp-content\/uploads\/2025\/12\/MjAyNTEyNDdlNDlhYTcxNGY3N2JkMGJhYWU4ZDUyMDhiZDA4MmQ.avif\",\"width\":1260,\"height\":708},{\"@type\":\"BreadcrumbList\",\"@id\":\"https:\/\/stourm.news\/?p=5329#breadcrumb\",\"itemListElement\":[{\"@type\":\"ListItem\",\"position\":1,\"name\":\"Accueil\",\"item\":\"https:\/\/stourm.news\/\"},{\"@type\":\"ListItem\",\"position\":2,\"name\":\"Disparition de Yannig Baron : une vie d\u00e9di\u00e9e \u00e0 l\u2019\u00e9mancipation culturelle et nationale de la Bretagne\"}]},{\"@type\":\"WebSite\",\"@id\":\"https:\/\/stourm.news\/#website\",\"url\":\"https:\/\/stourm.news\/\",\"name\":\"Stourm\",\"description\":\"Kazetenn Strollad Broadel Breizh\",\"publisher\":{\"@id\":\"https:\/\/stourm.news\/#organization\"},\"potentialAction\":[{\"@type\":\"SearchAction\",\"target\":{\"@type\":\"EntryPoint\",\"urlTemplate\":\"https:\/\/stourm.news\/?s={search_term_string}\"},\"query-input\":{\"@type\":\"PropertyValueSpecification\",\"valueRequired\":true,\"valueName\":\"search_term_string\"}}],\"inLanguage\":\"fr-FR\"},{\"@type\":\"Organization\",\"@id\":\"https:\/\/stourm.news\/#organization\",\"name\":\"Stourm\",\"url\":\"https:\/\/stourm.news\/\",\"logo\":{\"@type\":\"ImageObject\",\"inLanguage\":\"fr-FR\",\"@id\":\"https:\/\/stourm.news\/#\/schema\/logo\/image\/\",\"url\":\"https:\/\/stourm.news\/wp-content\/uploads\/2025\/11\/cropped-Capture-decran-2025-11-28-a-15.19.07.png\",\"contentUrl\":\"https:\/\/stourm.news\/wp-content\/uploads\/2025\/11\/cropped-Capture-decran-2025-11-28-a-15.19.07.png\",\"width\":1855,\"height\":383,\"caption\":\"Stourm\"},\"image\":{\"@id\":\"https:\/\/stourm.news\/#\/schema\/logo\/image\/\"},\"sameAs\":[\"https:\/\/www.facebook.com\/stourmnews\/\"]},{\"@type\":\"Person\",\"@id\":\"https:\/\/stourm.news\/#\/schema\/person\/c3e1dc65988632e190969234ef046cf9\",\"name\":\"La r\u00e9daction\",\"image\":{\"@type\":\"ImageObject\",\"inLanguage\":\"fr-FR\",\"@id\":\"https:\/\/stourm.news\/#\/schema\/person\/image\/\",\"url\":\"https:\/\/secure.gravatar.com\/avatar\/7463443f194b6b5fb706b074ca0ef59a0cfcfd720cb47764b0ec5a952ce422b3?s=96&d=mm&r=g\",\"contentUrl\":\"https:\/\/secure.gravatar.com\/avatar\/7463443f194b6b5fb706b074ca0ef59a0cfcfd720cb47764b0ec5a952ce422b3?s=96&d=mm&r=g\",\"caption\":\"La r\u00e9daction\"},\"sameAs\":[\"https:\/\/stourm.news\"],\"url\":\"https:\/\/stourm.news\/?author=1\"}]}<\/script>\n<!-- \/ Yoast SEO plugin. -->","yoast_head_json":{"title":"Disparition de Yannig Baron : une vie d\u00e9di\u00e9e \u00e0 l\u2019\u00e9mancipation culturelle et nationale de la Bretagne - STOURM","robots":{"index":"index","follow":"follow","max-snippet":"max-snippet:-1","max-image-preview":"max-image-preview:large","max-video-preview":"max-video-preview:-1"},"canonical":"https:\/\/stourm.news\/?p=5329","og_locale":"fr_FR","og_type":"article","og_title":"Disparition de Yannig Baron : une vie d\u00e9di\u00e9e \u00e0 l\u2019\u00e9mancipation culturelle et nationale de la Bretagne - STOURM","og_description":"EMSAV &#8211; La Bretagne vient de perdre l\u2019une de ses figures embl\u00e9matiques. Yannig Baron s\u2019est \u00e9teint le 15 d\u00e9cembre 2025 \u00e0 Gwened (Vannes), \u00e0 l\u2019\u00e2ge de 89 ans. N\u00e9 le 26 octobre 1936 sur l\u2019\u00eele de Groe (Groix), dans une famille nombreuse impr\u00e9gn\u00e9e des traditions insulaires, ce petit-fils de marin-p\u00eacheur \u2013 celui-l\u00e0 m\u00eame qui introduisit [&hellip;]","og_url":"https:\/\/stourm.news\/?p=5329","og_site_name":"STOURM","article_publisher":"https:\/\/www.facebook.com\/stourmnews\/","article_published_time":"2025-12-17T16:26:09+00:00","author":"La r\u00e9daction","twitter_card":"summary_large_image","twitter_misc":{"\u00c9crit par":"La r\u00e9daction","Dur\u00e9e de lecture estim\u00e9e":"3 minutes"},"schema":{"@context":"https:\/\/schema.org","@graph":[{"@type":"Article","@id":"https:\/\/stourm.news\/?p=5329#article","isPartOf":{"@id":"https:\/\/stourm.news\/?p=5329"},"author":{"name":"La r\u00e9daction","@id":"https:\/\/stourm.news\/#\/schema\/person\/c3e1dc65988632e190969234ef046cf9"},"headline":"Disparition de Yannig Baron : une vie d\u00e9di\u00e9e \u00e0 l\u2019\u00e9mancipation culturelle et nationale de la Bretagne","datePublished":"2025-12-17T16:26:09+00:00","mainEntityOfPage":{"@id":"https:\/\/stourm.news\/?p=5329"},"wordCount":642,"commentCount":0,"publisher":{"@id":"https:\/\/stourm.news\/#organization"},"image":{"@id":"https:\/\/stourm.news\/?p=5329#primaryimage"},"thumbnailUrl":"https:\/\/stourm.news\/wp-content\/uploads\/2025\/12\/MjAyNTEyNDdlNDlhYTcxNGY3N2JkMGJhYWU4ZDUyMDhiZDA4MmQ.avif","articleSection":["Breizh","Emsav","Principale"],"inLanguage":"fr-FR","potentialAction":[{"@type":"CommentAction","name":"Comment","target":["https:\/\/stourm.news\/?p=5329#respond"]}]},{"@type":"WebPage","@id":"https:\/\/stourm.news\/?p=5329","url":"https:\/\/stourm.news\/?p=5329","name":"Disparition de Yannig Baron : une vie d\u00e9di\u00e9e \u00e0 l\u2019\u00e9mancipation culturelle et nationale de la Bretagne - STOURM","isPartOf":{"@id":"https:\/\/stourm.news\/#website"},"primaryImageOfPage":{"@id":"https:\/\/stourm.news\/?p=5329#primaryimage"},"image":{"@id":"https:\/\/stourm.news\/?p=5329#primaryimage"},"thumbnailUrl":"https:\/\/stourm.news\/wp-content\/uploads\/2025\/12\/MjAyNTEyNDdlNDlhYTcxNGY3N2JkMGJhYWU4ZDUyMDhiZDA4MmQ.avif","datePublished":"2025-12-17T16:26:09+00:00","breadcrumb":{"@id":"https:\/\/stourm.news\/?p=5329#breadcrumb"},"inLanguage":"fr-FR","potentialAction":[{"@type":"ReadAction","target":["https:\/\/stourm.news\/?p=5329"]}]},{"@type":"ImageObject","inLanguage":"fr-FR","@id":"https:\/\/stourm.news\/?p=5329#primaryimage","url":"https:\/\/stourm.news\/wp-content\/uploads\/2025\/12\/MjAyNTEyNDdlNDlhYTcxNGY3N2JkMGJhYWU4ZDUyMDhiZDA4MmQ.avif","contentUrl":"https:\/\/stourm.news\/wp-content\/uploads\/2025\/12\/MjAyNTEyNDdlNDlhYTcxNGY3N2JkMGJhYWU4ZDUyMDhiZDA4MmQ.avif","width":1260,"height":708},{"@type":"BreadcrumbList","@id":"https:\/\/stourm.news\/?p=5329#breadcrumb","itemListElement":[{"@type":"ListItem","position":1,"name":"Accueil","item":"https:\/\/stourm.news\/"},{"@type":"ListItem","position":2,"name":"Disparition de Yannig Baron : une vie d\u00e9di\u00e9e \u00e0 l\u2019\u00e9mancipation culturelle et nationale de la Bretagne"}]},{"@type":"WebSite","@id":"https:\/\/stourm.news\/#website","url":"https:\/\/stourm.news\/","name":"Stourm","description":"Kazetenn Strollad Broadel Breizh","publisher":{"@id":"https:\/\/stourm.news\/#organization"},"potentialAction":[{"@type":"SearchAction","target":{"@type":"EntryPoint","urlTemplate":"https:\/\/stourm.news\/?s={search_term_string}"},"query-input":{"@type":"PropertyValueSpecification","valueRequired":true,"valueName":"search_term_string"}}],"inLanguage":"fr-FR"},{"@type":"Organization","@id":"https:\/\/stourm.news\/#organization","name":"Stourm","url":"https:\/\/stourm.news\/","logo":{"@type":"ImageObject","inLanguage":"fr-FR","@id":"https:\/\/stourm.news\/#\/schema\/logo\/image\/","url":"https:\/\/stourm.news\/wp-content\/uploads\/2025\/11\/cropped-Capture-decran-2025-11-28-a-15.19.07.png","contentUrl":"https:\/\/stourm.news\/wp-content\/uploads\/2025\/11\/cropped-Capture-decran-2025-11-28-a-15.19.07.png","width":1855,"height":383,"caption":"Stourm"},"image":{"@id":"https:\/\/stourm.news\/#\/schema\/logo\/image\/"},"sameAs":["https:\/\/www.facebook.com\/stourmnews\/"]},{"@type":"Person","@id":"https:\/\/stourm.news\/#\/schema\/person\/c3e1dc65988632e190969234ef046cf9","name":"La r\u00e9daction","image":{"@type":"ImageObject","inLanguage":"fr-FR","@id":"https:\/\/stourm.news\/#\/schema\/person\/image\/","url":"https:\/\/secure.gravatar.com\/avatar\/7463443f194b6b5fb706b074ca0ef59a0cfcfd720cb47764b0ec5a952ce422b3?s=96&d=mm&r=g","contentUrl":"https:\/\/secure.gravatar.com\/avatar\/7463443f194b6b5fb706b074ca0ef59a0cfcfd720cb47764b0ec5a952ce422b3?s=96&d=mm&r=g","caption":"La r\u00e9daction"},"sameAs":["https:\/\/stourm.news"],"url":"https:\/\/stourm.news\/?author=1"}]}},"_links":{"self":[{"href":"https:\/\/stourm.news\/index.php?rest_route=\/wp\/v2\/posts\/5329","targetHints":{"allow":["GET"]}}],"collection":[{"href":"https:\/\/stourm.news\/index.php?rest_route=\/wp\/v2\/posts"}],"about":[{"href":"https:\/\/stourm.news\/index.php?rest_route=\/wp\/v2\/types\/post"}],"author":[{"embeddable":true,"href":"https:\/\/stourm.news\/index.php?rest_route=\/wp\/v2\/users\/1"}],"replies":[{"embeddable":true,"href":"https:\/\/stourm.news\/index.php?rest_route=%2Fwp%2Fv2%2Fcomments&post=5329"}],"version-history":[{"count":1,"href":"https:\/\/stourm.news\/index.php?rest_route=\/wp\/v2\/posts\/5329\/revisions"}],"predecessor-version":[{"id":5331,"href":"https:\/\/stourm.news\/index.php?rest_route=\/wp\/v2\/posts\/5329\/revisions\/5331"}],"wp:featuredmedia":[{"embeddable":true,"href":"https:\/\/stourm.news\/index.php?rest_route=\/wp\/v2\/media\/5330"}],"wp:attachment":[{"href":"https:\/\/stourm.news\/index.php?rest_route=%2Fwp%2Fv2%2Fmedia&parent=5329"}],"wp:term":[{"taxonomy":"category","embeddable":true,"href":"https:\/\/stourm.news\/index.php?rest_route=%2Fwp%2Fv2%2Fcategories&post=5329"},{"taxonomy":"post_tag","embeddable":true,"href":"https:\/\/stourm.news\/index.php?rest_route=%2Fwp%2Fv2%2Ftags&post=5329"}],"curies":[{"name":"wp","href":"https:\/\/api.w.org\/{rel}","templated":true}]}}