{"id":5332,"date":"2025-12-18T10:57:16","date_gmt":"2025-12-18T10:57:16","guid":{"rendered":"https:\/\/stourm.news\/?p=5332"},"modified":"2025-12-18T11:14:11","modified_gmt":"2025-12-18T11:14:11","slug":"rennes-lextreme-gauche-francaise-organise-une-manifestation-pour-exiger-laugmentation-de-limmigration-clandestine","status":"publish","type":"post","link":"https:\/\/stourm.news\/?p=5332","title":{"rendered":"Rennes : l&rsquo;extr\u00eame-gauche fran\u00e7aise organise une manifestation pour exiger l&rsquo;augmentation de l&rsquo;immigration clandestine"},"content":{"rendered":"<p style=\"text-align: justify;\"><span style=\"font-family: arial, helvetica, sans-serif; font-size: 14pt;\">Le 18 d\u00e9cembre 2025, des collectifs d\u2019extr\u00eame gauche, syndicats radicaux et associations pro-immigration massive appellent \u00e0 une mobilisation nationale sous le slogan provocateur \u00ab Une journ\u00e9e sans nous : si on s\u2019arr\u00eate, tout s\u2019arr\u00eate ! \u00bb indique <strong><a href=\"https:\/\/www.rennes-infos-autrement.fr\/sans-les-migrants-tout-sarrete\/\">Rennes Infos Autrement<\/a><\/strong>. \u00c0 Roazhon (Rennes), cette agitation culmine avec une \u00ab\u00a0manifestation aux flambeaux\u00a0\u00bb au parc de Maurepas, un quartier breton d\u00e9j\u00e0 gangr\u00e9n\u00e9 par des campements ill\u00e9gaux et une ins\u00e9curit\u00e9 grandissante.<\/span><\/p>\n<p style=\"text-align: justify;\"><strong><span style=\"font-family: arial, helvetica, sans-serif; font-size: 14pt;\">Une menace pour la souverainet\u00e9 et l\u2019identit\u00e9 bretonne\u00a0<\/span><\/strong><\/p>\n<p style=\"text-align: justify;\"><span style=\"font-family: arial, helvetica, sans-serif; font-size: 14pt;\">Ces activistes, soutenus par des organisations comme la Marche des Solidarit\u00e9s et des syndicats comme la FSU, pr\u00e9tendent que la Bretagne ne pourrait fonctionner sans une immigration clandestine massive. Ils encouragent des absences au travail, \u00e0 l\u2019\u00e9cole et dans les commerces pour \u00ab prouver \u00bb cette d\u00e9pendance factice. Selon l\u2019OCDE et la Fondation IFRAP, la contribution nette des immigr\u00e9s hors UE est souvent n\u00e9gative, avec un ratio budg\u00e9taire inf\u00e9rieur \u00e0 celui des natifs (0,938 en France) et un d\u00e9ficit pouvant atteindre 0,53 % du PIB. La lutte contre l\u2019immigration irr\u00e9guli\u00e8re co\u00fbte d\u00e9j\u00e0 1,8 milliard d\u2019euros par an, sans compter les surco\u00fbts en prestations sociales et en h\u00e9bergement d\u2019urgence.<\/span><\/p>\n<p style=\"text-align: justify;\"><strong><span style=\"font-family: arial, helvetica, sans-serif; font-size: 14pt;\">Maurepas, symbole du laxisme immigrationniste en Bretagne<\/span><\/strong><\/p>\n<p style=\"text-align: justify;\"><span style=\"font-family: arial, helvetica, sans-serif; font-size: 14pt;\">\u00c0 Rennes, dans le quartier de Maurepas, ces extr\u00e9mistes exploitent une situation qu\u2019ils ont eux-m\u00eames contribu\u00e9 \u00e0 cr\u00e9er. Des centaines de migrants ont occup\u00e9 ill\u00e9galement parcs et b\u00e2timents publics : campements de tentes insalubres au parc de Maurepas pendant des mois, puis squat d\u2019un centre social \u00e9vacu\u00e9 d\u00e9but d\u00e9cembre 2025. Ces occupations ont g\u00e9n\u00e9r\u00e9 ins\u00e9curit\u00e9, insalubrit\u00e9 et tensions pour les habitants bretons, qui voient leur quartier transform\u00e9 en zone de non-droit.<\/span><\/p>\n<p style=\"text-align: justify;\"><span style=\"font-family: arial, helvetica, sans-serif; font-size: 14pt;\">Au lieu d\u2019exiger l\u2019application stricte de la loi et les expulsions, ces militants r\u00e9clament la r\u00e9gularisation massive, l\u2019abrogation de la loi Darmanin et la fermeture des centres de r\u00e9tention. Des revendications utopiques qui encourageraient plus d\u2019arriv\u00e9es ill\u00e9gales et accentueraient la pression sur nos services publics bretons. <\/span><\/p>\n<p style=\"text-align: justify;\"><span style=\"font-family: arial, helvetica, sans-serif; font-size: 14pt;\">Les Bretons m\u00e9ritent une politique migratoire tr\u00e8s ferme. Leur s\u00e9curit\u00e9 et leur avenir d\u00e9mographique en d\u00e9pendent. Il est temps de reprendre le contr\u00f4le : pour une Bretagne forte, unie et ma\u00eetre de son destin. <\/span><\/p>\n<p style=\"text-align: right;\"><strong><span style=\"font-family: arial, helvetica, sans-serif; font-size: 14pt;\">Budig Gourmaelon<\/span><\/strong><\/p>\n","protected":false},"excerpt":{"rendered":"<p>Le 18 d\u00e9cembre 2025, des collectifs d\u2019extr\u00eame gauche, syndicats radicaux et associations pro-immigration massive appellent \u00e0 une mobilisation nationale sous le slogan provocateur \u00ab Une journ\u00e9e sans nous : si on s\u2019arr\u00eate, tout s\u2019arr\u00eate ! \u00bb indique Rennes Infos Autrement. \u00c0 Roazhon (Rennes), cette agitation culmine avec une \u00ab\u00a0manifestation aux flambeaux\u00a0\u00bb au parc de Maurepas, [&hellip;]<\/p>\n","protected":false},"author":1,"featured_media":5334,"comment_status":"open","ping_status":"open","sticky":false,"template":"","format":"standard","meta":{"sb_editor_width":"","footnotes":""},"categories":[36,41,33,56,65,62],"tags":[],"class_list":["post-5332","post","type-post","status-publish","format-standard","has-post-thumbnail","hentry","category-extreme-gauche","category-ille-et-vilaine","category-immigration","category-logement","category-principale","category-revue-de-presse"],"relative_dates":{"created":"4 mois ago","modified":"4 mois ago"},"yoast_head":"<!-- This site is optimized with the Yoast SEO plugin v26.3 - https:\/\/yoast.com\/wordpress\/plugins\/seo\/ -->\n<title>Rennes : l&#039;extr\u00eame-gauche fran\u00e7aise organise une manifestation pour exiger l&#039;augmentation de l&#039;immigration clandestine - STOURM<\/title>\n<meta name=\"robots\" content=\"index, follow, max-snippet:-1, max-image-preview:large, max-video-preview:-1\" \/>\n<link rel=\"canonical\" href=\"https:\/\/stourm.news\/?p=5332\" \/>\n<meta property=\"og:locale\" content=\"fr_FR\" \/>\n<meta property=\"og:type\" content=\"article\" \/>\n<meta property=\"og:title\" content=\"Rennes : l&#039;extr\u00eame-gauche fran\u00e7aise organise une manifestation pour exiger l&#039;augmentation de l&#039;immigration clandestine - STOURM\" \/>\n<meta property=\"og:description\" content=\"Le 18 d\u00e9cembre 2025, des collectifs d\u2019extr\u00eame gauche, syndicats radicaux et associations pro-immigration massive appellent \u00e0 une mobilisation nationale sous le slogan provocateur \u00ab Une journ\u00e9e sans nous : si on s\u2019arr\u00eate, tout s\u2019arr\u00eate ! \u00bb indique Rennes Infos Autrement. \u00c0 Roazhon (Rennes), cette agitation culmine avec une \u00ab\u00a0manifestation aux flambeaux\u00a0\u00bb au parc de Maurepas, [&hellip;]\" \/>\n<meta property=\"og:url\" content=\"https:\/\/stourm.news\/?p=5332\" \/>\n<meta property=\"og:site_name\" content=\"STOURM\" \/>\n<meta property=\"article:publisher\" content=\"https:\/\/www.facebook.com\/stourmnews\/\" \/>\n<meta property=\"article:published_time\" content=\"2025-12-18T10:57:16+00:00\" \/>\n<meta property=\"article:modified_time\" content=\"2025-12-18T11:14:11+00:00\" \/>\n<meta property=\"og:image\" content=\"https:\/\/stourm.news\/wp-content\/uploads\/2025\/12\/852436c55a3284e8ffda9855c3afac3130e2a2ba.jpg\" \/>\n\t<meta property=\"og:image:width\" content=\"1024\" \/>\n\t<meta property=\"og:image:height\" content=\"630\" \/>\n\t<meta property=\"og:image:type\" content=\"image\/jpeg\" \/>\n<meta name=\"author\" content=\"La r\u00e9daction\" \/>\n<meta name=\"twitter:card\" content=\"summary_large_image\" \/>\n<meta name=\"twitter:label1\" content=\"\u00c9crit par\" \/>\n\t<meta name=\"twitter:data1\" content=\"La r\u00e9daction\" \/>\n\t<meta name=\"twitter:label2\" content=\"Dur\u00e9e de lecture estim\u00e9e\" \/>\n\t<meta name=\"twitter:data2\" content=\"2 minutes\" \/>\n<script type=\"application\/ld+json\" class=\"yoast-schema-graph\">{\"@context\":\"https:\/\/schema.org\",\"@graph\":[{\"@type\":\"Article\",\"@id\":\"https:\/\/stourm.news\/?p=5332#article\",\"isPartOf\":{\"@id\":\"https:\/\/stourm.news\/?p=5332\"},\"author\":{\"name\":\"La r\u00e9daction\",\"@id\":\"https:\/\/stourm.news\/#\/schema\/person\/c3e1dc65988632e190969234ef046cf9\"},\"headline\":\"Rennes : l&rsquo;extr\u00eame-gauche fran\u00e7aise organise une manifestation pour exiger l&rsquo;augmentation de l&rsquo;immigration clandestine\",\"datePublished\":\"2025-12-18T10:57:16+00:00\",\"dateModified\":\"2025-12-18T11:14:11+00:00\",\"mainEntityOfPage\":{\"@id\":\"https:\/\/stourm.news\/?p=5332\"},\"wordCount\":400,\"commentCount\":0,\"publisher\":{\"@id\":\"https:\/\/stourm.news\/#organization\"},\"image\":{\"@id\":\"https:\/\/stourm.news\/?p=5332#primaryimage\"},\"thumbnailUrl\":\"https:\/\/stourm.news\/wp-content\/uploads\/2025\/12\/852436c55a3284e8ffda9855c3afac3130e2a2ba.jpg\",\"articleSection\":[\"Extr\u00eame-gauche\",\"Ille-et-Vilaine\",\"Immigration\",\"Logement\",\"Principale\",\"Revue de presse\"],\"inLanguage\":\"fr-FR\",\"potentialAction\":[{\"@type\":\"CommentAction\",\"name\":\"Comment\",\"target\":[\"https:\/\/stourm.news\/?p=5332#respond\"]}]},{\"@type\":\"WebPage\",\"@id\":\"https:\/\/stourm.news\/?p=5332\",\"url\":\"https:\/\/stourm.news\/?p=5332\",\"name\":\"Rennes : l'extr\u00eame-gauche fran\u00e7aise organise une manifestation pour exiger l'augmentation de l'immigration clandestine - STOURM\",\"isPartOf\":{\"@id\":\"https:\/\/stourm.news\/#website\"},\"primaryImageOfPage\":{\"@id\":\"https:\/\/stourm.news\/?p=5332#primaryimage\"},\"image\":{\"@id\":\"https:\/\/stourm.news\/?p=5332#primaryimage\"},\"thumbnailUrl\":\"https:\/\/stourm.news\/wp-content\/uploads\/2025\/12\/852436c55a3284e8ffda9855c3afac3130e2a2ba.jpg\",\"datePublished\":\"2025-12-18T10:57:16+00:00\",\"dateModified\":\"2025-12-18T11:14:11+00:00\",\"breadcrumb\":{\"@id\":\"https:\/\/stourm.news\/?p=5332#breadcrumb\"},\"inLanguage\":\"fr-FR\",\"potentialAction\":[{\"@type\":\"ReadAction\",\"target\":[\"https:\/\/stourm.news\/?p=5332\"]}]},{\"@type\":\"ImageObject\",\"inLanguage\":\"fr-FR\",\"@id\":\"https:\/\/stourm.news\/?p=5332#primaryimage\",\"url\":\"https:\/\/stourm.news\/wp-content\/uploads\/2025\/12\/852436c55a3284e8ffda9855c3afac3130e2a2ba.jpg\",\"contentUrl\":\"https:\/\/stourm.news\/wp-content\/uploads\/2025\/12\/852436c55a3284e8ffda9855c3afac3130e2a2ba.jpg\",\"width\":1024,\"height\":630},{\"@type\":\"BreadcrumbList\",\"@id\":\"https:\/\/stourm.news\/?p=5332#breadcrumb\",\"itemListElement\":[{\"@type\":\"ListItem\",\"position\":1,\"name\":\"Accueil\",\"item\":\"https:\/\/stourm.news\/\"},{\"@type\":\"ListItem\",\"position\":2,\"name\":\"Rennes : l&rsquo;extr\u00eame-gauche fran\u00e7aise organise une manifestation pour exiger l&rsquo;augmentation de l&rsquo;immigration clandestine\"}]},{\"@type\":\"WebSite\",\"@id\":\"https:\/\/stourm.news\/#website\",\"url\":\"https:\/\/stourm.news\/\",\"name\":\"Stourm\",\"description\":\"Kazetenn Strollad Broadel Breizh\",\"publisher\":{\"@id\":\"https:\/\/stourm.news\/#organization\"},\"potentialAction\":[{\"@type\":\"SearchAction\",\"target\":{\"@type\":\"EntryPoint\",\"urlTemplate\":\"https:\/\/stourm.news\/?s={search_term_string}\"},\"query-input\":{\"@type\":\"PropertyValueSpecification\",\"valueRequired\":true,\"valueName\":\"search_term_string\"}}],\"inLanguage\":\"fr-FR\"},{\"@type\":\"Organization\",\"@id\":\"https:\/\/stourm.news\/#organization\",\"name\":\"Stourm\",\"url\":\"https:\/\/stourm.news\/\",\"logo\":{\"@type\":\"ImageObject\",\"inLanguage\":\"fr-FR\",\"@id\":\"https:\/\/stourm.news\/#\/schema\/logo\/image\/\",\"url\":\"https:\/\/stourm.news\/wp-content\/uploads\/2025\/11\/cropped-Capture-decran-2025-11-28-a-15.19.07.png\",\"contentUrl\":\"https:\/\/stourm.news\/wp-content\/uploads\/2025\/11\/cropped-Capture-decran-2025-11-28-a-15.19.07.png\",\"width\":1855,\"height\":383,\"caption\":\"Stourm\"},\"image\":{\"@id\":\"https:\/\/stourm.news\/#\/schema\/logo\/image\/\"},\"sameAs\":[\"https:\/\/www.facebook.com\/stourmnews\/\"]},{\"@type\":\"Person\",\"@id\":\"https:\/\/stourm.news\/#\/schema\/person\/c3e1dc65988632e190969234ef046cf9\",\"name\":\"La r\u00e9daction\",\"image\":{\"@type\":\"ImageObject\",\"inLanguage\":\"fr-FR\",\"@id\":\"https:\/\/stourm.news\/#\/schema\/person\/image\/\",\"url\":\"https:\/\/secure.gravatar.com\/avatar\/7463443f194b6b5fb706b074ca0ef59a0cfcfd720cb47764b0ec5a952ce422b3?s=96&d=mm&r=g\",\"contentUrl\":\"https:\/\/secure.gravatar.com\/avatar\/7463443f194b6b5fb706b074ca0ef59a0cfcfd720cb47764b0ec5a952ce422b3?s=96&d=mm&r=g\",\"caption\":\"La r\u00e9daction\"},\"sameAs\":[\"https:\/\/stourm.news\"],\"url\":\"https:\/\/stourm.news\/?author=1\"}]}<\/script>\n<!-- \/ Yoast SEO plugin. -->","yoast_head_json":{"title":"Rennes : l'extr\u00eame-gauche fran\u00e7aise organise une manifestation pour exiger l'augmentation de l'immigration clandestine - STOURM","robots":{"index":"index","follow":"follow","max-snippet":"max-snippet:-1","max-image-preview":"max-image-preview:large","max-video-preview":"max-video-preview:-1"},"canonical":"https:\/\/stourm.news\/?p=5332","og_locale":"fr_FR","og_type":"article","og_title":"Rennes : l'extr\u00eame-gauche fran\u00e7aise organise une manifestation pour exiger l'augmentation de l'immigration clandestine - STOURM","og_description":"Le 18 d\u00e9cembre 2025, des collectifs d\u2019extr\u00eame gauche, syndicats radicaux et associations pro-immigration massive appellent \u00e0 une mobilisation nationale sous le slogan provocateur \u00ab Une journ\u00e9e sans nous : si on s\u2019arr\u00eate, tout s\u2019arr\u00eate ! \u00bb indique Rennes Infos Autrement. \u00c0 Roazhon (Rennes), cette agitation culmine avec une \u00ab\u00a0manifestation aux flambeaux\u00a0\u00bb au parc de Maurepas, [&hellip;]","og_url":"https:\/\/stourm.news\/?p=5332","og_site_name":"STOURM","article_publisher":"https:\/\/www.facebook.com\/stourmnews\/","article_published_time":"2025-12-18T10:57:16+00:00","article_modified_time":"2025-12-18T11:14:11+00:00","og_image":[{"width":1024,"height":630,"url":"https:\/\/stourm.news\/wp-content\/uploads\/2025\/12\/852436c55a3284e8ffda9855c3afac3130e2a2ba.jpg","type":"image\/jpeg"}],"author":"La r\u00e9daction","twitter_card":"summary_large_image","twitter_misc":{"\u00c9crit par":"La r\u00e9daction","Dur\u00e9e de lecture estim\u00e9e":"2 minutes"},"schema":{"@context":"https:\/\/schema.org","@graph":[{"@type":"Article","@id":"https:\/\/stourm.news\/?p=5332#article","isPartOf":{"@id":"https:\/\/stourm.news\/?p=5332"},"author":{"name":"La r\u00e9daction","@id":"https:\/\/stourm.news\/#\/schema\/person\/c3e1dc65988632e190969234ef046cf9"},"headline":"Rennes : l&rsquo;extr\u00eame-gauche fran\u00e7aise organise une manifestation pour exiger l&rsquo;augmentation de l&rsquo;immigration clandestine","datePublished":"2025-12-18T10:57:16+00:00","dateModified":"2025-12-18T11:14:11+00:00","mainEntityOfPage":{"@id":"https:\/\/stourm.news\/?p=5332"},"wordCount":400,"commentCount":0,"publisher":{"@id":"https:\/\/stourm.news\/#organization"},"image":{"@id":"https:\/\/stourm.news\/?p=5332#primaryimage"},"thumbnailUrl":"https:\/\/stourm.news\/wp-content\/uploads\/2025\/12\/852436c55a3284e8ffda9855c3afac3130e2a2ba.jpg","articleSection":["Extr\u00eame-gauche","Ille-et-Vilaine","Immigration","Logement","Principale","Revue de presse"],"inLanguage":"fr-FR","potentialAction":[{"@type":"CommentAction","name":"Comment","target":["https:\/\/stourm.news\/?p=5332#respond"]}]},{"@type":"WebPage","@id":"https:\/\/stourm.news\/?p=5332","url":"https:\/\/stourm.news\/?p=5332","name":"Rennes : l'extr\u00eame-gauche fran\u00e7aise organise une manifestation pour exiger l'augmentation de l'immigration clandestine - STOURM","isPartOf":{"@id":"https:\/\/stourm.news\/#website"},"primaryImageOfPage":{"@id":"https:\/\/stourm.news\/?p=5332#primaryimage"},"image":{"@id":"https:\/\/stourm.news\/?p=5332#primaryimage"},"thumbnailUrl":"https:\/\/stourm.news\/wp-content\/uploads\/2025\/12\/852436c55a3284e8ffda9855c3afac3130e2a2ba.jpg","datePublished":"2025-12-18T10:57:16+00:00","dateModified":"2025-12-18T11:14:11+00:00","breadcrumb":{"@id":"https:\/\/stourm.news\/?p=5332#breadcrumb"},"inLanguage":"fr-FR","potentialAction":[{"@type":"ReadAction","target":["https:\/\/stourm.news\/?p=5332"]}]},{"@type":"ImageObject","inLanguage":"fr-FR","@id":"https:\/\/stourm.news\/?p=5332#primaryimage","url":"https:\/\/stourm.news\/wp-content\/uploads\/2025\/12\/852436c55a3284e8ffda9855c3afac3130e2a2ba.jpg","contentUrl":"https:\/\/stourm.news\/wp-content\/uploads\/2025\/12\/852436c55a3284e8ffda9855c3afac3130e2a2ba.jpg","width":1024,"height":630},{"@type":"BreadcrumbList","@id":"https:\/\/stourm.news\/?p=5332#breadcrumb","itemListElement":[{"@type":"ListItem","position":1,"name":"Accueil","item":"https:\/\/stourm.news\/"},{"@type":"ListItem","position":2,"name":"Rennes : l&rsquo;extr\u00eame-gauche fran\u00e7aise organise une manifestation pour exiger l&rsquo;augmentation de l&rsquo;immigration clandestine"}]},{"@type":"WebSite","@id":"https:\/\/stourm.news\/#website","url":"https:\/\/stourm.news\/","name":"Stourm","description":"Kazetenn Strollad Broadel Breizh","publisher":{"@id":"https:\/\/stourm.news\/#organization"},"potentialAction":[{"@type":"SearchAction","target":{"@type":"EntryPoint","urlTemplate":"https:\/\/stourm.news\/?s={search_term_string}"},"query-input":{"@type":"PropertyValueSpecification","valueRequired":true,"valueName":"search_term_string"}}],"inLanguage":"fr-FR"},{"@type":"Organization","@id":"https:\/\/stourm.news\/#organization","name":"Stourm","url":"https:\/\/stourm.news\/","logo":{"@type":"ImageObject","inLanguage":"fr-FR","@id":"https:\/\/stourm.news\/#\/schema\/logo\/image\/","url":"https:\/\/stourm.news\/wp-content\/uploads\/2025\/11\/cropped-Capture-decran-2025-11-28-a-15.19.07.png","contentUrl":"https:\/\/stourm.news\/wp-content\/uploads\/2025\/11\/cropped-Capture-decran-2025-11-28-a-15.19.07.png","width":1855,"height":383,"caption":"Stourm"},"image":{"@id":"https:\/\/stourm.news\/#\/schema\/logo\/image\/"},"sameAs":["https:\/\/www.facebook.com\/stourmnews\/"]},{"@type":"Person","@id":"https:\/\/stourm.news\/#\/schema\/person\/c3e1dc65988632e190969234ef046cf9","name":"La r\u00e9daction","image":{"@type":"ImageObject","inLanguage":"fr-FR","@id":"https:\/\/stourm.news\/#\/schema\/person\/image\/","url":"https:\/\/secure.gravatar.com\/avatar\/7463443f194b6b5fb706b074ca0ef59a0cfcfd720cb47764b0ec5a952ce422b3?s=96&d=mm&r=g","contentUrl":"https:\/\/secure.gravatar.com\/avatar\/7463443f194b6b5fb706b074ca0ef59a0cfcfd720cb47764b0ec5a952ce422b3?s=96&d=mm&r=g","caption":"La r\u00e9daction"},"sameAs":["https:\/\/stourm.news"],"url":"https:\/\/stourm.news\/?author=1"}]}},"_links":{"self":[{"href":"https:\/\/stourm.news\/index.php?rest_route=\/wp\/v2\/posts\/5332","targetHints":{"allow":["GET"]}}],"collection":[{"href":"https:\/\/stourm.news\/index.php?rest_route=\/wp\/v2\/posts"}],"about":[{"href":"https:\/\/stourm.news\/index.php?rest_route=\/wp\/v2\/types\/post"}],"author":[{"embeddable":true,"href":"https:\/\/stourm.news\/index.php?rest_route=\/wp\/v2\/users\/1"}],"replies":[{"embeddable":true,"href":"https:\/\/stourm.news\/index.php?rest_route=%2Fwp%2Fv2%2Fcomments&post=5332"}],"version-history":[{"count":2,"href":"https:\/\/stourm.news\/index.php?rest_route=\/wp\/v2\/posts\/5332\/revisions"}],"predecessor-version":[{"id":5335,"href":"https:\/\/stourm.news\/index.php?rest_route=\/wp\/v2\/posts\/5332\/revisions\/5335"}],"wp:featuredmedia":[{"embeddable":true,"href":"https:\/\/stourm.news\/index.php?rest_route=\/wp\/v2\/media\/5334"}],"wp:attachment":[{"href":"https:\/\/stourm.news\/index.php?rest_route=%2Fwp%2Fv2%2Fmedia&parent=5332"}],"wp:term":[{"taxonomy":"category","embeddable":true,"href":"https:\/\/stourm.news\/index.php?rest_route=%2Fwp%2Fv2%2Fcategories&post=5332"},{"taxonomy":"post_tag","embeddable":true,"href":"https:\/\/stourm.news\/index.php?rest_route=%2Fwp%2Fv2%2Ftags&post=5332"}],"curies":[{"name":"wp","href":"https:\/\/api.w.org\/{rel}","templated":true}]}}