{"id":5355,"date":"2025-12-20T09:12:42","date_gmt":"2025-12-20T09:12:42","guid":{"rendered":"https:\/\/stourm.news\/?p=5355"},"modified":"2025-12-20T09:12:42","modified_gmt":"2025-12-20T09:12:42","slug":"le-parti-national-breton-officialise-ses-statuts","status":"publish","type":"post","link":"https:\/\/stourm.news\/?p=5355","title":{"rendered":"Le Parti National Breton officialise ses statuts !"},"content":{"rendered":"<p style=\"text-align: justify;\"><span style=\"font-family: arial, helvetica, sans-serif; font-size: 14pt;\">En ce mois de d\u00e9cembre 2025, le Parti National Breton \u2013 Strollad Broadel Breizh (PNB-SBB) franchit une \u00e9tape importante : le d\u00e9p\u00f4t de ses statuts en pr\u00e9fecture marque en effet son officialisation en tant que formation politique reconnue. Form\u00e9 en d\u00e9cembre 2021 dans un contexte de renouveau national, le PNB \u00e9mergeait alors comme une r\u00e9ponse urgente aux d\u00e9fis pos\u00e9s \u00e0 notre nation. Quatre ann\u00e9es de maturation, de mobilisation et de r\u00e9flexion ont abouti \u00e0 cette reconnaissance l\u00e9gale, qui n\u2019est pas une fin en soi, mais le socle d\u2019une action amplifi\u00e9e pour l\u2019ind\u00e9pendance et la souverainet\u00e9 de la Bretagne.<\/span><\/p>\n<p style=\"text-align: justify;\"><span style=\"font-family: arial, helvetica, sans-serif; font-size: 14pt;\">Pourquoi cette d\u00e9marche est-elle essentielle ? D\u2019abord, rappelons le contexte. Depuis sa cr\u00e9ation en 2021, le PNB s\u2019est impos\u00e9 comme un mouvement jeune et dynamique, rassemblant des Bretons autour d\u2019une vision claire : restaurer la dignit\u00e9 de notre peuple face \u00e0 l\u2019assimilation fran\u00e7aise. Nous avons organis\u00e9 des actions publiques, des conf\u00e9rences, \u00e9veiller le sentiment national breton par un activisme de terrain permanent. Mais op\u00e9rer en marge du syst\u00e8me politique \u00e9tabli limitait notre impact. L\u2019officialisation du Parti change la donne : elle nous permet d\u2019acc\u00e9der aux financements publics, de participer aux \u00e9lections avec une visibilit\u00e9 accrue, et de structurer nos actions de mani\u00e8re professionnelle. Sans cela, nous resterions une voix marginale ; avec cela, nous devenons une force politique plus identifi\u00e9e et reconnue.<\/span><\/p>\n<p style=\"text-align: justify;\"><span style=\"font-family: arial, helvetica, sans-serif; font-size: 14pt;\">Cette d\u00e9marche est vitale pour ancrer le nationalisme breton dans le quotidien. Sans statut officiel, les initiatives du PNB restaient informelles et vuln\u00e9rables \u00e0 des rumeurs hostiles. L\u2019officialisation renforce notre combat pour une Bretagne r\u00e9unie et ind\u00e9pendante, nous donne les outils l\u00e9gaux pour pousser \u00e0 une \u00e9mancipation r\u00e9elle, avec un parlement breton dot\u00e9 de pouvoirs fiscaux et l\u00e9gislatifs. Sans cela, nos revendications restent des slogans ; avec, elles deviennent des propositions concr\u00e8tes, qui ont vocation \u00e0 \u00eatre port\u00e9es \u00e9lectoralement. Dans le cadre fran\u00e7ais, cette \u00e9tape est une arme strat\u00e9gique. L\u2019\u00c9tat fran\u00e7ais, avec son centralisme \u00e9touffant, marginalise les nations p\u00e9riph\u00e9riques comme la n\u00f4tre. Le PNB officiel peut d\u00e9sormais si\u00e9ger dans les instances constitu\u00e9es, interpeller les \u00e9lus, ou d\u00e9noncer les atteintes \u00e0 notre peuple. Sans reconnaissance l\u00e9gale, nous sommes exclus des d\u00e9bats ; avec, nous for\u00e7ons l\u2019ordre \u00e9tabli \u00e0 acter de l\u2019existence d\u2019une force nationale organis\u00e9e.<\/span><\/p>\n<p style=\"text-align: justify;\"><span style=\"font-family: arial, helvetica, sans-serif; font-size: 14pt;\">C\u2019est aussi une protection contre les pers\u00e9cutions dont un mouvement comme le n\u00f4tre doit se pr\u00e9munir : un parti officiel b\u00e9n\u00e9ficie de droits, rendant plus difficile toute tentative de dissolution arbitraire. Enfin, \u00e0 l\u2019\u00e9chelle europ\u00e9enne, l\u2019officialisation ouvre des portes cruciales. Un PNB structur\u00e9 peut rejoindre des alliances internationales et collaborer avec les Basques, les Corses ou les Flamands pour peser sur Paris ou Bruxelles.<\/span><\/p>\n<p style=\"text-align: justify;\"><span style=\"font-family: arial, helvetica, sans-serif; font-size: 14pt;\">Compatriotes, cette officialisation r\u00e9pond \u00e0 une n\u00e9cessit\u00e9 imp\u00e9rieuse : transformer notre id\u00e9al en pouvoir r\u00e9el.<\/span><\/p>\n<p style=\"text-align: justify;\"><span style=\"font-family: arial, helvetica, sans-serif; font-size: 14pt;\">Rejoignez-nous, adh\u00e9rez, militez ! Ensemble, construisons une Bretagne libre, prosp\u00e8re et fi\u00e8re. L\u2019heure est venue de passer de la r\u00e9sistance \u00e0 la renaissance.<\/span><\/p>\n<p style=\"text-align: right;\"><strong><span style=\"font-family: arial, helvetica, sans-serif; font-size: 14pt;\">Bevet Breizh ! Breizh Atav !<\/span><\/strong><\/p>\n<p style=\"text-align: right;\"><strong><span style=\"font-family: arial, helvetica, sans-serif; font-size: 14pt;\">Le Parti National Breton<\/span><\/strong><\/p>\n","protected":false},"excerpt":{"rendered":"<p>En ce mois de d\u00e9cembre 2025, le Parti National Breton \u2013 Strollad Broadel Breizh (PNB-SBB) franchit une \u00e9tape importante : le d\u00e9p\u00f4t de ses statuts en pr\u00e9fecture marque en effet son officialisation en tant que formation politique reconnue. Form\u00e9 en d\u00e9cembre 2021 dans un contexte de renouveau national, le PNB \u00e9mergeait alors comme une r\u00e9ponse [&hellip;]<\/p>\n","protected":false},"author":1,"featured_media":5356,"comment_status":"open","ping_status":"open","sticky":false,"template":"","format":"standard","meta":{"sb_editor_width":"","footnotes":""},"categories":[58,67,65,49],"tags":[],"class_list":["post-5355","post","type-post","status-publish","format-standard","has-post-thumbnail","hentry","category-breizh","category-politique","category-principale","category-vie-du-parti"],"relative_dates":{"created":"4 mois ago","modified":"4 mois ago"},"yoast_head":"<!-- This site is optimized with the Yoast SEO plugin v26.3 - https:\/\/yoast.com\/wordpress\/plugins\/seo\/ -->\n<title>Le Parti National Breton officialise ses statuts ! - STOURM<\/title>\n<meta name=\"robots\" content=\"index, follow, max-snippet:-1, max-image-preview:large, max-video-preview:-1\" \/>\n<link rel=\"canonical\" href=\"https:\/\/stourm.news\/?p=5355\" \/>\n<meta property=\"og:locale\" content=\"fr_FR\" \/>\n<meta property=\"og:type\" content=\"article\" \/>\n<meta property=\"og:title\" content=\"Le Parti National Breton officialise ses statuts ! - STOURM\" \/>\n<meta property=\"og:description\" content=\"En ce mois de d\u00e9cembre 2025, le Parti National Breton \u2013 Strollad Broadel Breizh (PNB-SBB) franchit une \u00e9tape importante : le d\u00e9p\u00f4t de ses statuts en pr\u00e9fecture marque en effet son officialisation en tant que formation politique reconnue. Form\u00e9 en d\u00e9cembre 2021 dans un contexte de renouveau national, le PNB \u00e9mergeait alors comme une r\u00e9ponse [&hellip;]\" \/>\n<meta property=\"og:url\" content=\"https:\/\/stourm.news\/?p=5355\" \/>\n<meta property=\"og:site_name\" content=\"STOURM\" \/>\n<meta property=\"article:publisher\" content=\"https:\/\/www.facebook.com\/stourmnews\/\" \/>\n<meta property=\"article:published_time\" content=\"2025-12-20T09:12:42+00:00\" \/>\n<meta name=\"author\" content=\"La r\u00e9daction\" \/>\n<meta name=\"twitter:card\" content=\"summary_large_image\" \/>\n<meta name=\"twitter:label1\" content=\"\u00c9crit par\" \/>\n\t<meta name=\"twitter:data1\" content=\"La r\u00e9daction\" \/>\n\t<meta name=\"twitter:label2\" content=\"Dur\u00e9e de lecture estim\u00e9e\" \/>\n\t<meta name=\"twitter:data2\" content=\"3 minutes\" \/>\n<script type=\"application\/ld+json\" class=\"yoast-schema-graph\">{\"@context\":\"https:\/\/schema.org\",\"@graph\":[{\"@type\":\"Article\",\"@id\":\"https:\/\/stourm.news\/?p=5355#article\",\"isPartOf\":{\"@id\":\"https:\/\/stourm.news\/?p=5355\"},\"author\":{\"name\":\"La r\u00e9daction\",\"@id\":\"https:\/\/stourm.news\/#\/schema\/person\/c3e1dc65988632e190969234ef046cf9\"},\"headline\":\"Le Parti National Breton officialise ses statuts !\",\"datePublished\":\"2025-12-20T09:12:42+00:00\",\"mainEntityOfPage\":{\"@id\":\"https:\/\/stourm.news\/?p=5355\"},\"wordCount\":534,\"commentCount\":0,\"publisher\":{\"@id\":\"https:\/\/stourm.news\/#organization\"},\"image\":{\"@id\":\"https:\/\/stourm.news\/?p=5355#primaryimage\"},\"thumbnailUrl\":\"https:\/\/stourm.news\/wp-content\/uploads\/2025\/12\/How-writing-can-benefit-lawyers-and-why-it-is-relevant-to-their-success.png\",\"articleSection\":[\"Breizh\",\"Politique\",\"Principale\",\"Vie du Parti\"],\"inLanguage\":\"fr-FR\",\"potentialAction\":[{\"@type\":\"CommentAction\",\"name\":\"Comment\",\"target\":[\"https:\/\/stourm.news\/?p=5355#respond\"]}]},{\"@type\":\"WebPage\",\"@id\":\"https:\/\/stourm.news\/?p=5355\",\"url\":\"https:\/\/stourm.news\/?p=5355\",\"name\":\"Le Parti National Breton officialise ses statuts ! - STOURM\",\"isPartOf\":{\"@id\":\"https:\/\/stourm.news\/#website\"},\"primaryImageOfPage\":{\"@id\":\"https:\/\/stourm.news\/?p=5355#primaryimage\"},\"image\":{\"@id\":\"https:\/\/stourm.news\/?p=5355#primaryimage\"},\"thumbnailUrl\":\"https:\/\/stourm.news\/wp-content\/uploads\/2025\/12\/How-writing-can-benefit-lawyers-and-why-it-is-relevant-to-their-success.png\",\"datePublished\":\"2025-12-20T09:12:42+00:00\",\"breadcrumb\":{\"@id\":\"https:\/\/stourm.news\/?p=5355#breadcrumb\"},\"inLanguage\":\"fr-FR\",\"potentialAction\":[{\"@type\":\"ReadAction\",\"target\":[\"https:\/\/stourm.news\/?p=5355\"]}]},{\"@type\":\"ImageObject\",\"inLanguage\":\"fr-FR\",\"@id\":\"https:\/\/stourm.news\/?p=5355#primaryimage\",\"url\":\"https:\/\/stourm.news\/wp-content\/uploads\/2025\/12\/How-writing-can-benefit-lawyers-and-why-it-is-relevant-to-their-success.png\",\"contentUrl\":\"https:\/\/stourm.news\/wp-content\/uploads\/2025\/12\/How-writing-can-benefit-lawyers-and-why-it-is-relevant-to-their-success.png\",\"width\":1349,\"height\":750},{\"@type\":\"BreadcrumbList\",\"@id\":\"https:\/\/stourm.news\/?p=5355#breadcrumb\",\"itemListElement\":[{\"@type\":\"ListItem\",\"position\":1,\"name\":\"Accueil\",\"item\":\"https:\/\/stourm.news\/\"},{\"@type\":\"ListItem\",\"position\":2,\"name\":\"Le Parti National Breton officialise ses statuts !\"}]},{\"@type\":\"WebSite\",\"@id\":\"https:\/\/stourm.news\/#website\",\"url\":\"https:\/\/stourm.news\/\",\"name\":\"Stourm\",\"description\":\"Kazetenn Strollad Broadel Breizh\",\"publisher\":{\"@id\":\"https:\/\/stourm.news\/#organization\"},\"potentialAction\":[{\"@type\":\"SearchAction\",\"target\":{\"@type\":\"EntryPoint\",\"urlTemplate\":\"https:\/\/stourm.news\/?s={search_term_string}\"},\"query-input\":{\"@type\":\"PropertyValueSpecification\",\"valueRequired\":true,\"valueName\":\"search_term_string\"}}],\"inLanguage\":\"fr-FR\"},{\"@type\":\"Organization\",\"@id\":\"https:\/\/stourm.news\/#organization\",\"name\":\"Stourm\",\"url\":\"https:\/\/stourm.news\/\",\"logo\":{\"@type\":\"ImageObject\",\"inLanguage\":\"fr-FR\",\"@id\":\"https:\/\/stourm.news\/#\/schema\/logo\/image\/\",\"url\":\"https:\/\/stourm.news\/wp-content\/uploads\/2025\/11\/cropped-Capture-decran-2025-11-28-a-15.19.07.png\",\"contentUrl\":\"https:\/\/stourm.news\/wp-content\/uploads\/2025\/11\/cropped-Capture-decran-2025-11-28-a-15.19.07.png\",\"width\":1855,\"height\":383,\"caption\":\"Stourm\"},\"image\":{\"@id\":\"https:\/\/stourm.news\/#\/schema\/logo\/image\/\"},\"sameAs\":[\"https:\/\/www.facebook.com\/stourmnews\/\"]},{\"@type\":\"Person\",\"@id\":\"https:\/\/stourm.news\/#\/schema\/person\/c3e1dc65988632e190969234ef046cf9\",\"name\":\"La r\u00e9daction\",\"image\":{\"@type\":\"ImageObject\",\"inLanguage\":\"fr-FR\",\"@id\":\"https:\/\/stourm.news\/#\/schema\/person\/image\/\",\"url\":\"https:\/\/secure.gravatar.com\/avatar\/7463443f194b6b5fb706b074ca0ef59a0cfcfd720cb47764b0ec5a952ce422b3?s=96&d=mm&r=g\",\"contentUrl\":\"https:\/\/secure.gravatar.com\/avatar\/7463443f194b6b5fb706b074ca0ef59a0cfcfd720cb47764b0ec5a952ce422b3?s=96&d=mm&r=g\",\"caption\":\"La r\u00e9daction\"},\"sameAs\":[\"https:\/\/stourm.news\"],\"url\":\"https:\/\/stourm.news\/?author=1\"}]}<\/script>\n<!-- \/ Yoast SEO plugin. -->","yoast_head_json":{"title":"Le Parti National Breton officialise ses statuts ! - STOURM","robots":{"index":"index","follow":"follow","max-snippet":"max-snippet:-1","max-image-preview":"max-image-preview:large","max-video-preview":"max-video-preview:-1"},"canonical":"https:\/\/stourm.news\/?p=5355","og_locale":"fr_FR","og_type":"article","og_title":"Le Parti National Breton officialise ses statuts ! - STOURM","og_description":"En ce mois de d\u00e9cembre 2025, le Parti National Breton \u2013 Strollad Broadel Breizh (PNB-SBB) franchit une \u00e9tape importante : le d\u00e9p\u00f4t de ses statuts en pr\u00e9fecture marque en effet son officialisation en tant que formation politique reconnue. Form\u00e9 en d\u00e9cembre 2021 dans un contexte de renouveau national, le PNB \u00e9mergeait alors comme une r\u00e9ponse [&hellip;]","og_url":"https:\/\/stourm.news\/?p=5355","og_site_name":"STOURM","article_publisher":"https:\/\/www.facebook.com\/stourmnews\/","article_published_time":"2025-12-20T09:12:42+00:00","author":"La r\u00e9daction","twitter_card":"summary_large_image","twitter_misc":{"\u00c9crit par":"La r\u00e9daction","Dur\u00e9e de lecture estim\u00e9e":"3 minutes"},"schema":{"@context":"https:\/\/schema.org","@graph":[{"@type":"Article","@id":"https:\/\/stourm.news\/?p=5355#article","isPartOf":{"@id":"https:\/\/stourm.news\/?p=5355"},"author":{"name":"La r\u00e9daction","@id":"https:\/\/stourm.news\/#\/schema\/person\/c3e1dc65988632e190969234ef046cf9"},"headline":"Le Parti National Breton officialise ses statuts !","datePublished":"2025-12-20T09:12:42+00:00","mainEntityOfPage":{"@id":"https:\/\/stourm.news\/?p=5355"},"wordCount":534,"commentCount":0,"publisher":{"@id":"https:\/\/stourm.news\/#organization"},"image":{"@id":"https:\/\/stourm.news\/?p=5355#primaryimage"},"thumbnailUrl":"https:\/\/stourm.news\/wp-content\/uploads\/2025\/12\/How-writing-can-benefit-lawyers-and-why-it-is-relevant-to-their-success.png","articleSection":["Breizh","Politique","Principale","Vie du Parti"],"inLanguage":"fr-FR","potentialAction":[{"@type":"CommentAction","name":"Comment","target":["https:\/\/stourm.news\/?p=5355#respond"]}]},{"@type":"WebPage","@id":"https:\/\/stourm.news\/?p=5355","url":"https:\/\/stourm.news\/?p=5355","name":"Le Parti National Breton officialise ses statuts ! - STOURM","isPartOf":{"@id":"https:\/\/stourm.news\/#website"},"primaryImageOfPage":{"@id":"https:\/\/stourm.news\/?p=5355#primaryimage"},"image":{"@id":"https:\/\/stourm.news\/?p=5355#primaryimage"},"thumbnailUrl":"https:\/\/stourm.news\/wp-content\/uploads\/2025\/12\/How-writing-can-benefit-lawyers-and-why-it-is-relevant-to-their-success.png","datePublished":"2025-12-20T09:12:42+00:00","breadcrumb":{"@id":"https:\/\/stourm.news\/?p=5355#breadcrumb"},"inLanguage":"fr-FR","potentialAction":[{"@type":"ReadAction","target":["https:\/\/stourm.news\/?p=5355"]}]},{"@type":"ImageObject","inLanguage":"fr-FR","@id":"https:\/\/stourm.news\/?p=5355#primaryimage","url":"https:\/\/stourm.news\/wp-content\/uploads\/2025\/12\/How-writing-can-benefit-lawyers-and-why-it-is-relevant-to-their-success.png","contentUrl":"https:\/\/stourm.news\/wp-content\/uploads\/2025\/12\/How-writing-can-benefit-lawyers-and-why-it-is-relevant-to-their-success.png","width":1349,"height":750},{"@type":"BreadcrumbList","@id":"https:\/\/stourm.news\/?p=5355#breadcrumb","itemListElement":[{"@type":"ListItem","position":1,"name":"Accueil","item":"https:\/\/stourm.news\/"},{"@type":"ListItem","position":2,"name":"Le Parti National Breton officialise ses statuts !"}]},{"@type":"WebSite","@id":"https:\/\/stourm.news\/#website","url":"https:\/\/stourm.news\/","name":"Stourm","description":"Kazetenn Strollad Broadel Breizh","publisher":{"@id":"https:\/\/stourm.news\/#organization"},"potentialAction":[{"@type":"SearchAction","target":{"@type":"EntryPoint","urlTemplate":"https:\/\/stourm.news\/?s={search_term_string}"},"query-input":{"@type":"PropertyValueSpecification","valueRequired":true,"valueName":"search_term_string"}}],"inLanguage":"fr-FR"},{"@type":"Organization","@id":"https:\/\/stourm.news\/#organization","name":"Stourm","url":"https:\/\/stourm.news\/","logo":{"@type":"ImageObject","inLanguage":"fr-FR","@id":"https:\/\/stourm.news\/#\/schema\/logo\/image\/","url":"https:\/\/stourm.news\/wp-content\/uploads\/2025\/11\/cropped-Capture-decran-2025-11-28-a-15.19.07.png","contentUrl":"https:\/\/stourm.news\/wp-content\/uploads\/2025\/11\/cropped-Capture-decran-2025-11-28-a-15.19.07.png","width":1855,"height":383,"caption":"Stourm"},"image":{"@id":"https:\/\/stourm.news\/#\/schema\/logo\/image\/"},"sameAs":["https:\/\/www.facebook.com\/stourmnews\/"]},{"@type":"Person","@id":"https:\/\/stourm.news\/#\/schema\/person\/c3e1dc65988632e190969234ef046cf9","name":"La r\u00e9daction","image":{"@type":"ImageObject","inLanguage":"fr-FR","@id":"https:\/\/stourm.news\/#\/schema\/person\/image\/","url":"https:\/\/secure.gravatar.com\/avatar\/7463443f194b6b5fb706b074ca0ef59a0cfcfd720cb47764b0ec5a952ce422b3?s=96&d=mm&r=g","contentUrl":"https:\/\/secure.gravatar.com\/avatar\/7463443f194b6b5fb706b074ca0ef59a0cfcfd720cb47764b0ec5a952ce422b3?s=96&d=mm&r=g","caption":"La r\u00e9daction"},"sameAs":["https:\/\/stourm.news"],"url":"https:\/\/stourm.news\/?author=1"}]}},"_links":{"self":[{"href":"https:\/\/stourm.news\/index.php?rest_route=\/wp\/v2\/posts\/5355","targetHints":{"allow":["GET"]}}],"collection":[{"href":"https:\/\/stourm.news\/index.php?rest_route=\/wp\/v2\/posts"}],"about":[{"href":"https:\/\/stourm.news\/index.php?rest_route=\/wp\/v2\/types\/post"}],"author":[{"embeddable":true,"href":"https:\/\/stourm.news\/index.php?rest_route=\/wp\/v2\/users\/1"}],"replies":[{"embeddable":true,"href":"https:\/\/stourm.news\/index.php?rest_route=%2Fwp%2Fv2%2Fcomments&post=5355"}],"version-history":[{"count":1,"href":"https:\/\/stourm.news\/index.php?rest_route=\/wp\/v2\/posts\/5355\/revisions"}],"predecessor-version":[{"id":5357,"href":"https:\/\/stourm.news\/index.php?rest_route=\/wp\/v2\/posts\/5355\/revisions\/5357"}],"wp:featuredmedia":[{"embeddable":true,"href":"https:\/\/stourm.news\/index.php?rest_route=\/wp\/v2\/media\/5356"}],"wp:attachment":[{"href":"https:\/\/stourm.news\/index.php?rest_route=%2Fwp%2Fv2%2Fmedia&parent=5355"}],"wp:term":[{"taxonomy":"category","embeddable":true,"href":"https:\/\/stourm.news\/index.php?rest_route=%2Fwp%2Fv2%2Fcategories&post=5355"},{"taxonomy":"post_tag","embeddable":true,"href":"https:\/\/stourm.news\/index.php?rest_route=%2Fwp%2Fv2%2Ftags&post=5355"}],"curies":[{"name":"wp","href":"https:\/\/api.w.org\/{rel}","templated":true}]}}