{"id":5372,"date":"2025-12-23T07:08:38","date_gmt":"2025-12-23T07:08:38","guid":{"rendered":"https:\/\/stourm.news\/?p=5372"},"modified":"2025-12-23T07:08:38","modified_gmt":"2025-12-23T07:08:38","slug":"lecole-diwan-dorvault-accueillera-ses-premiers-eleves-en-janvier","status":"publish","type":"post","link":"https:\/\/stourm.news\/?p=5372","title":{"rendered":"L&rsquo;\u00e9cole Diwan d&rsquo;Orvault accueillera ses premiers \u00e9l\u00e8ves en janvier"},"content":{"rendered":"<p style=\"text-align: justify;\"><span style=\"font-family: arial, helvetica, sans-serif; font-size: 14pt;\">Apr\u00e8s plusieurs reports dus \u00e0 des travaux d&rsquo;am\u00e9nagement, l&rsquo;\u00e9cole Diwan d&rsquo;Orvez (Orvault), au nord de Naoned (Nantes), accueillera ses premiers \u00e9l\u00e8ves le lundi 5 janvier 2026 indique <strong><a href=\"https:\/\/www.francebleu.fr\/emissions\/keleier-ar-reportaj\/e-brezhoneg-l-ecole-diwan-d-orvault-accueillera-ses-premiers-eleves-en-janvier-5145504\">France Bleu<\/a><\/strong>.<\/span><\/p>\n<p style=\"text-align: justify;\"><span style=\"font-family: arial, helvetica, sans-serif; font-size: 14pt;\">Cette nouvelle \u00e9cole immersive en langue bretonne d\u00e9butera avec une classe unique de maternelle comptant 8 \u00e9l\u00e8ves. Le directeur, Florian Le Duc, se r\u00e9jouit de cette ouverture tant attendue, fruit d&rsquo;une mobilisation des parents et du r\u00e9seau Diwan.<\/span><\/p>\n<p style=\"text-align: justify;\"><span style=\"font-family: arial, helvetica, sans-serif; font-size: 14pt;\">Install\u00e9e dans un ancien b\u00e2timent de cr\u00e8che rue du Landreau, gr\u00e2ce \u00e0 un bail emphyt\u00e9otique de 35 ans sign\u00e9 avec la mairie d&rsquo;Orvez (Orvault), l&rsquo;\u00e9cole propose un enseignement gratuit, la\u00efc et ouvert \u00e0 tous en immersion totale en breton. <\/span><\/p>\n<p style=\"text-align: justify;\"><span style=\"font-family: arial, helvetica, sans-serif; font-size: 14pt;\">Le projet, envisag\u00e9 depuis plusieurs ann\u00e9es dans l&rsquo;agglom\u00e9ration nantaise, renforce le r\u00e9seau Diwan en Loire-Atlantique, o\u00f9 la demande pour l&rsquo;apprentissage du breton ne cesse de cro\u00eetre. Les inscriptions restent ouvertes pour les rentr\u00e9es futures, et le nombre d&rsquo;\u00e9l\u00e8ves devrait augmenter rapidement. <\/span><\/p>\n<p style=\"text-align: right;\"><strong><span style=\"font-family: arial, helvetica, sans-serif; font-size: 14pt;\">Ewen Broc&rsquo;han<\/span><\/strong><\/p>\n","protected":false},"excerpt":{"rendered":"<p>Apr\u00e8s plusieurs reports dus \u00e0 des travaux d&rsquo;am\u00e9nagement, l&rsquo;\u00e9cole Diwan d&rsquo;Orvez (Orvault), au nord de Naoned (Nantes), accueillera ses premiers \u00e9l\u00e8ves le lundi 5 janvier 2026 indique France Bleu. Cette nouvelle \u00e9cole immersive en langue bretonne d\u00e9butera avec une classe unique de maternelle comptant 8 \u00e9l\u00e8ves. Le directeur, Florian Le Duc, se r\u00e9jouit de cette [&hellip;]<\/p>\n","protected":false},"author":1,"featured_media":5373,"comment_status":"open","ping_status":"open","sticky":false,"template":"","format":"standard","meta":{"sb_editor_width":"","footnotes":""},"categories":[58,42,65,62],"tags":[],"class_list":["post-5372","post","type-post","status-publish","format-standard","has-post-thumbnail","hentry","category-breizh","category-loire-atlantique","category-principale","category-revue-de-presse"],"relative_dates":{"created":"4 mois ago","modified":"4 mois ago"},"yoast_head":"<!-- This site is optimized with the Yoast SEO plugin v26.3 - https:\/\/yoast.com\/wordpress\/plugins\/seo\/ -->\n<title>L&#039;\u00e9cole Diwan d&#039;Orvault accueillera ses premiers \u00e9l\u00e8ves en janvier - STOURM<\/title>\n<meta name=\"robots\" content=\"index, follow, max-snippet:-1, max-image-preview:large, max-video-preview:-1\" \/>\n<link rel=\"canonical\" href=\"https:\/\/stourm.news\/?p=5372\" \/>\n<meta property=\"og:locale\" content=\"fr_FR\" \/>\n<meta property=\"og:type\" content=\"article\" \/>\n<meta property=\"og:title\" content=\"L&#039;\u00e9cole Diwan d&#039;Orvault accueillera ses premiers \u00e9l\u00e8ves en janvier - STOURM\" \/>\n<meta property=\"og:description\" content=\"Apr\u00e8s plusieurs reports dus \u00e0 des travaux d&rsquo;am\u00e9nagement, l&rsquo;\u00e9cole Diwan d&rsquo;Orvez (Orvault), au nord de Naoned (Nantes), accueillera ses premiers \u00e9l\u00e8ves le lundi 5 janvier 2026 indique France Bleu. Cette nouvelle \u00e9cole immersive en langue bretonne d\u00e9butera avec une classe unique de maternelle comptant 8 \u00e9l\u00e8ves. Le directeur, Florian Le Duc, se r\u00e9jouit de cette [&hellip;]\" \/>\n<meta property=\"og:url\" content=\"https:\/\/stourm.news\/?p=5372\" \/>\n<meta property=\"og:site_name\" content=\"STOURM\" \/>\n<meta property=\"article:publisher\" content=\"https:\/\/www.facebook.com\/stourmnews\/\" \/>\n<meta property=\"article:published_time\" content=\"2025-12-23T07:08:38+00:00\" \/>\n<meta name=\"author\" content=\"La r\u00e9daction\" \/>\n<meta name=\"twitter:card\" content=\"summary_large_image\" \/>\n<meta name=\"twitter:label1\" content=\"\u00c9crit par\" \/>\n\t<meta name=\"twitter:data1\" content=\"La r\u00e9daction\" \/>\n\t<meta name=\"twitter:label2\" content=\"Dur\u00e9e de lecture estim\u00e9e\" \/>\n\t<meta name=\"twitter:data2\" content=\"1 minute\" \/>\n<script type=\"application\/ld+json\" class=\"yoast-schema-graph\">{\"@context\":\"https:\/\/schema.org\",\"@graph\":[{\"@type\":\"Article\",\"@id\":\"https:\/\/stourm.news\/?p=5372#article\",\"isPartOf\":{\"@id\":\"https:\/\/stourm.news\/?p=5372\"},\"author\":{\"name\":\"La r\u00e9daction\",\"@id\":\"https:\/\/stourm.news\/#\/schema\/person\/c3e1dc65988632e190969234ef046cf9\"},\"headline\":\"L&rsquo;\u00e9cole Diwan d&rsquo;Orvault accueillera ses premiers \u00e9l\u00e8ves en janvier\",\"datePublished\":\"2025-12-23T07:08:38+00:00\",\"mainEntityOfPage\":{\"@id\":\"https:\/\/stourm.news\/?p=5372\"},\"wordCount\":183,\"commentCount\":0,\"publisher\":{\"@id\":\"https:\/\/stourm.news\/#organization\"},\"image\":{\"@id\":\"https:\/\/stourm.news\/?p=5372#primaryimage\"},\"thumbnailUrl\":\"https:\/\/stourm.news\/wp-content\/uploads\/2025\/12\/Familhou_skol_Diwan_Orvez_Skol_Diwan_Orvez_Skeudenn_Familhou.jpg\",\"articleSection\":[\"Breizh\",\"Loire-Atlantique\",\"Principale\",\"Revue de presse\"],\"inLanguage\":\"fr-FR\",\"potentialAction\":[{\"@type\":\"CommentAction\",\"name\":\"Comment\",\"target\":[\"https:\/\/stourm.news\/?p=5372#respond\"]}]},{\"@type\":\"WebPage\",\"@id\":\"https:\/\/stourm.news\/?p=5372\",\"url\":\"https:\/\/stourm.news\/?p=5372\",\"name\":\"L'\u00e9cole Diwan d'Orvault accueillera ses premiers \u00e9l\u00e8ves en janvier - STOURM\",\"isPartOf\":{\"@id\":\"https:\/\/stourm.news\/#website\"},\"primaryImageOfPage\":{\"@id\":\"https:\/\/stourm.news\/?p=5372#primaryimage\"},\"image\":{\"@id\":\"https:\/\/stourm.news\/?p=5372#primaryimage\"},\"thumbnailUrl\":\"https:\/\/stourm.news\/wp-content\/uploads\/2025\/12\/Familhou_skol_Diwan_Orvez_Skol_Diwan_Orvez_Skeudenn_Familhou.jpg\",\"datePublished\":\"2025-12-23T07:08:38+00:00\",\"breadcrumb\":{\"@id\":\"https:\/\/stourm.news\/?p=5372#breadcrumb\"},\"inLanguage\":\"fr-FR\",\"potentialAction\":[{\"@type\":\"ReadAction\",\"target\":[\"https:\/\/stourm.news\/?p=5372\"]}]},{\"@type\":\"ImageObject\",\"inLanguage\":\"fr-FR\",\"@id\":\"https:\/\/stourm.news\/?p=5372#primaryimage\",\"url\":\"https:\/\/stourm.news\/wp-content\/uploads\/2025\/12\/Familhou_skol_Diwan_Orvez_Skol_Diwan_Orvez_Skeudenn_Familhou.jpg\",\"contentUrl\":\"https:\/\/stourm.news\/wp-content\/uploads\/2025\/12\/Familhou_skol_Diwan_Orvez_Skol_Diwan_Orvez_Skeudenn_Familhou.jpg\",\"width\":1440,\"height\":1080},{\"@type\":\"BreadcrumbList\",\"@id\":\"https:\/\/stourm.news\/?p=5372#breadcrumb\",\"itemListElement\":[{\"@type\":\"ListItem\",\"position\":1,\"name\":\"Accueil\",\"item\":\"https:\/\/stourm.news\/\"},{\"@type\":\"ListItem\",\"position\":2,\"name\":\"L&rsquo;\u00e9cole Diwan d&rsquo;Orvault accueillera ses premiers \u00e9l\u00e8ves en janvier\"}]},{\"@type\":\"WebSite\",\"@id\":\"https:\/\/stourm.news\/#website\",\"url\":\"https:\/\/stourm.news\/\",\"name\":\"Stourm\",\"description\":\"Kazetenn Strollad Broadel Breizh\",\"publisher\":{\"@id\":\"https:\/\/stourm.news\/#organization\"},\"potentialAction\":[{\"@type\":\"SearchAction\",\"target\":{\"@type\":\"EntryPoint\",\"urlTemplate\":\"https:\/\/stourm.news\/?s={search_term_string}\"},\"query-input\":{\"@type\":\"PropertyValueSpecification\",\"valueRequired\":true,\"valueName\":\"search_term_string\"}}],\"inLanguage\":\"fr-FR\"},{\"@type\":\"Organization\",\"@id\":\"https:\/\/stourm.news\/#organization\",\"name\":\"Stourm\",\"url\":\"https:\/\/stourm.news\/\",\"logo\":{\"@type\":\"ImageObject\",\"inLanguage\":\"fr-FR\",\"@id\":\"https:\/\/stourm.news\/#\/schema\/logo\/image\/\",\"url\":\"https:\/\/stourm.news\/wp-content\/uploads\/2025\/11\/cropped-Capture-decran-2025-11-28-a-15.19.07.png\",\"contentUrl\":\"https:\/\/stourm.news\/wp-content\/uploads\/2025\/11\/cropped-Capture-decran-2025-11-28-a-15.19.07.png\",\"width\":1855,\"height\":383,\"caption\":\"Stourm\"},\"image\":{\"@id\":\"https:\/\/stourm.news\/#\/schema\/logo\/image\/\"},\"sameAs\":[\"https:\/\/www.facebook.com\/stourmnews\/\"]},{\"@type\":\"Person\",\"@id\":\"https:\/\/stourm.news\/#\/schema\/person\/c3e1dc65988632e190969234ef046cf9\",\"name\":\"La r\u00e9daction\",\"image\":{\"@type\":\"ImageObject\",\"inLanguage\":\"fr-FR\",\"@id\":\"https:\/\/stourm.news\/#\/schema\/person\/image\/\",\"url\":\"https:\/\/secure.gravatar.com\/avatar\/7463443f194b6b5fb706b074ca0ef59a0cfcfd720cb47764b0ec5a952ce422b3?s=96&d=mm&r=g\",\"contentUrl\":\"https:\/\/secure.gravatar.com\/avatar\/7463443f194b6b5fb706b074ca0ef59a0cfcfd720cb47764b0ec5a952ce422b3?s=96&d=mm&r=g\",\"caption\":\"La r\u00e9daction\"},\"sameAs\":[\"https:\/\/stourm.news\"],\"url\":\"https:\/\/stourm.news\/?author=1\"}]}<\/script>\n<!-- \/ Yoast SEO plugin. -->","yoast_head_json":{"title":"L'\u00e9cole Diwan d'Orvault accueillera ses premiers \u00e9l\u00e8ves en janvier - STOURM","robots":{"index":"index","follow":"follow","max-snippet":"max-snippet:-1","max-image-preview":"max-image-preview:large","max-video-preview":"max-video-preview:-1"},"canonical":"https:\/\/stourm.news\/?p=5372","og_locale":"fr_FR","og_type":"article","og_title":"L'\u00e9cole Diwan d'Orvault accueillera ses premiers \u00e9l\u00e8ves en janvier - STOURM","og_description":"Apr\u00e8s plusieurs reports dus \u00e0 des travaux d&rsquo;am\u00e9nagement, l&rsquo;\u00e9cole Diwan d&rsquo;Orvez (Orvault), au nord de Naoned (Nantes), accueillera ses premiers \u00e9l\u00e8ves le lundi 5 janvier 2026 indique France Bleu. Cette nouvelle \u00e9cole immersive en langue bretonne d\u00e9butera avec une classe unique de maternelle comptant 8 \u00e9l\u00e8ves. Le directeur, Florian Le Duc, se r\u00e9jouit de cette [&hellip;]","og_url":"https:\/\/stourm.news\/?p=5372","og_site_name":"STOURM","article_publisher":"https:\/\/www.facebook.com\/stourmnews\/","article_published_time":"2025-12-23T07:08:38+00:00","author":"La r\u00e9daction","twitter_card":"summary_large_image","twitter_misc":{"\u00c9crit par":"La r\u00e9daction","Dur\u00e9e de lecture estim\u00e9e":"1 minute"},"schema":{"@context":"https:\/\/schema.org","@graph":[{"@type":"Article","@id":"https:\/\/stourm.news\/?p=5372#article","isPartOf":{"@id":"https:\/\/stourm.news\/?p=5372"},"author":{"name":"La r\u00e9daction","@id":"https:\/\/stourm.news\/#\/schema\/person\/c3e1dc65988632e190969234ef046cf9"},"headline":"L&rsquo;\u00e9cole Diwan d&rsquo;Orvault accueillera ses premiers \u00e9l\u00e8ves en janvier","datePublished":"2025-12-23T07:08:38+00:00","mainEntityOfPage":{"@id":"https:\/\/stourm.news\/?p=5372"},"wordCount":183,"commentCount":0,"publisher":{"@id":"https:\/\/stourm.news\/#organization"},"image":{"@id":"https:\/\/stourm.news\/?p=5372#primaryimage"},"thumbnailUrl":"https:\/\/stourm.news\/wp-content\/uploads\/2025\/12\/Familhou_skol_Diwan_Orvez_Skol_Diwan_Orvez_Skeudenn_Familhou.jpg","articleSection":["Breizh","Loire-Atlantique","Principale","Revue de presse"],"inLanguage":"fr-FR","potentialAction":[{"@type":"CommentAction","name":"Comment","target":["https:\/\/stourm.news\/?p=5372#respond"]}]},{"@type":"WebPage","@id":"https:\/\/stourm.news\/?p=5372","url":"https:\/\/stourm.news\/?p=5372","name":"L'\u00e9cole Diwan d'Orvault accueillera ses premiers \u00e9l\u00e8ves en janvier - STOURM","isPartOf":{"@id":"https:\/\/stourm.news\/#website"},"primaryImageOfPage":{"@id":"https:\/\/stourm.news\/?p=5372#primaryimage"},"image":{"@id":"https:\/\/stourm.news\/?p=5372#primaryimage"},"thumbnailUrl":"https:\/\/stourm.news\/wp-content\/uploads\/2025\/12\/Familhou_skol_Diwan_Orvez_Skol_Diwan_Orvez_Skeudenn_Familhou.jpg","datePublished":"2025-12-23T07:08:38+00:00","breadcrumb":{"@id":"https:\/\/stourm.news\/?p=5372#breadcrumb"},"inLanguage":"fr-FR","potentialAction":[{"@type":"ReadAction","target":["https:\/\/stourm.news\/?p=5372"]}]},{"@type":"ImageObject","inLanguage":"fr-FR","@id":"https:\/\/stourm.news\/?p=5372#primaryimage","url":"https:\/\/stourm.news\/wp-content\/uploads\/2025\/12\/Familhou_skol_Diwan_Orvez_Skol_Diwan_Orvez_Skeudenn_Familhou.jpg","contentUrl":"https:\/\/stourm.news\/wp-content\/uploads\/2025\/12\/Familhou_skol_Diwan_Orvez_Skol_Diwan_Orvez_Skeudenn_Familhou.jpg","width":1440,"height":1080},{"@type":"BreadcrumbList","@id":"https:\/\/stourm.news\/?p=5372#breadcrumb","itemListElement":[{"@type":"ListItem","position":1,"name":"Accueil","item":"https:\/\/stourm.news\/"},{"@type":"ListItem","position":2,"name":"L&rsquo;\u00e9cole Diwan d&rsquo;Orvault accueillera ses premiers \u00e9l\u00e8ves en janvier"}]},{"@type":"WebSite","@id":"https:\/\/stourm.news\/#website","url":"https:\/\/stourm.news\/","name":"Stourm","description":"Kazetenn Strollad Broadel Breizh","publisher":{"@id":"https:\/\/stourm.news\/#organization"},"potentialAction":[{"@type":"SearchAction","target":{"@type":"EntryPoint","urlTemplate":"https:\/\/stourm.news\/?s={search_term_string}"},"query-input":{"@type":"PropertyValueSpecification","valueRequired":true,"valueName":"search_term_string"}}],"inLanguage":"fr-FR"},{"@type":"Organization","@id":"https:\/\/stourm.news\/#organization","name":"Stourm","url":"https:\/\/stourm.news\/","logo":{"@type":"ImageObject","inLanguage":"fr-FR","@id":"https:\/\/stourm.news\/#\/schema\/logo\/image\/","url":"https:\/\/stourm.news\/wp-content\/uploads\/2025\/11\/cropped-Capture-decran-2025-11-28-a-15.19.07.png","contentUrl":"https:\/\/stourm.news\/wp-content\/uploads\/2025\/11\/cropped-Capture-decran-2025-11-28-a-15.19.07.png","width":1855,"height":383,"caption":"Stourm"},"image":{"@id":"https:\/\/stourm.news\/#\/schema\/logo\/image\/"},"sameAs":["https:\/\/www.facebook.com\/stourmnews\/"]},{"@type":"Person","@id":"https:\/\/stourm.news\/#\/schema\/person\/c3e1dc65988632e190969234ef046cf9","name":"La r\u00e9daction","image":{"@type":"ImageObject","inLanguage":"fr-FR","@id":"https:\/\/stourm.news\/#\/schema\/person\/image\/","url":"https:\/\/secure.gravatar.com\/avatar\/7463443f194b6b5fb706b074ca0ef59a0cfcfd720cb47764b0ec5a952ce422b3?s=96&d=mm&r=g","contentUrl":"https:\/\/secure.gravatar.com\/avatar\/7463443f194b6b5fb706b074ca0ef59a0cfcfd720cb47764b0ec5a952ce422b3?s=96&d=mm&r=g","caption":"La r\u00e9daction"},"sameAs":["https:\/\/stourm.news"],"url":"https:\/\/stourm.news\/?author=1"}]}},"_links":{"self":[{"href":"https:\/\/stourm.news\/index.php?rest_route=\/wp\/v2\/posts\/5372","targetHints":{"allow":["GET"]}}],"collection":[{"href":"https:\/\/stourm.news\/index.php?rest_route=\/wp\/v2\/posts"}],"about":[{"href":"https:\/\/stourm.news\/index.php?rest_route=\/wp\/v2\/types\/post"}],"author":[{"embeddable":true,"href":"https:\/\/stourm.news\/index.php?rest_route=\/wp\/v2\/users\/1"}],"replies":[{"embeddable":true,"href":"https:\/\/stourm.news\/index.php?rest_route=%2Fwp%2Fv2%2Fcomments&post=5372"}],"version-history":[{"count":1,"href":"https:\/\/stourm.news\/index.php?rest_route=\/wp\/v2\/posts\/5372\/revisions"}],"predecessor-version":[{"id":5374,"href":"https:\/\/stourm.news\/index.php?rest_route=\/wp\/v2\/posts\/5372\/revisions\/5374"}],"wp:featuredmedia":[{"embeddable":true,"href":"https:\/\/stourm.news\/index.php?rest_route=\/wp\/v2\/media\/5373"}],"wp:attachment":[{"href":"https:\/\/stourm.news\/index.php?rest_route=%2Fwp%2Fv2%2Fmedia&parent=5372"}],"wp:term":[{"taxonomy":"category","embeddable":true,"href":"https:\/\/stourm.news\/index.php?rest_route=%2Fwp%2Fv2%2Fcategories&post=5372"},{"taxonomy":"post_tag","embeddable":true,"href":"https:\/\/stourm.news\/index.php?rest_route=%2Fwp%2Fv2%2Ftags&post=5372"}],"curies":[{"name":"wp","href":"https:\/\/api.w.org\/{rel}","templated":true}]}}