{"id":5422,"date":"2025-12-28T08:36:40","date_gmt":"2025-12-28T08:36:40","guid":{"rendered":"https:\/\/stourm.news\/?p=5422"},"modified":"2025-12-28T08:36:40","modified_gmt":"2025-12-28T08:36:40","slug":"histoire-du-nationalisme-slovaque-partie-3-vers-lindependance-definitive","status":"publish","type":"post","link":"https:\/\/stourm.news\/?p=5422","title":{"rendered":"Histoire du nationalisme slovaque (Partie 3) : vers l&rsquo;Ind\u00e9pendance d\u00e9finitive"},"content":{"rendered":"<p style=\"text-align: justify;\"><span style=\"font-family: arial, helvetica, sans-serif; font-size: 14pt;\"><a href=\"https:\/\/stourm.news\/?p=5396\"><strong>Histoire du nationalisme slovaque (Partie 2) : de l\u2019Union Tch\u00e9coslovaque \u00e0 la Premi\u00e8re Ind\u00e9pendance (1918-1945)<\/strong><\/a><br \/>\n<\/span><\/p>\n<p style=\"text-align: justify;\"><span style=\"font-family: arial, helvetica, sans-serif; font-size: 14pt;\">Le dernier chapitre du chemin vers l\u2019ind\u00e9pendance slovaque se d\u00e9roule dans la seconde moiti\u00e9 du XXe si\u00e8cle, une \u00e9poque o\u00f9 la nation, forte de son histoire mill\u00e9naire et de sa conscience nationale forg\u00e9e dans les \u00e9preuves, traverse la nuit du totalitarisme communiste avant de conqu\u00e9rir, par la voie pacifique, sa souverainet\u00e9 pleine et enti\u00e8re. Ce parcours illustre la maturit\u00e9 et la d\u00e9termination d\u2019un peuple qui, sans jamais renier ses racines ni ses valeurs, a su attendre le moment propice pour reprendre en main son destin et affirmer sa place l\u00e9gitime parmi les nations libres d\u2019Europe.<\/span><\/p>\n<p style=\"text-align: justify;\"><strong><span style=\"font-family: arial, helvetica, sans-serif; font-size: 14pt;\">1. La Restauration de la Tch\u00e9coslovaquie et la Prise de Pouvoir Communiste (1945-1948)<\/span><\/strong><\/p>\n<p><img fetchpriority=\"high\" decoding=\"async\" class=\"alignnone size-medium\" src=\"https:\/\/images.jacobinmag.com\/wp-content\/uploads\/2018\/03\/13125136\/cz.jpg\" width=\"1200\" height=\"800\" \/><\/p>\n<p style=\"text-align: center;\"><em><span style=\"font-family: arial, helvetica, sans-serif; font-size: 14pt;\">Milice communiste tch\u00e9coslovaque, f\u00e9vrier 1948. Archives de la Radio tch\u00e8que.<\/span><\/em><\/p>\n<p style=\"text-align: justify;\"><span style=\"font-family: arial, helvetica, sans-serif; font-size: 14pt;\">\u00c0 la fin de la Seconde Guerre mondiale, la Tch\u00e9coslovaquie est resta<\/span><span style=\"font-family: arial, helvetica, sans-serif; font-size: 14pt;\">ur\u00e9e dans ses fronti\u00e8res d\u2019avant Munich, avec un statut asym\u00e9trique : la Slovaquie conserve des organes nationaux (Conseil national slovaque, Commission des commissaires) tandis que les Tch\u00e8ques n\u2019en ont pas d\u2019\u00e9quivalents. Ce statut particulier refl\u00e8te la reconnaissance, m\u00eame partielle, de la sp\u00e9cificit\u00e9 slovaque. Cependant, cette p\u00e9riode de relative ouverture prend fin avec le coup de Prague de f\u00e9vrier 1948. Le Parti communiste tch\u00e9coslovaque, dirig\u00e9 par Klement Gottwald, s\u2019empare du pouvoir total. Les institutions slovaques autonomes sont vid\u00e9es de leur substance, et un centralisme rigide s\u2019impose depuis Prague. Les leaders nationalistes slovaques d\u2019avant-guerre, comme Jozef Tiso, sont jug\u00e9s et ex\u00e9cut\u00e9s, tandis que les figures d\u00e9mocrates ou autonomistes sont marginalis\u00e9es. Le Parti communiste slovaque devient une simple branche du parti unifi\u00e9, et toute expression ouverte de nationalisme slovaque est qualifi\u00e9e de \u00ab bourgeois-nationaliste \u00bb et s\u00e9v\u00e8rement r\u00e9prim\u00e9e. Malgr\u00e9 cette chape de plomb, la conscience nationale ne s\u2019\u00e9teint pas. Dans les villages, les \u00e9glises et les familles, la m\u00e9moire de \u0160t\u00far et Hlinka reste vivante.<\/span><\/p>\n<p style=\"text-align: justify;\"><strong><span style=\"font-family: arial, helvetica, sans-serif; font-size: 14pt;\">2. Le Printemps de Prague et la F\u00e9d\u00e9ration de 1968-1969<\/span><\/strong><\/p>\n<p><img decoding=\"async\" class=\"alignnone size-medium\" src=\"https:\/\/images.radio-canada.ca\/v1\/ici-premiere\/16x9\/histo-prague-tanks-sovietiques-tchecoslovaquie.jpg\" width=\"2615\" height=\"1472\" \/><\/p>\n<p style=\"text-align: center;\"><em><span style=\"font-family: arial, helvetica, sans-serif; font-size: 14pt;\">Des Praguois entourent un char d\u2019assaut lors de l\u2019invasion sovi\u00e9tique de la Tch\u00e9coslovaquie, en ao\u00fbt 1968. PHOTO: Reuters \/ Libor Hajsky\u00a0<\/span><\/em><\/p>\n<p style=\"text-align: justify;\"><span style=\"font-family: arial, helvetica, sans-serif; font-size: 14pt;\">Les ann\u00e9es 1960 voient un l\u00e9ger assouplissement. En 1968, le Printemps de Prague, port\u00e9 par Alexander Dub\u010dek \u2013 un Slovaque devenu premier secr\u00e9taire du parti communiste tch\u00e9coslovaque \u2013, ouvre une br\u00e8ve fen\u00eatre d\u2019espoir. Dub\u010dek pr\u00f4ne un \u00ab socialisme \u00e0 visage humain \u00bb et soutient la transformation de l\u2019\u00c9tat unitaire en une f\u00e9d\u00e9ration sym\u00e9trique entre Tch\u00e8ques et Slovaques. Le 28 octobre 1968, la loi constitutionnelle sur la f\u00e9d\u00e9ration est adopt\u00e9e. \u00c0 partir du 1er janvier 1969, la R\u00e9publique socialiste tch\u00e9coslovaque devient officiellement une f\u00e9d\u00e9ration de deux r\u00e9publiques \u00e9gales en droit : la R\u00e9publique tch\u00e8que socialiste et la R\u00e9publique slovaque socialiste. Pour la premi\u00e8re fois depuis 1918, les Slovaques disposent d\u2019institutions nationales parall\u00e8les (Assembl\u00e9e nationale slovaque, gouvernement slovaque) et d\u2019un statut formellement \u00e9gal. Des figures comme Gust\u00e1v Hus\u00e1k, autre Slovaque, jouent un r\u00f4le central dans cette r\u00e9forme. L\u2019invasion sovi\u00e9tique d\u2019ao\u00fbt 1968 met fin au Printemps de Prague, et la \u00ab normalisation \u00bb qui suit renforce le contr\u00f4le central. Hus\u00e1k devient pr\u00e9sident en 1975 et impose un r\u00e9gime autoritaire. Pourtant, la f\u00e9d\u00e9ration de 1969 reste en place : c\u2019est une victoire partielle et durable pour les aspirations slovaques, car m\u00eame sous le r\u00e9gime communiste, la Slovaquie conserve des institutions propres qui serviront de base lors de la transition d\u00e9mocratique.<\/span><\/p>\n<p style=\"text-align: justify;\"><strong><span style=\"font-family: arial, helvetica, sans-serif; font-size: 14pt;\">3. La R\u00e9volution de Velours et la Mont\u00e9e des Divergences (1989-1992)<\/span><\/strong><\/p>\n<p><img decoding=\"async\" class=\"alignnone size-medium\" src=\"https:\/\/1gr.cz\/fotky\/lidovky\/22\/072\/cl6h\/RKJ94c591_profimedia_0670671485.jpg\" width=\"630\" height=\"412\" \/><\/p>\n<p style=\"text-align: center;\"><em><span style=\"font-family: arial, helvetica, sans-serif; font-size: 14pt;\">Vladim\u00edr Me\u010diar et V\u00e1clav Klaus<\/span><\/em><\/p>\n<p style=\"text-align: justify;\"><span style=\"font-family: arial, helvetica, sans-serif; font-size: 14pt;\">La chute du mur de Berlin en 1989 entra\u00eene rapidement l\u2019effondrement du r\u00e9gime communiste en Tch\u00e9coslovaquie. La R\u00e9volution de Velours, pacifique et joyeuse, porte au pouvoir V\u00e1clav Havel et les forces d\u00e9mocratiques regroup\u00e9es autour du Forum civique en Boh\u00eame et du Public contre la violence (VPN) en Slovaquie. Tr\u00e8s vite, des divergences apparaissent. En Slovaquie, une partie importante de l\u2019opinion, marqu\u00e9e par des d\u00e9cennies de centralisme pragois per\u00e7u comme distant, aspire \u00e0 une plus grande autonomie, voire \u00e0 une conf\u00e9d\u00e9ration. Le \u00ab conflit de la virgule \u00bb (d\u00e9bat sur le nom de l\u2019\u00c9tat : Tch\u00e9coslovaquie ou Tch\u00e9co-Slovaquie) symbolise ces tensions naissantes. En 1990, les premi\u00e8res \u00e9lections libres portent au pouvoir en Slovaquie le Mouvement pour une Slovaquie d\u00e9mocratique (HZDS) dirig\u00e9 par Vladim\u00edr Me\u010diar, un ancien boxeur devenu homme politique charismatique. Me\u010diar d\u00e9fend une ligne souverainiste mod\u00e9r\u00e9e, r\u00e9clamant davantage de comp\u00e9tences pour la R\u00e9publique slovaque et une \u00e9conomie moins brutale dans la transition vers le march\u00e9. Face \u00e0 lui, les partis tch\u00e8ques, plus lib\u00e9raux \u00e9conomiquement, souhaitent un \u00c9tat f\u00e9d\u00e9ral fort et une privatisation rapide. Les n\u00e9gociations entre Prague et Bratislava s\u2019enlisent. En 1992, apr\u00e8s les \u00e9lections, Me\u010diar et V\u00e1clav Klaus, premier ministre tch\u00e8que, constatent l\u2019impossibilit\u00e9 de trouver un compromis sur la forme future de l\u2019\u00c9tat commun. Lors de leur rencontre \u00e0 Brno en ao\u00fbt 1992, puis \u00e0 la villa Tugendhat, ils d\u00e9cident d\u2019une s\u00e9paration pacifique, souvent appel\u00e9e \u00ab divorce de velours \u00bb.<\/span><\/p>\n<p style=\"text-align: justify;\"><strong><span style=\"font-family: arial, helvetica, sans-serif; font-size: 14pt;\">4. La Proclamation de l\u2019Ind\u00e9pendance et la Naissance de la R\u00e9publique Slovaque (1993)<\/span><\/strong><\/p>\n<p><img loading=\"lazy\" decoding=\"async\" class=\"alignnone size-medium\" src=\"https:\/\/image.smedata.sk\/image\/w1200-h800\/1ef87ad6-3958-6f24-9745-c92ce60e2725.jpg\" width=\"1200\" height=\"800\" \/><\/p>\n<p style=\"text-align: justify;\"><span style=\"font-family: arial, helvetica, sans-serif; font-size: 14pt;\">Le 1er janvier 1993, \u00e0 minuit, la R\u00e9publique slovaque devient un \u00c9tat ind\u00e9pendant et souverain. \u00c0 Bratislava, des milliers de citoyens se rassemblent sur la place du Soul\u00e8vement national slovaque pour assister \u00e0 la lev\u00e9e du drapeau slovaque et entendre l\u2019hymne Nad Tatrou sa bl\u00fdska. Michal Kov\u00e1\u010d devient le premier pr\u00e9sident, Vladim\u00edr Me\u010diar le premier premier ministre. Cette ind\u00e9pendance, obtenue sans violence ni r\u00e9f\u00e9rendum, est le fruit d\u2019une longue maturation historique. Elle couronne les efforts des intellectuels du XIXe si\u00e8cle comme \u0160t\u00far, la r\u00e9sistance de Hlinka et la pers\u00e9v\u00e9rance tranquille du peuple slovaque sous le communisme. Elle refl\u00e8te la conviction profonde que la nation slovaque, avec sa langue, sa culture et ses valeurs propres, m\u00e9rite de diriger pleinement son destin. Malgr\u00e9 les difficult\u00e9s \u00e9conomiques des premi\u00e8res ann\u00e9es et les critiques internationales sur le style autoritaire de Me\u010diar, la jeune R\u00e9publique slovaque affirme rapidement sa viabilit\u00e9. Elle rejoint l\u2019Union europ\u00e9enne en 2004, d\u00e9montrant que l\u2019ind\u00e9pendance n\u2019\u00e9tait pas un repli, mais l\u2019affirmation confiante d\u2019une nation europ\u00e9enne \u00e0 part enti\u00e8re. L\u2019ind\u00e9pendance de 1993 n\u2019est pas une rupture, mais l\u2019aboutissement naturel d\u2019un chemin commenc\u00e9 dans les Tatras au XIXe si\u00e8cle. Elle incarne la victoire d\u2019un peuple qui, avec patience et dignit\u00e9, a su pr\u00e9server son identit\u00e9 \u00e0 travers les empires, les guerres et les totalitarismes, pour enfin vivre libre sur la terre de ses anc\u00eatres. <\/span><\/p>\n<p style=\"text-align: right;\"><strong><span style=\"font-family: arial, helvetica, sans-serif; font-size: 14pt;\">Olier Kerdrel<\/span><\/strong><\/p>\n","protected":false},"excerpt":{"rendered":"<p>Histoire du nationalisme slovaque (Partie 2) : de l\u2019Union Tch\u00e9coslovaque \u00e0 la Premi\u00e8re Ind\u00e9pendance (1918-1945) Le dernier chapitre du chemin vers l\u2019ind\u00e9pendance slovaque se d\u00e9roule dans la seconde moiti\u00e9 du XXe si\u00e8cle, une \u00e9poque o\u00f9 la nation, forte de son histoire mill\u00e9naire et de sa conscience nationale forg\u00e9e dans les \u00e9preuves, traverse la nuit du [&hellip;]<\/p>\n","protected":false},"author":1,"featured_media":5423,"comment_status":"open","ping_status":"open","sticky":false,"template":"","format":"standard","meta":{"sb_editor_width":"","footnotes":""},"categories":[75,46,65],"tags":[],"class_list":["post-5422","post","type-post","status-publish","format-standard","has-post-thumbnail","hentry","category-histoire","category-independance","category-principale"],"relative_dates":{"created":"4 mois ago","modified":"4 mois ago"},"yoast_head":"<!-- This site is optimized with the Yoast SEO plugin v26.3 - https:\/\/yoast.com\/wordpress\/plugins\/seo\/ -->\n<title>Histoire du nationalisme slovaque (Partie 3) : vers l&#039;Ind\u00e9pendance d\u00e9finitive - STOURM<\/title>\n<meta name=\"robots\" content=\"index, follow, max-snippet:-1, max-image-preview:large, max-video-preview:-1\" \/>\n<link rel=\"canonical\" href=\"https:\/\/stourm.news\/?p=5422\" \/>\n<meta property=\"og:locale\" content=\"fr_FR\" \/>\n<meta property=\"og:type\" content=\"article\" \/>\n<meta property=\"og:title\" content=\"Histoire du nationalisme slovaque (Partie 3) : vers l&#039;Ind\u00e9pendance d\u00e9finitive - STOURM\" \/>\n<meta property=\"og:description\" content=\"Histoire du nationalisme slovaque (Partie 2) : de l\u2019Union Tch\u00e9coslovaque \u00e0 la Premi\u00e8re Ind\u00e9pendance (1918-1945) Le dernier chapitre du chemin vers l\u2019ind\u00e9pendance slovaque se d\u00e9roule dans la seconde moiti\u00e9 du XXe si\u00e8cle, une \u00e9poque o\u00f9 la nation, forte de son histoire mill\u00e9naire et de sa conscience nationale forg\u00e9e dans les \u00e9preuves, traverse la nuit du [&hellip;]\" \/>\n<meta property=\"og:url\" content=\"https:\/\/stourm.news\/?p=5422\" \/>\n<meta property=\"og:site_name\" content=\"STOURM\" \/>\n<meta property=\"article:publisher\" content=\"https:\/\/www.facebook.com\/stourmnews\/\" \/>\n<meta property=\"article:published_time\" content=\"2025-12-28T08:36:40+00:00\" \/>\n<meta property=\"og:image\" content=\"https:\/\/images.jacobinmag.com\/wp-content\/uploads\/2018\/03\/13125136\/cz.jpg\" \/>\n<meta name=\"author\" content=\"La r\u00e9daction\" \/>\n<meta name=\"twitter:card\" content=\"summary_large_image\" \/>\n<meta name=\"twitter:label1\" content=\"\u00c9crit par\" \/>\n\t<meta name=\"twitter:data1\" content=\"La r\u00e9daction\" \/>\n\t<meta name=\"twitter:label2\" content=\"Dur\u00e9e de lecture estim\u00e9e\" \/>\n\t<meta name=\"twitter:data2\" content=\"6 minutes\" \/>\n<script type=\"application\/ld+json\" class=\"yoast-schema-graph\">{\"@context\":\"https:\/\/schema.org\",\"@graph\":[{\"@type\":\"Article\",\"@id\":\"https:\/\/stourm.news\/?p=5422#article\",\"isPartOf\":{\"@id\":\"https:\/\/stourm.news\/?p=5422\"},\"author\":{\"name\":\"La r\u00e9daction\",\"@id\":\"https:\/\/stourm.news\/#\/schema\/person\/c3e1dc65988632e190969234ef046cf9\"},\"headline\":\"Histoire du nationalisme slovaque (Partie 3) : vers l&rsquo;Ind\u00e9pendance d\u00e9finitive\",\"datePublished\":\"2025-12-28T08:36:40+00:00\",\"mainEntityOfPage\":{\"@id\":\"https:\/\/stourm.news\/?p=5422\"},\"wordCount\":1188,\"commentCount\":0,\"publisher\":{\"@id\":\"https:\/\/stourm.news\/#organization\"},\"image\":{\"@id\":\"https:\/\/stourm.news\/?p=5422#primaryimage\"},\"thumbnailUrl\":\"https:\/\/stourm.news\/wp-content\/uploads\/2025\/12\/Slovak-National-Uprising-Day-Anniversary-1200x834-1.webp\",\"articleSection\":[\"Histoire\",\"Ind\u00e9pendance\",\"Principale\"],\"inLanguage\":\"fr-FR\",\"potentialAction\":[{\"@type\":\"CommentAction\",\"name\":\"Comment\",\"target\":[\"https:\/\/stourm.news\/?p=5422#respond\"]}]},{\"@type\":\"WebPage\",\"@id\":\"https:\/\/stourm.news\/?p=5422\",\"url\":\"https:\/\/stourm.news\/?p=5422\",\"name\":\"Histoire du nationalisme slovaque (Partie 3) : vers l'Ind\u00e9pendance d\u00e9finitive - STOURM\",\"isPartOf\":{\"@id\":\"https:\/\/stourm.news\/#website\"},\"primaryImageOfPage\":{\"@id\":\"https:\/\/stourm.news\/?p=5422#primaryimage\"},\"image\":{\"@id\":\"https:\/\/stourm.news\/?p=5422#primaryimage\"},\"thumbnailUrl\":\"https:\/\/stourm.news\/wp-content\/uploads\/2025\/12\/Slovak-National-Uprising-Day-Anniversary-1200x834-1.webp\",\"datePublished\":\"2025-12-28T08:36:40+00:00\",\"breadcrumb\":{\"@id\":\"https:\/\/stourm.news\/?p=5422#breadcrumb\"},\"inLanguage\":\"fr-FR\",\"potentialAction\":[{\"@type\":\"ReadAction\",\"target\":[\"https:\/\/stourm.news\/?p=5422\"]}]},{\"@type\":\"ImageObject\",\"inLanguage\":\"fr-FR\",\"@id\":\"https:\/\/stourm.news\/?p=5422#primaryimage\",\"url\":\"https:\/\/stourm.news\/wp-content\/uploads\/2025\/12\/Slovak-National-Uprising-Day-Anniversary-1200x834-1.webp\",\"contentUrl\":\"https:\/\/stourm.news\/wp-content\/uploads\/2025\/12\/Slovak-National-Uprising-Day-Anniversary-1200x834-1.webp\",\"width\":1200,\"height\":834},{\"@type\":\"BreadcrumbList\",\"@id\":\"https:\/\/stourm.news\/?p=5422#breadcrumb\",\"itemListElement\":[{\"@type\":\"ListItem\",\"position\":1,\"name\":\"Accueil\",\"item\":\"https:\/\/stourm.news\/\"},{\"@type\":\"ListItem\",\"position\":2,\"name\":\"Histoire du nationalisme slovaque (Partie 3) : vers l&rsquo;Ind\u00e9pendance d\u00e9finitive\"}]},{\"@type\":\"WebSite\",\"@id\":\"https:\/\/stourm.news\/#website\",\"url\":\"https:\/\/stourm.news\/\",\"name\":\"Stourm\",\"description\":\"Kazetenn Strollad Broadel Breizh\",\"publisher\":{\"@id\":\"https:\/\/stourm.news\/#organization\"},\"potentialAction\":[{\"@type\":\"SearchAction\",\"target\":{\"@type\":\"EntryPoint\",\"urlTemplate\":\"https:\/\/stourm.news\/?s={search_term_string}\"},\"query-input\":{\"@type\":\"PropertyValueSpecification\",\"valueRequired\":true,\"valueName\":\"search_term_string\"}}],\"inLanguage\":\"fr-FR\"},{\"@type\":\"Organization\",\"@id\":\"https:\/\/stourm.news\/#organization\",\"name\":\"Stourm\",\"url\":\"https:\/\/stourm.news\/\",\"logo\":{\"@type\":\"ImageObject\",\"inLanguage\":\"fr-FR\",\"@id\":\"https:\/\/stourm.news\/#\/schema\/logo\/image\/\",\"url\":\"https:\/\/stourm.news\/wp-content\/uploads\/2025\/11\/cropped-Capture-decran-2025-11-28-a-15.19.07.png\",\"contentUrl\":\"https:\/\/stourm.news\/wp-content\/uploads\/2025\/11\/cropped-Capture-decran-2025-11-28-a-15.19.07.png\",\"width\":1855,\"height\":383,\"caption\":\"Stourm\"},\"image\":{\"@id\":\"https:\/\/stourm.news\/#\/schema\/logo\/image\/\"},\"sameAs\":[\"https:\/\/www.facebook.com\/stourmnews\/\"]},{\"@type\":\"Person\",\"@id\":\"https:\/\/stourm.news\/#\/schema\/person\/c3e1dc65988632e190969234ef046cf9\",\"name\":\"La r\u00e9daction\",\"image\":{\"@type\":\"ImageObject\",\"inLanguage\":\"fr-FR\",\"@id\":\"https:\/\/stourm.news\/#\/schema\/person\/image\/\",\"url\":\"https:\/\/secure.gravatar.com\/avatar\/7463443f194b6b5fb706b074ca0ef59a0cfcfd720cb47764b0ec5a952ce422b3?s=96&d=mm&r=g\",\"contentUrl\":\"https:\/\/secure.gravatar.com\/avatar\/7463443f194b6b5fb706b074ca0ef59a0cfcfd720cb47764b0ec5a952ce422b3?s=96&d=mm&r=g\",\"caption\":\"La r\u00e9daction\"},\"sameAs\":[\"https:\/\/stourm.news\"],\"url\":\"https:\/\/stourm.news\/?author=1\"}]}<\/script>\n<!-- \/ Yoast SEO plugin. -->","yoast_head_json":{"title":"Histoire du nationalisme slovaque (Partie 3) : vers l'Ind\u00e9pendance d\u00e9finitive - STOURM","robots":{"index":"index","follow":"follow","max-snippet":"max-snippet:-1","max-image-preview":"max-image-preview:large","max-video-preview":"max-video-preview:-1"},"canonical":"https:\/\/stourm.news\/?p=5422","og_locale":"fr_FR","og_type":"article","og_title":"Histoire du nationalisme slovaque (Partie 3) : vers l'Ind\u00e9pendance d\u00e9finitive - STOURM","og_description":"Histoire du nationalisme slovaque (Partie 2) : de l\u2019Union Tch\u00e9coslovaque \u00e0 la Premi\u00e8re Ind\u00e9pendance (1918-1945) Le dernier chapitre du chemin vers l\u2019ind\u00e9pendance slovaque se d\u00e9roule dans la seconde moiti\u00e9 du XXe si\u00e8cle, une \u00e9poque o\u00f9 la nation, forte de son histoire mill\u00e9naire et de sa conscience nationale forg\u00e9e dans les \u00e9preuves, traverse la nuit du [&hellip;]","og_url":"https:\/\/stourm.news\/?p=5422","og_site_name":"STOURM","article_publisher":"https:\/\/www.facebook.com\/stourmnews\/","article_published_time":"2025-12-28T08:36:40+00:00","og_image":[{"url":"https:\/\/images.jacobinmag.com\/wp-content\/uploads\/2018\/03\/13125136\/cz.jpg","type":"","width":"","height":""}],"author":"La r\u00e9daction","twitter_card":"summary_large_image","twitter_misc":{"\u00c9crit par":"La r\u00e9daction","Dur\u00e9e de lecture estim\u00e9e":"6 minutes"},"schema":{"@context":"https:\/\/schema.org","@graph":[{"@type":"Article","@id":"https:\/\/stourm.news\/?p=5422#article","isPartOf":{"@id":"https:\/\/stourm.news\/?p=5422"},"author":{"name":"La r\u00e9daction","@id":"https:\/\/stourm.news\/#\/schema\/person\/c3e1dc65988632e190969234ef046cf9"},"headline":"Histoire du nationalisme slovaque (Partie 3) : vers l&rsquo;Ind\u00e9pendance d\u00e9finitive","datePublished":"2025-12-28T08:36:40+00:00","mainEntityOfPage":{"@id":"https:\/\/stourm.news\/?p=5422"},"wordCount":1188,"commentCount":0,"publisher":{"@id":"https:\/\/stourm.news\/#organization"},"image":{"@id":"https:\/\/stourm.news\/?p=5422#primaryimage"},"thumbnailUrl":"https:\/\/stourm.news\/wp-content\/uploads\/2025\/12\/Slovak-National-Uprising-Day-Anniversary-1200x834-1.webp","articleSection":["Histoire","Ind\u00e9pendance","Principale"],"inLanguage":"fr-FR","potentialAction":[{"@type":"CommentAction","name":"Comment","target":["https:\/\/stourm.news\/?p=5422#respond"]}]},{"@type":"WebPage","@id":"https:\/\/stourm.news\/?p=5422","url":"https:\/\/stourm.news\/?p=5422","name":"Histoire du nationalisme slovaque (Partie 3) : vers l'Ind\u00e9pendance d\u00e9finitive - STOURM","isPartOf":{"@id":"https:\/\/stourm.news\/#website"},"primaryImageOfPage":{"@id":"https:\/\/stourm.news\/?p=5422#primaryimage"},"image":{"@id":"https:\/\/stourm.news\/?p=5422#primaryimage"},"thumbnailUrl":"https:\/\/stourm.news\/wp-content\/uploads\/2025\/12\/Slovak-National-Uprising-Day-Anniversary-1200x834-1.webp","datePublished":"2025-12-28T08:36:40+00:00","breadcrumb":{"@id":"https:\/\/stourm.news\/?p=5422#breadcrumb"},"inLanguage":"fr-FR","potentialAction":[{"@type":"ReadAction","target":["https:\/\/stourm.news\/?p=5422"]}]},{"@type":"ImageObject","inLanguage":"fr-FR","@id":"https:\/\/stourm.news\/?p=5422#primaryimage","url":"https:\/\/stourm.news\/wp-content\/uploads\/2025\/12\/Slovak-National-Uprising-Day-Anniversary-1200x834-1.webp","contentUrl":"https:\/\/stourm.news\/wp-content\/uploads\/2025\/12\/Slovak-National-Uprising-Day-Anniversary-1200x834-1.webp","width":1200,"height":834},{"@type":"BreadcrumbList","@id":"https:\/\/stourm.news\/?p=5422#breadcrumb","itemListElement":[{"@type":"ListItem","position":1,"name":"Accueil","item":"https:\/\/stourm.news\/"},{"@type":"ListItem","position":2,"name":"Histoire du nationalisme slovaque (Partie 3) : vers l&rsquo;Ind\u00e9pendance d\u00e9finitive"}]},{"@type":"WebSite","@id":"https:\/\/stourm.news\/#website","url":"https:\/\/stourm.news\/","name":"Stourm","description":"Kazetenn Strollad Broadel Breizh","publisher":{"@id":"https:\/\/stourm.news\/#organization"},"potentialAction":[{"@type":"SearchAction","target":{"@type":"EntryPoint","urlTemplate":"https:\/\/stourm.news\/?s={search_term_string}"},"query-input":{"@type":"PropertyValueSpecification","valueRequired":true,"valueName":"search_term_string"}}],"inLanguage":"fr-FR"},{"@type":"Organization","@id":"https:\/\/stourm.news\/#organization","name":"Stourm","url":"https:\/\/stourm.news\/","logo":{"@type":"ImageObject","inLanguage":"fr-FR","@id":"https:\/\/stourm.news\/#\/schema\/logo\/image\/","url":"https:\/\/stourm.news\/wp-content\/uploads\/2025\/11\/cropped-Capture-decran-2025-11-28-a-15.19.07.png","contentUrl":"https:\/\/stourm.news\/wp-content\/uploads\/2025\/11\/cropped-Capture-decran-2025-11-28-a-15.19.07.png","width":1855,"height":383,"caption":"Stourm"},"image":{"@id":"https:\/\/stourm.news\/#\/schema\/logo\/image\/"},"sameAs":["https:\/\/www.facebook.com\/stourmnews\/"]},{"@type":"Person","@id":"https:\/\/stourm.news\/#\/schema\/person\/c3e1dc65988632e190969234ef046cf9","name":"La r\u00e9daction","image":{"@type":"ImageObject","inLanguage":"fr-FR","@id":"https:\/\/stourm.news\/#\/schema\/person\/image\/","url":"https:\/\/secure.gravatar.com\/avatar\/7463443f194b6b5fb706b074ca0ef59a0cfcfd720cb47764b0ec5a952ce422b3?s=96&d=mm&r=g","contentUrl":"https:\/\/secure.gravatar.com\/avatar\/7463443f194b6b5fb706b074ca0ef59a0cfcfd720cb47764b0ec5a952ce422b3?s=96&d=mm&r=g","caption":"La r\u00e9daction"},"sameAs":["https:\/\/stourm.news"],"url":"https:\/\/stourm.news\/?author=1"}]}},"_links":{"self":[{"href":"https:\/\/stourm.news\/index.php?rest_route=\/wp\/v2\/posts\/5422","targetHints":{"allow":["GET"]}}],"collection":[{"href":"https:\/\/stourm.news\/index.php?rest_route=\/wp\/v2\/posts"}],"about":[{"href":"https:\/\/stourm.news\/index.php?rest_route=\/wp\/v2\/types\/post"}],"author":[{"embeddable":true,"href":"https:\/\/stourm.news\/index.php?rest_route=\/wp\/v2\/users\/1"}],"replies":[{"embeddable":true,"href":"https:\/\/stourm.news\/index.php?rest_route=%2Fwp%2Fv2%2Fcomments&post=5422"}],"version-history":[{"count":1,"href":"https:\/\/stourm.news\/index.php?rest_route=\/wp\/v2\/posts\/5422\/revisions"}],"predecessor-version":[{"id":5424,"href":"https:\/\/stourm.news\/index.php?rest_route=\/wp\/v2\/posts\/5422\/revisions\/5424"}],"wp:featuredmedia":[{"embeddable":true,"href":"https:\/\/stourm.news\/index.php?rest_route=\/wp\/v2\/media\/5423"}],"wp:attachment":[{"href":"https:\/\/stourm.news\/index.php?rest_route=%2Fwp%2Fv2%2Fmedia&parent=5422"}],"wp:term":[{"taxonomy":"category","embeddable":true,"href":"https:\/\/stourm.news\/index.php?rest_route=%2Fwp%2Fv2%2Fcategories&post=5422"},{"taxonomy":"post_tag","embeddable":true,"href":"https:\/\/stourm.news\/index.php?rest_route=%2Fwp%2Fv2%2Ftags&post=5422"}],"curies":[{"name":"wp","href":"https:\/\/api.w.org\/{rel}","templated":true}]}}