{"id":5425,"date":"2025-12-28T08:45:31","date_gmt":"2025-12-28T08:45:31","guid":{"rendered":"https:\/\/stourm.news\/?p=5425"},"modified":"2025-12-28T08:45:31","modified_gmt":"2025-12-28T08:45:31","slug":"guet-apens-pres-de-nantes-un-adolescent-poignarde-par-trois-mineurs-de-14-a-15-ans","status":"publish","type":"post","link":"https:\/\/stourm.news\/?p=5425","title":{"rendered":"Guet-apens pr\u00e8s de Nantes : un adolescent poignard\u00e9 par trois mineurs de 14 \u00e0 15 ans"},"content":{"rendered":"<p style=\"text-align: justify;\"><span style=\"font-family: arial, helvetica, sans-serif; font-size: 14pt;\">Un simple rendez-vous pour vendre un v\u00eatement sur une plateforme d&rsquo;annonces en ligne a tourn\u00e9 au cauchemar le 23 d\u00e9cembre dernier \u00e0 Reudied (Rez\u00e9), en Loire-Atlantique, pr\u00e8s de Naoned (Nantes). Un adolescent de 17 ans a \u00e9t\u00e9 victime d&rsquo;un guet-apens tendu par trois mineurs \u00e2g\u00e9s de seulement 14 \u00e0 15 ans, qui l&rsquo;ont agress\u00e9 au couteau pour lui voler son bien rapporte <strong><a href=\"https:\/\/actu17.fr\/faits-divers\/guet-apens-pres-de-nantes-un-adolescent-poignarde-par-trois-mineurs-de-14-a-15-ans.html\">Actu17<\/a><\/strong>.<\/span><\/p>\n<p style=\"text-align: justify;\"><span style=\"font-family: arial, helvetica, sans-serif; font-size: 14pt;\">La victime avait fix\u00e9 un rendez-vous avec un acheteur potentiel apr\u00e8s avoir post\u00e9 une annonce pour un pull sur Leboncoin. Mais une fois sur place, elle s&rsquo;est retrouv\u00e9e face \u00e0 trois jeunes individus qui n&rsquo;avaient manifestement pas l&rsquo;intention de payer. L&rsquo;un d&rsquo;eux a sorti un couteau et a port\u00e9 trois coups \u00e0 l&rsquo;adolescent : un \u00e0 l&rsquo;omoplate, un \u00e0 la jambe et un \u00e0 la cheville. Gri\u00e8vement bless\u00e9, le jeune homme a n\u00e9anmoins pu alerter les secours. Transport\u00e9 au CHU de Nantes, il s&rsquo;est vu prescrire cinq jours d&rsquo;incapacit\u00e9 totale de travail (ITT).<\/span><\/p>\n<p style=\"text-align: justify;\"><span style=\"font-family: arial, helvetica, sans-serif; font-size: 14pt;\">Les agresseurs ont fui les lieux en emportant le pull, mais aussi les papiers d&rsquo;identit\u00e9, les cl\u00e9s et de l&rsquo;argent de la victime. Une enqu\u00eate a \u00e9t\u00e9 imm\u00e9diatement ouverte par les forces de l&rsquo;ordre. Gr\u00e2ce \u00e0 un travail rapide de la brigade anticriminalit\u00e9 (BAC), les trois suspects, d\u00e9j\u00e0 connus des services de police pour des faits ant\u00e9rieurs, ont \u00e9t\u00e9 interpell\u00e9s peu apr\u00e8s les faits. La victime a formellement reconnu le principal auteur sur photo. L&rsquo;un des complices, \u00e2g\u00e9 de 14 ans, s&rsquo;est m\u00eame pr\u00e9sent\u00e9 spontan\u00e9ment au commissariat accompagn\u00e9 de sa m\u00e8re. Le troisi\u00e8me a \u00e9t\u00e9 arr\u00eat\u00e9 dans les heures suivantes.<\/span><\/p>\n<p style=\"text-align: justify;\"><span style=\"font-family: arial, helvetica, sans-serif; font-size: 14pt;\">Plac\u00e9es en garde \u00e0 vue, les trois jeunes ont reconnu les faits. Lors des perquisitions, les enqu\u00eateurs ont retrouv\u00e9 le pull vol\u00e9, mais l&rsquo;arme du crime, le couteau, reste introuvable \u00e0 ce jour.Le principal suspect a \u00e9t\u00e9 d\u00e9f\u00e9r\u00e9 devant le juge pour enfants d\u00e8s le jeudi suivant l&rsquo;agression. Ses deux complices ont \u00e9t\u00e9 remis en libert\u00e9 dans l&rsquo;attente de leur comparution devant la juridiction des mineurs. <\/span><\/p>\n<p style=\"text-align: right;\"><strong><span style=\"font-family: arial, helvetica, sans-serif; font-size: 14pt;\">Ewen Broc&rsquo;han<\/span><\/strong><\/p>\n","protected":false},"excerpt":{"rendered":"<p>Un simple rendez-vous pour vendre un v\u00eatement sur une plateforme d&rsquo;annonces en ligne a tourn\u00e9 au cauchemar le 23 d\u00e9cembre dernier \u00e0 Reudied (Rez\u00e9), en Loire-Atlantique, pr\u00e8s de Naoned (Nantes). Un adolescent de 17 ans a \u00e9t\u00e9 victime d&rsquo;un guet-apens tendu par trois mineurs \u00e2g\u00e9s de seulement 14 \u00e0 15 ans, qui l&rsquo;ont agress\u00e9 au [&hellip;]<\/p>\n","protected":false},"author":1,"featured_media":5426,"comment_status":"open","ping_status":"open","sticky":false,"template":"","format":"standard","meta":{"sb_editor_width":"","footnotes":""},"categories":[31,41,65,62],"tags":[],"class_list":["post-5425","post","type-post","status-publish","format-standard","has-post-thumbnail","hentry","category-agression","category-ille-et-vilaine","category-principale","category-revue-de-presse"],"relative_dates":{"created":"4 mois ago","modified":"4 mois ago"},"yoast_head":"<!-- This site is optimized with the Yoast SEO plugin v26.3 - https:\/\/yoast.com\/wordpress\/plugins\/seo\/ -->\n<title>Guet-apens pr\u00e8s de Nantes : un adolescent poignard\u00e9 par trois mineurs de 14 \u00e0 15 ans - STOURM<\/title>\n<meta name=\"robots\" content=\"index, follow, max-snippet:-1, max-image-preview:large, max-video-preview:-1\" \/>\n<link rel=\"canonical\" href=\"https:\/\/stourm.news\/?p=5425\" \/>\n<meta property=\"og:locale\" content=\"fr_FR\" \/>\n<meta property=\"og:type\" content=\"article\" \/>\n<meta property=\"og:title\" content=\"Guet-apens pr\u00e8s de Nantes : un adolescent poignard\u00e9 par trois mineurs de 14 \u00e0 15 ans - STOURM\" \/>\n<meta property=\"og:description\" content=\"Un simple rendez-vous pour vendre un v\u00eatement sur une plateforme d&rsquo;annonces en ligne a tourn\u00e9 au cauchemar le 23 d\u00e9cembre dernier \u00e0 Reudied (Rez\u00e9), en Loire-Atlantique, pr\u00e8s de Naoned (Nantes). Un adolescent de 17 ans a \u00e9t\u00e9 victime d&rsquo;un guet-apens tendu par trois mineurs \u00e2g\u00e9s de seulement 14 \u00e0 15 ans, qui l&rsquo;ont agress\u00e9 au [&hellip;]\" \/>\n<meta property=\"og:url\" content=\"https:\/\/stourm.news\/?p=5425\" \/>\n<meta property=\"og:site_name\" content=\"STOURM\" \/>\n<meta property=\"article:publisher\" content=\"https:\/\/www.facebook.com\/stourmnews\/\" \/>\n<meta property=\"article:published_time\" content=\"2025-12-28T08:45:31+00:00\" \/>\n<meta name=\"author\" content=\"La r\u00e9daction\" \/>\n<meta name=\"twitter:card\" content=\"summary_large_image\" \/>\n<meta name=\"twitter:label1\" content=\"\u00c9crit par\" \/>\n\t<meta name=\"twitter:data1\" content=\"La r\u00e9daction\" \/>\n\t<meta name=\"twitter:label2\" content=\"Dur\u00e9e de lecture estim\u00e9e\" \/>\n\t<meta name=\"twitter:data2\" content=\"2 minutes\" \/>\n<script type=\"application\/ld+json\" class=\"yoast-schema-graph\">{\"@context\":\"https:\/\/schema.org\",\"@graph\":[{\"@type\":\"Article\",\"@id\":\"https:\/\/stourm.news\/?p=5425#article\",\"isPartOf\":{\"@id\":\"https:\/\/stourm.news\/?p=5425\"},\"author\":{\"name\":\"La r\u00e9daction\",\"@id\":\"https:\/\/stourm.news\/#\/schema\/person\/c3e1dc65988632e190969234ef046cf9\"},\"headline\":\"Guet-apens pr\u00e8s de Nantes : un adolescent poignard\u00e9 par trois mineurs de 14 \u00e0 15 ans\",\"datePublished\":\"2025-12-28T08:45:31+00:00\",\"mainEntityOfPage\":{\"@id\":\"https:\/\/stourm.news\/?p=5425\"},\"wordCount\":370,\"commentCount\":0,\"publisher\":{\"@id\":\"https:\/\/stourm.news\/#organization\"},\"image\":{\"@id\":\"https:\/\/stourm.news\/?p=5425#primaryimage\"},\"thumbnailUrl\":\"https:\/\/stourm.news\/wp-content\/uploads\/2025\/12\/MjAyMTEwZTMwMzYyOWE0YjQxNWY0NTRjMWQ4MWEzYjA5M2NjNDM.avif\",\"articleSection\":[\"Agression\",\"Ille-et-Vilaine\",\"Principale\",\"Revue de presse\"],\"inLanguage\":\"fr-FR\",\"potentialAction\":[{\"@type\":\"CommentAction\",\"name\":\"Comment\",\"target\":[\"https:\/\/stourm.news\/?p=5425#respond\"]}]},{\"@type\":\"WebPage\",\"@id\":\"https:\/\/stourm.news\/?p=5425\",\"url\":\"https:\/\/stourm.news\/?p=5425\",\"name\":\"Guet-apens pr\u00e8s de Nantes : un adolescent poignard\u00e9 par trois mineurs de 14 \u00e0 15 ans - STOURM\",\"isPartOf\":{\"@id\":\"https:\/\/stourm.news\/#website\"},\"primaryImageOfPage\":{\"@id\":\"https:\/\/stourm.news\/?p=5425#primaryimage\"},\"image\":{\"@id\":\"https:\/\/stourm.news\/?p=5425#primaryimage\"},\"thumbnailUrl\":\"https:\/\/stourm.news\/wp-content\/uploads\/2025\/12\/MjAyMTEwZTMwMzYyOWE0YjQxNWY0NTRjMWQ4MWEzYjA5M2NjNDM.avif\",\"datePublished\":\"2025-12-28T08:45:31+00:00\",\"breadcrumb\":{\"@id\":\"https:\/\/stourm.news\/?p=5425#breadcrumb\"},\"inLanguage\":\"fr-FR\",\"potentialAction\":[{\"@type\":\"ReadAction\",\"target\":[\"https:\/\/stourm.news\/?p=5425\"]}]},{\"@type\":\"ImageObject\",\"inLanguage\":\"fr-FR\",\"@id\":\"https:\/\/stourm.news\/?p=5425#primaryimage\",\"url\":\"https:\/\/stourm.news\/wp-content\/uploads\/2025\/12\/MjAyMTEwZTMwMzYyOWE0YjQxNWY0NTRjMWQ4MWEzYjA5M2NjNDM.avif\",\"contentUrl\":\"https:\/\/stourm.news\/wp-content\/uploads\/2025\/12\/MjAyMTEwZTMwMzYyOWE0YjQxNWY0NTRjMWQ4MWEzYjA5M2NjNDM.avif\",\"width\":1260,\"height\":708},{\"@type\":\"BreadcrumbList\",\"@id\":\"https:\/\/stourm.news\/?p=5425#breadcrumb\",\"itemListElement\":[{\"@type\":\"ListItem\",\"position\":1,\"name\":\"Accueil\",\"item\":\"https:\/\/stourm.news\/\"},{\"@type\":\"ListItem\",\"position\":2,\"name\":\"Guet-apens pr\u00e8s de Nantes : un adolescent poignard\u00e9 par trois mineurs de 14 \u00e0 15 ans\"}]},{\"@type\":\"WebSite\",\"@id\":\"https:\/\/stourm.news\/#website\",\"url\":\"https:\/\/stourm.news\/\",\"name\":\"Stourm\",\"description\":\"Kazetenn Strollad Broadel Breizh\",\"publisher\":{\"@id\":\"https:\/\/stourm.news\/#organization\"},\"potentialAction\":[{\"@type\":\"SearchAction\",\"target\":{\"@type\":\"EntryPoint\",\"urlTemplate\":\"https:\/\/stourm.news\/?s={search_term_string}\"},\"query-input\":{\"@type\":\"PropertyValueSpecification\",\"valueRequired\":true,\"valueName\":\"search_term_string\"}}],\"inLanguage\":\"fr-FR\"},{\"@type\":\"Organization\",\"@id\":\"https:\/\/stourm.news\/#organization\",\"name\":\"Stourm\",\"url\":\"https:\/\/stourm.news\/\",\"logo\":{\"@type\":\"ImageObject\",\"inLanguage\":\"fr-FR\",\"@id\":\"https:\/\/stourm.news\/#\/schema\/logo\/image\/\",\"url\":\"https:\/\/stourm.news\/wp-content\/uploads\/2025\/11\/cropped-Capture-decran-2025-11-28-a-15.19.07.png\",\"contentUrl\":\"https:\/\/stourm.news\/wp-content\/uploads\/2025\/11\/cropped-Capture-decran-2025-11-28-a-15.19.07.png\",\"width\":1855,\"height\":383,\"caption\":\"Stourm\"},\"image\":{\"@id\":\"https:\/\/stourm.news\/#\/schema\/logo\/image\/\"},\"sameAs\":[\"https:\/\/www.facebook.com\/stourmnews\/\"]},{\"@type\":\"Person\",\"@id\":\"https:\/\/stourm.news\/#\/schema\/person\/c3e1dc65988632e190969234ef046cf9\",\"name\":\"La r\u00e9daction\",\"image\":{\"@type\":\"ImageObject\",\"inLanguage\":\"fr-FR\",\"@id\":\"https:\/\/stourm.news\/#\/schema\/person\/image\/\",\"url\":\"https:\/\/secure.gravatar.com\/avatar\/7463443f194b6b5fb706b074ca0ef59a0cfcfd720cb47764b0ec5a952ce422b3?s=96&d=mm&r=g\",\"contentUrl\":\"https:\/\/secure.gravatar.com\/avatar\/7463443f194b6b5fb706b074ca0ef59a0cfcfd720cb47764b0ec5a952ce422b3?s=96&d=mm&r=g\",\"caption\":\"La r\u00e9daction\"},\"sameAs\":[\"https:\/\/stourm.news\"],\"url\":\"https:\/\/stourm.news\/?author=1\"}]}<\/script>\n<!-- \/ Yoast SEO plugin. -->","yoast_head_json":{"title":"Guet-apens pr\u00e8s de Nantes : un adolescent poignard\u00e9 par trois mineurs de 14 \u00e0 15 ans - STOURM","robots":{"index":"index","follow":"follow","max-snippet":"max-snippet:-1","max-image-preview":"max-image-preview:large","max-video-preview":"max-video-preview:-1"},"canonical":"https:\/\/stourm.news\/?p=5425","og_locale":"fr_FR","og_type":"article","og_title":"Guet-apens pr\u00e8s de Nantes : un adolescent poignard\u00e9 par trois mineurs de 14 \u00e0 15 ans - STOURM","og_description":"Un simple rendez-vous pour vendre un v\u00eatement sur une plateforme d&rsquo;annonces en ligne a tourn\u00e9 au cauchemar le 23 d\u00e9cembre dernier \u00e0 Reudied (Rez\u00e9), en Loire-Atlantique, pr\u00e8s de Naoned (Nantes). Un adolescent de 17 ans a \u00e9t\u00e9 victime d&rsquo;un guet-apens tendu par trois mineurs \u00e2g\u00e9s de seulement 14 \u00e0 15 ans, qui l&rsquo;ont agress\u00e9 au [&hellip;]","og_url":"https:\/\/stourm.news\/?p=5425","og_site_name":"STOURM","article_publisher":"https:\/\/www.facebook.com\/stourmnews\/","article_published_time":"2025-12-28T08:45:31+00:00","author":"La r\u00e9daction","twitter_card":"summary_large_image","twitter_misc":{"\u00c9crit par":"La r\u00e9daction","Dur\u00e9e de lecture estim\u00e9e":"2 minutes"},"schema":{"@context":"https:\/\/schema.org","@graph":[{"@type":"Article","@id":"https:\/\/stourm.news\/?p=5425#article","isPartOf":{"@id":"https:\/\/stourm.news\/?p=5425"},"author":{"name":"La r\u00e9daction","@id":"https:\/\/stourm.news\/#\/schema\/person\/c3e1dc65988632e190969234ef046cf9"},"headline":"Guet-apens pr\u00e8s de Nantes : un adolescent poignard\u00e9 par trois mineurs de 14 \u00e0 15 ans","datePublished":"2025-12-28T08:45:31+00:00","mainEntityOfPage":{"@id":"https:\/\/stourm.news\/?p=5425"},"wordCount":370,"commentCount":0,"publisher":{"@id":"https:\/\/stourm.news\/#organization"},"image":{"@id":"https:\/\/stourm.news\/?p=5425#primaryimage"},"thumbnailUrl":"https:\/\/stourm.news\/wp-content\/uploads\/2025\/12\/MjAyMTEwZTMwMzYyOWE0YjQxNWY0NTRjMWQ4MWEzYjA5M2NjNDM.avif","articleSection":["Agression","Ille-et-Vilaine","Principale","Revue de presse"],"inLanguage":"fr-FR","potentialAction":[{"@type":"CommentAction","name":"Comment","target":["https:\/\/stourm.news\/?p=5425#respond"]}]},{"@type":"WebPage","@id":"https:\/\/stourm.news\/?p=5425","url":"https:\/\/stourm.news\/?p=5425","name":"Guet-apens pr\u00e8s de Nantes : un adolescent poignard\u00e9 par trois mineurs de 14 \u00e0 15 ans - STOURM","isPartOf":{"@id":"https:\/\/stourm.news\/#website"},"primaryImageOfPage":{"@id":"https:\/\/stourm.news\/?p=5425#primaryimage"},"image":{"@id":"https:\/\/stourm.news\/?p=5425#primaryimage"},"thumbnailUrl":"https:\/\/stourm.news\/wp-content\/uploads\/2025\/12\/MjAyMTEwZTMwMzYyOWE0YjQxNWY0NTRjMWQ4MWEzYjA5M2NjNDM.avif","datePublished":"2025-12-28T08:45:31+00:00","breadcrumb":{"@id":"https:\/\/stourm.news\/?p=5425#breadcrumb"},"inLanguage":"fr-FR","potentialAction":[{"@type":"ReadAction","target":["https:\/\/stourm.news\/?p=5425"]}]},{"@type":"ImageObject","inLanguage":"fr-FR","@id":"https:\/\/stourm.news\/?p=5425#primaryimage","url":"https:\/\/stourm.news\/wp-content\/uploads\/2025\/12\/MjAyMTEwZTMwMzYyOWE0YjQxNWY0NTRjMWQ4MWEzYjA5M2NjNDM.avif","contentUrl":"https:\/\/stourm.news\/wp-content\/uploads\/2025\/12\/MjAyMTEwZTMwMzYyOWE0YjQxNWY0NTRjMWQ4MWEzYjA5M2NjNDM.avif","width":1260,"height":708},{"@type":"BreadcrumbList","@id":"https:\/\/stourm.news\/?p=5425#breadcrumb","itemListElement":[{"@type":"ListItem","position":1,"name":"Accueil","item":"https:\/\/stourm.news\/"},{"@type":"ListItem","position":2,"name":"Guet-apens pr\u00e8s de Nantes : un adolescent poignard\u00e9 par trois mineurs de 14 \u00e0 15 ans"}]},{"@type":"WebSite","@id":"https:\/\/stourm.news\/#website","url":"https:\/\/stourm.news\/","name":"Stourm","description":"Kazetenn Strollad Broadel Breizh","publisher":{"@id":"https:\/\/stourm.news\/#organization"},"potentialAction":[{"@type":"SearchAction","target":{"@type":"EntryPoint","urlTemplate":"https:\/\/stourm.news\/?s={search_term_string}"},"query-input":{"@type":"PropertyValueSpecification","valueRequired":true,"valueName":"search_term_string"}}],"inLanguage":"fr-FR"},{"@type":"Organization","@id":"https:\/\/stourm.news\/#organization","name":"Stourm","url":"https:\/\/stourm.news\/","logo":{"@type":"ImageObject","inLanguage":"fr-FR","@id":"https:\/\/stourm.news\/#\/schema\/logo\/image\/","url":"https:\/\/stourm.news\/wp-content\/uploads\/2025\/11\/cropped-Capture-decran-2025-11-28-a-15.19.07.png","contentUrl":"https:\/\/stourm.news\/wp-content\/uploads\/2025\/11\/cropped-Capture-decran-2025-11-28-a-15.19.07.png","width":1855,"height":383,"caption":"Stourm"},"image":{"@id":"https:\/\/stourm.news\/#\/schema\/logo\/image\/"},"sameAs":["https:\/\/www.facebook.com\/stourmnews\/"]},{"@type":"Person","@id":"https:\/\/stourm.news\/#\/schema\/person\/c3e1dc65988632e190969234ef046cf9","name":"La r\u00e9daction","image":{"@type":"ImageObject","inLanguage":"fr-FR","@id":"https:\/\/stourm.news\/#\/schema\/person\/image\/","url":"https:\/\/secure.gravatar.com\/avatar\/7463443f194b6b5fb706b074ca0ef59a0cfcfd720cb47764b0ec5a952ce422b3?s=96&d=mm&r=g","contentUrl":"https:\/\/secure.gravatar.com\/avatar\/7463443f194b6b5fb706b074ca0ef59a0cfcfd720cb47764b0ec5a952ce422b3?s=96&d=mm&r=g","caption":"La r\u00e9daction"},"sameAs":["https:\/\/stourm.news"],"url":"https:\/\/stourm.news\/?author=1"}]}},"_links":{"self":[{"href":"https:\/\/stourm.news\/index.php?rest_route=\/wp\/v2\/posts\/5425","targetHints":{"allow":["GET"]}}],"collection":[{"href":"https:\/\/stourm.news\/index.php?rest_route=\/wp\/v2\/posts"}],"about":[{"href":"https:\/\/stourm.news\/index.php?rest_route=\/wp\/v2\/types\/post"}],"author":[{"embeddable":true,"href":"https:\/\/stourm.news\/index.php?rest_route=\/wp\/v2\/users\/1"}],"replies":[{"embeddable":true,"href":"https:\/\/stourm.news\/index.php?rest_route=%2Fwp%2Fv2%2Fcomments&post=5425"}],"version-history":[{"count":1,"href":"https:\/\/stourm.news\/index.php?rest_route=\/wp\/v2\/posts\/5425\/revisions"}],"predecessor-version":[{"id":5427,"href":"https:\/\/stourm.news\/index.php?rest_route=\/wp\/v2\/posts\/5425\/revisions\/5427"}],"wp:featuredmedia":[{"embeddable":true,"href":"https:\/\/stourm.news\/index.php?rest_route=\/wp\/v2\/media\/5426"}],"wp:attachment":[{"href":"https:\/\/stourm.news\/index.php?rest_route=%2Fwp%2Fv2%2Fmedia&parent=5425"}],"wp:term":[{"taxonomy":"category","embeddable":true,"href":"https:\/\/stourm.news\/index.php?rest_route=%2Fwp%2Fv2%2Fcategories&post=5425"},{"taxonomy":"post_tag","embeddable":true,"href":"https:\/\/stourm.news\/index.php?rest_route=%2Fwp%2Fv2%2Ftags&post=5425"}],"curies":[{"name":"wp","href":"https:\/\/api.w.org\/{rel}","templated":true}]}}