{"id":5429,"date":"2025-12-28T09:06:46","date_gmt":"2025-12-28T09:06:46","guid":{"rendered":"https:\/\/stourm.news\/?p=5429"},"modified":"2025-12-28T09:14:13","modified_gmt":"2025-12-28T09:14:13","slug":"emsav-hermann-bickler-combattant-de-lalsace-germanique-et-ami-indefectible-de-la-bretagne-independante","status":"publish","type":"post","link":"https:\/\/stourm.news\/?p=5429","title":{"rendered":"Emsav : Hermann Bickler, combattant de l&rsquo;Alsace germanique et ami ind\u00e9fectible de la Bretagne ind\u00e9pendante"},"content":{"rendered":"<p style=\"text-align: justify;\"><span style=\"font-family: arial, helvetica, sans-serif; font-size: 14pt;\">Hermann Bickler naquit le 28 d\u00e9cembre 1904 au Welschhof, une ferme isol\u00e9e rattach\u00e9e \u00e0 Hottviller en Alsace-Lorraine, alors partie de l&rsquo;Empire allemand. Fils unique de Jules Bickler et Madeleine Blaser, un couple de mennonites protestants originaires du Hunsr\u00fcck, il grandit dans un environnement rural profond\u00e9ment impr\u00e9gn\u00e9 de traditions et de langue germaniques. Cette enfance modeste, loin des influences urbaines, forgea en lui un attachement ind\u00e9fectible \u00e0 l&rsquo;identit\u00e9 alsacienne germanique, qu&rsquo;il d\u00e9fendit toute sa vie avec passion et d\u00e9termination. <\/span><\/p>\n<p style=\"text-align: justify;\"><span style=\"font-family: arial, helvetica, sans-serif; font-size: 14pt;\">\u00c9tudiant en droit \u00e0 l&rsquo;Universit\u00e9 de Strasbourg de 1923 \u00e0 1927, Bickler manifesta tr\u00e8s t\u00f4t son engagement pour le germanisme. En 1924, il fonda le Studentischer Heimatbund, une association \u00e9tudiante d\u00e9di\u00e9e \u00e0 la pr\u00e9servation de la langue allemande et de la culture teutonne en Alsace-Lorraine. Cette initiative permit d&rsquo;unir la jeunesse alsacienne autour d&rsquo;un id\u00e9al commun : affirmer et prot\u00e9ger l&rsquo;h\u00e9ritage germanique face aux pressions ext\u00e9rieures. En 1927, il rejoignit l&rsquo;Unabh\u00e4ngige Landespartei dirig\u00e9e par Karl Roos, renfor\u00e7ant son action politique autonomiste. Parall\u00e8lement, il prit la t\u00eate du mouvement de jeunesse Jungmannschaft, organisant des activit\u00e9s \u00e9ducatives et culturelles inspir\u00e9es des mod\u00e8les germaniques pour transmettre aux jeunes g\u00e9n\u00e9rations l&rsquo;amour de leur terre et de leur identit\u00e9.<\/span><\/p>\n<p style=\"text-align: justify;\"><strong><span style=\"font-family: arial, helvetica, sans-serif; font-size: 14pt;\">Engagement politique et leadership autonomiste<\/span><\/strong><\/p>\n<p style=\"text-align: justify;\"><span style=\"font-family: arial, helvetica, sans-serif; font-size: 14pt;\">En 1934, Bickler ouvrit un cabinet d&rsquo;avocat \u00e0 Strasbourg avec Pierre Bieber, utilisant sa profession pour d\u00e9fendre les int\u00e9r\u00eats alsaciens. Le 18 juin 1936, il fonda l&rsquo;Elsass-Lothringische Partei (ELP), un parti r\u00e9solument autonomiste dont le journal Frei Volk devint l&rsquo;organe principal. \u00c0 travers manifestations, publications et rassemblements, l&rsquo;ELP promut l&rsquo;usage de l&rsquo;allemand dans l&rsquo;\u00e9ducation et l&rsquo;administration, exaltant l&rsquo;histoire imp\u00e9riale et rh\u00e9nane de l&rsquo;Alsace comme terre germanique. Bickler transforma ce parti en un bastion vibrant du germanisme, mobilisant les Alsaciens pour une autonomie culturelle et linguistique pleine et enti\u00e8re. Son leadership dynamique fit de lui une figure embl\u00e9matique de la r\u00e9silience alsacienne, un v\u00e9ritable h\u00e9ros du germanisme r\u00e9gional. <\/span><\/p>\n<p style=\"text-align: justify;\"><strong><span style=\"font-family: arial, helvetica, sans-serif; font-size: 14pt;\">Amiti\u00e9 et soutien actif \u00e0 la Bretagne nationaliste<\/span><\/strong><\/p>\n<p style=\"text-align: justify;\"><span style=\"font-family: arial, helvetica, sans-serif; font-size: 14pt;\">Au-del\u00e0 de l&rsquo;Alsace, Hermann Bickler d\u00e9veloppa une amiti\u00e9 profonde et un soutien constant aux nationalistes bretons, devenant un alli\u00e9 pr\u00e9cieux du mouvement Breiz Atao. D\u00e8s 1927, il participa au congr\u00e8s constitutif du Parti autonomiste breton \u00e0 Rosporden o\u00f9 fut cr\u00e9\u00e9 le Comit\u00e9 central des minorit\u00e9s nationales de France. Aux c\u00f4t\u00e9s de figures comme Olier Mordrel, Fran\u00e7ois Debauvais et Morvan Marchal, il forgea des liens solides, symboles d&rsquo;une solidarit\u00e9 entre les peuples sous occupation fran\u00e7aise.<\/span><\/p>\n<p style=\"text-align: justify;\"><span style=\"font-family: arial, helvetica, sans-serif; font-size: 14pt;\">Bickler devint un correspondant r\u00e9gulier de la revue Breiz Atao, contribuant par des articles et des \u00e9changes id\u00e9ologiques qui enrichirent le d\u00e9bat nationaliste breton. \u00c0 partir de 1936, il occupa un r\u00f4le central dans la revue Peuples et Fronti\u00e8res (anciennement Bulletin des minorit\u00e9s nationales de France), en tant qu&rsquo;\u00e9diteur en chef adjoint aux c\u00f4t\u00e9s de repr\u00e9sentants flamands et corses. Cette publication devint une tribune majeure pour d\u00e9fendre les aspirations bretonnes, mettant en parall\u00e8le les luttes alsacienne et bretonne pour la pr\u00e9servation de leurs langues et cultures respectives. Bickler y promut une vision d&rsquo;Europe des peuples o\u00f9 le germanisme alsacien et le celtisme breton se compl\u00e9taient harmonieusement. Ses actions concr\u00e8tes all\u00e8rent plus loin : il facilita des rencontres et des correspondances entre autonomistes alsaciens et bretons, partagea ses exp\u00e9riences avec des leaders comme Yann Fou\u00e9r\u00e9. Ami fid\u00e8le d&rsquo;Olier Mordrel, il soutint activement le pan-celtisme et les revendications d&rsquo;autonomie de Breiz Atao.<\/span><\/p>\n<p style=\"text-align: justify;\"><strong><span style=\"font-family: arial, helvetica, sans-serif; font-size: 14pt;\"> Poursuite de l&rsquo;engagement et h\u00e9ritage durable<\/span><\/strong><\/p>\n<p style=\"text-align: justify;\"><span style=\"font-family: arial, helvetica, sans-serif; font-size: 14pt;\">Intern\u00e9 par les Fran\u00e7ais en 1939 \u00e0 Nancy avec d&rsquo;autres leaders autonomistes alsaciens, Bickler fut lib\u00e9r\u00e9 en 1940 apr\u00e8s l&rsquo;effondrement des forces d&rsquo;occupation fran\u00e7aises et continua son \u0153uvre pour revitaliser la culture germanique en Alsace, notamment \u00e0 travers l&rsquo;\u00e9ducation et les traditions locales. Tout au long de sa vie, il maintint des liens intellectuels et amicaux, notamment en aidant des personnalit\u00e9s comme Louis-Ferdinand C\u00e9line. Apr\u00e8s 1945, r\u00e9fugi\u00e9 en Italie, il r\u00e9digea ses m\u00e9moires intitul\u00e9s Ein besonderes Land (1978), traduites en fran\u00e7ais sous le titre Un pays particulier (2017), o\u00f9 il relata avec fiert\u00e9 son parcours alsacien et ses alliances. P\u00e8re de huit enfants, il exer\u00e7a ensuite comme n\u00e9gociant en textiles jusqu&rsquo;\u00e0 son d\u00e9c\u00e8s en 1984 au Lago Maggiore. <\/span><\/p>\n<p style=\"text-align: justify;\"><span style=\"font-family: arial, helvetica, sans-serif; font-size: 14pt;\">Hermann Bickler demeure un h\u00e9ros du germanisme alsacien, un visionnaire qui unit les minorit\u00e9s d&rsquo;Europe autour d&rsquo;un combat commun. Son soutien sinc\u00e8re et ind\u00e9fectible \u00e0 la Bretagne et aux patriotes bretons a tiss\u00e9 des ponts durables entre l&rsquo;Alsace germanique et Bretagne celtique qui demeurent encore aujourd&rsquo;hui, inspirant encore ceux qui luttent pour la diversit\u00e9 des peuples europ\u00e9ens face \u00e0 l&rsquo;uniformisation dict\u00e9e par Paris. <\/span><\/p>\n<p style=\"text-align: right;\"><strong><span style=\"font-family: arial, helvetica, sans-serif; font-size: 14pt;\">Olier Kerdrel<\/span><\/strong><\/p>\n","protected":false},"excerpt":{"rendered":"<p>Hermann Bickler naquit le 28 d\u00e9cembre 1904 au Welschhof, une ferme isol\u00e9e rattach\u00e9e \u00e0 Hottviller en Alsace-Lorraine, alors partie de l&rsquo;Empire allemand. Fils unique de Jules Bickler et Madeleine Blaser, un couple de mennonites protestants originaires du Hunsr\u00fcck, il grandit dans un environnement rural profond\u00e9ment impr\u00e9gn\u00e9 de traditions et de langue germaniques. Cette enfance modeste, [&hellip;]<\/p>\n","protected":false},"author":1,"featured_media":5430,"comment_status":"open","ping_status":"open","sticky":false,"template":"","format":"standard","meta":{"sb_editor_width":"","footnotes":""},"categories":[58,74,65],"tags":[],"class_list":["post-5429","post","type-post","status-publish","format-standard","has-post-thumbnail","hentry","category-breizh","category-emsav","category-principale"],"relative_dates":{"created":"4 mois ago","modified":"4 mois ago"},"yoast_head":"<!-- This site is optimized with the Yoast SEO plugin v26.3 - https:\/\/yoast.com\/wordpress\/plugins\/seo\/ -->\n<title>Emsav : Hermann Bickler, combattant de l&#039;Alsace germanique et ami ind\u00e9fectible de la Bretagne ind\u00e9pendante - STOURM<\/title>\n<meta name=\"robots\" content=\"index, follow, max-snippet:-1, max-image-preview:large, max-video-preview:-1\" \/>\n<link rel=\"canonical\" href=\"https:\/\/stourm.news\/?p=5429\" \/>\n<meta property=\"og:locale\" content=\"fr_FR\" \/>\n<meta property=\"og:type\" content=\"article\" \/>\n<meta property=\"og:title\" content=\"Emsav : Hermann Bickler, combattant de l&#039;Alsace germanique et ami ind\u00e9fectible de la Bretagne ind\u00e9pendante - STOURM\" \/>\n<meta property=\"og:description\" content=\"Hermann Bickler naquit le 28 d\u00e9cembre 1904 au Welschhof, une ferme isol\u00e9e rattach\u00e9e \u00e0 Hottviller en Alsace-Lorraine, alors partie de l&rsquo;Empire allemand. Fils unique de Jules Bickler et Madeleine Blaser, un couple de mennonites protestants originaires du Hunsr\u00fcck, il grandit dans un environnement rural profond\u00e9ment impr\u00e9gn\u00e9 de traditions et de langue germaniques. Cette enfance modeste, [&hellip;]\" \/>\n<meta property=\"og:url\" content=\"https:\/\/stourm.news\/?p=5429\" \/>\n<meta property=\"og:site_name\" content=\"STOURM\" \/>\n<meta property=\"article:publisher\" content=\"https:\/\/www.facebook.com\/stourmnews\/\" \/>\n<meta property=\"article:published_time\" content=\"2025-12-28T09:06:46+00:00\" \/>\n<meta property=\"article:modified_time\" content=\"2025-12-28T09:14:13+00:00\" \/>\n<meta property=\"og:image\" content=\"https:\/\/stourm.news\/wp-content\/uploads\/2025\/12\/Capture-decran-2025-12-28-a-18.06.17.png\" \/>\n\t<meta property=\"og:image:width\" content=\"1020\" \/>\n\t<meta property=\"og:image:height\" content=\"710\" \/>\n\t<meta property=\"og:image:type\" content=\"image\/png\" \/>\n<meta name=\"author\" content=\"La r\u00e9daction\" \/>\n<meta name=\"twitter:card\" content=\"summary_large_image\" \/>\n<meta name=\"twitter:label1\" content=\"\u00c9crit par\" \/>\n\t<meta name=\"twitter:data1\" content=\"La r\u00e9daction\" \/>\n\t<meta name=\"twitter:label2\" content=\"Dur\u00e9e de lecture estim\u00e9e\" \/>\n\t<meta name=\"twitter:data2\" content=\"4 minutes\" \/>\n<script type=\"application\/ld+json\" class=\"yoast-schema-graph\">{\"@context\":\"https:\/\/schema.org\",\"@graph\":[{\"@type\":\"Article\",\"@id\":\"https:\/\/stourm.news\/?p=5429#article\",\"isPartOf\":{\"@id\":\"https:\/\/stourm.news\/?p=5429\"},\"author\":{\"name\":\"La r\u00e9daction\",\"@id\":\"https:\/\/stourm.news\/#\/schema\/person\/c3e1dc65988632e190969234ef046cf9\"},\"headline\":\"Emsav : Hermann Bickler, combattant de l&rsquo;Alsace germanique et ami ind\u00e9fectible de la Bretagne ind\u00e9pendante\",\"datePublished\":\"2025-12-28T09:06:46+00:00\",\"dateModified\":\"2025-12-28T09:14:13+00:00\",\"mainEntityOfPage\":{\"@id\":\"https:\/\/stourm.news\/?p=5429\"},\"wordCount\":835,\"commentCount\":0,\"publisher\":{\"@id\":\"https:\/\/stourm.news\/#organization\"},\"image\":{\"@id\":\"https:\/\/stourm.news\/?p=5429#primaryimage\"},\"thumbnailUrl\":\"https:\/\/stourm.news\/wp-content\/uploads\/2025\/12\/Capture-decran-2025-12-28-a-18.06.17.png\",\"articleSection\":[\"Breizh\",\"Emsav\",\"Principale\"],\"inLanguage\":\"fr-FR\",\"potentialAction\":[{\"@type\":\"CommentAction\",\"name\":\"Comment\",\"target\":[\"https:\/\/stourm.news\/?p=5429#respond\"]}]},{\"@type\":\"WebPage\",\"@id\":\"https:\/\/stourm.news\/?p=5429\",\"url\":\"https:\/\/stourm.news\/?p=5429\",\"name\":\"Emsav : Hermann Bickler, combattant de l'Alsace germanique et ami ind\u00e9fectible de la Bretagne ind\u00e9pendante - STOURM\",\"isPartOf\":{\"@id\":\"https:\/\/stourm.news\/#website\"},\"primaryImageOfPage\":{\"@id\":\"https:\/\/stourm.news\/?p=5429#primaryimage\"},\"image\":{\"@id\":\"https:\/\/stourm.news\/?p=5429#primaryimage\"},\"thumbnailUrl\":\"https:\/\/stourm.news\/wp-content\/uploads\/2025\/12\/Capture-decran-2025-12-28-a-18.06.17.png\",\"datePublished\":\"2025-12-28T09:06:46+00:00\",\"dateModified\":\"2025-12-28T09:14:13+00:00\",\"breadcrumb\":{\"@id\":\"https:\/\/stourm.news\/?p=5429#breadcrumb\"},\"inLanguage\":\"fr-FR\",\"potentialAction\":[{\"@type\":\"ReadAction\",\"target\":[\"https:\/\/stourm.news\/?p=5429\"]}]},{\"@type\":\"ImageObject\",\"inLanguage\":\"fr-FR\",\"@id\":\"https:\/\/stourm.news\/?p=5429#primaryimage\",\"url\":\"https:\/\/stourm.news\/wp-content\/uploads\/2025\/12\/Capture-decran-2025-12-28-a-18.06.17.png\",\"contentUrl\":\"https:\/\/stourm.news\/wp-content\/uploads\/2025\/12\/Capture-decran-2025-12-28-a-18.06.17.png\",\"width\":1020,\"height\":710},{\"@type\":\"BreadcrumbList\",\"@id\":\"https:\/\/stourm.news\/?p=5429#breadcrumb\",\"itemListElement\":[{\"@type\":\"ListItem\",\"position\":1,\"name\":\"Accueil\",\"item\":\"https:\/\/stourm.news\/\"},{\"@type\":\"ListItem\",\"position\":2,\"name\":\"Emsav : Hermann Bickler, combattant de l&rsquo;Alsace germanique et ami ind\u00e9fectible de la Bretagne ind\u00e9pendante\"}]},{\"@type\":\"WebSite\",\"@id\":\"https:\/\/stourm.news\/#website\",\"url\":\"https:\/\/stourm.news\/\",\"name\":\"Stourm\",\"description\":\"Kazetenn Strollad Broadel Breizh\",\"publisher\":{\"@id\":\"https:\/\/stourm.news\/#organization\"},\"potentialAction\":[{\"@type\":\"SearchAction\",\"target\":{\"@type\":\"EntryPoint\",\"urlTemplate\":\"https:\/\/stourm.news\/?s={search_term_string}\"},\"query-input\":{\"@type\":\"PropertyValueSpecification\",\"valueRequired\":true,\"valueName\":\"search_term_string\"}}],\"inLanguage\":\"fr-FR\"},{\"@type\":\"Organization\",\"@id\":\"https:\/\/stourm.news\/#organization\",\"name\":\"Stourm\",\"url\":\"https:\/\/stourm.news\/\",\"logo\":{\"@type\":\"ImageObject\",\"inLanguage\":\"fr-FR\",\"@id\":\"https:\/\/stourm.news\/#\/schema\/logo\/image\/\",\"url\":\"https:\/\/stourm.news\/wp-content\/uploads\/2025\/11\/cropped-Capture-decran-2025-11-28-a-15.19.07.png\",\"contentUrl\":\"https:\/\/stourm.news\/wp-content\/uploads\/2025\/11\/cropped-Capture-decran-2025-11-28-a-15.19.07.png\",\"width\":1855,\"height\":383,\"caption\":\"Stourm\"},\"image\":{\"@id\":\"https:\/\/stourm.news\/#\/schema\/logo\/image\/\"},\"sameAs\":[\"https:\/\/www.facebook.com\/stourmnews\/\"]},{\"@type\":\"Person\",\"@id\":\"https:\/\/stourm.news\/#\/schema\/person\/c3e1dc65988632e190969234ef046cf9\",\"name\":\"La r\u00e9daction\",\"image\":{\"@type\":\"ImageObject\",\"inLanguage\":\"fr-FR\",\"@id\":\"https:\/\/stourm.news\/#\/schema\/person\/image\/\",\"url\":\"https:\/\/secure.gravatar.com\/avatar\/7463443f194b6b5fb706b074ca0ef59a0cfcfd720cb47764b0ec5a952ce422b3?s=96&d=mm&r=g\",\"contentUrl\":\"https:\/\/secure.gravatar.com\/avatar\/7463443f194b6b5fb706b074ca0ef59a0cfcfd720cb47764b0ec5a952ce422b3?s=96&d=mm&r=g\",\"caption\":\"La r\u00e9daction\"},\"sameAs\":[\"https:\/\/stourm.news\"],\"url\":\"https:\/\/stourm.news\/?author=1\"}]}<\/script>\n<!-- \/ Yoast SEO plugin. -->","yoast_head_json":{"title":"Emsav : Hermann Bickler, combattant de l'Alsace germanique et ami ind\u00e9fectible de la Bretagne ind\u00e9pendante - STOURM","robots":{"index":"index","follow":"follow","max-snippet":"max-snippet:-1","max-image-preview":"max-image-preview:large","max-video-preview":"max-video-preview:-1"},"canonical":"https:\/\/stourm.news\/?p=5429","og_locale":"fr_FR","og_type":"article","og_title":"Emsav : Hermann Bickler, combattant de l'Alsace germanique et ami ind\u00e9fectible de la Bretagne ind\u00e9pendante - STOURM","og_description":"Hermann Bickler naquit le 28 d\u00e9cembre 1904 au Welschhof, une ferme isol\u00e9e rattach\u00e9e \u00e0 Hottviller en Alsace-Lorraine, alors partie de l&rsquo;Empire allemand. Fils unique de Jules Bickler et Madeleine Blaser, un couple de mennonites protestants originaires du Hunsr\u00fcck, il grandit dans un environnement rural profond\u00e9ment impr\u00e9gn\u00e9 de traditions et de langue germaniques. Cette enfance modeste, [&hellip;]","og_url":"https:\/\/stourm.news\/?p=5429","og_site_name":"STOURM","article_publisher":"https:\/\/www.facebook.com\/stourmnews\/","article_published_time":"2025-12-28T09:06:46+00:00","article_modified_time":"2025-12-28T09:14:13+00:00","og_image":[{"width":1020,"height":710,"url":"https:\/\/stourm.news\/wp-content\/uploads\/2025\/12\/Capture-decran-2025-12-28-a-18.06.17.png","type":"image\/png"}],"author":"La r\u00e9daction","twitter_card":"summary_large_image","twitter_misc":{"\u00c9crit par":"La r\u00e9daction","Dur\u00e9e de lecture estim\u00e9e":"4 minutes"},"schema":{"@context":"https:\/\/schema.org","@graph":[{"@type":"Article","@id":"https:\/\/stourm.news\/?p=5429#article","isPartOf":{"@id":"https:\/\/stourm.news\/?p=5429"},"author":{"name":"La r\u00e9daction","@id":"https:\/\/stourm.news\/#\/schema\/person\/c3e1dc65988632e190969234ef046cf9"},"headline":"Emsav : Hermann Bickler, combattant de l&rsquo;Alsace germanique et ami ind\u00e9fectible de la Bretagne ind\u00e9pendante","datePublished":"2025-12-28T09:06:46+00:00","dateModified":"2025-12-28T09:14:13+00:00","mainEntityOfPage":{"@id":"https:\/\/stourm.news\/?p=5429"},"wordCount":835,"commentCount":0,"publisher":{"@id":"https:\/\/stourm.news\/#organization"},"image":{"@id":"https:\/\/stourm.news\/?p=5429#primaryimage"},"thumbnailUrl":"https:\/\/stourm.news\/wp-content\/uploads\/2025\/12\/Capture-decran-2025-12-28-a-18.06.17.png","articleSection":["Breizh","Emsav","Principale"],"inLanguage":"fr-FR","potentialAction":[{"@type":"CommentAction","name":"Comment","target":["https:\/\/stourm.news\/?p=5429#respond"]}]},{"@type":"WebPage","@id":"https:\/\/stourm.news\/?p=5429","url":"https:\/\/stourm.news\/?p=5429","name":"Emsav : Hermann Bickler, combattant de l'Alsace germanique et ami ind\u00e9fectible de la Bretagne ind\u00e9pendante - STOURM","isPartOf":{"@id":"https:\/\/stourm.news\/#website"},"primaryImageOfPage":{"@id":"https:\/\/stourm.news\/?p=5429#primaryimage"},"image":{"@id":"https:\/\/stourm.news\/?p=5429#primaryimage"},"thumbnailUrl":"https:\/\/stourm.news\/wp-content\/uploads\/2025\/12\/Capture-decran-2025-12-28-a-18.06.17.png","datePublished":"2025-12-28T09:06:46+00:00","dateModified":"2025-12-28T09:14:13+00:00","breadcrumb":{"@id":"https:\/\/stourm.news\/?p=5429#breadcrumb"},"inLanguage":"fr-FR","potentialAction":[{"@type":"ReadAction","target":["https:\/\/stourm.news\/?p=5429"]}]},{"@type":"ImageObject","inLanguage":"fr-FR","@id":"https:\/\/stourm.news\/?p=5429#primaryimage","url":"https:\/\/stourm.news\/wp-content\/uploads\/2025\/12\/Capture-decran-2025-12-28-a-18.06.17.png","contentUrl":"https:\/\/stourm.news\/wp-content\/uploads\/2025\/12\/Capture-decran-2025-12-28-a-18.06.17.png","width":1020,"height":710},{"@type":"BreadcrumbList","@id":"https:\/\/stourm.news\/?p=5429#breadcrumb","itemListElement":[{"@type":"ListItem","position":1,"name":"Accueil","item":"https:\/\/stourm.news\/"},{"@type":"ListItem","position":2,"name":"Emsav : Hermann Bickler, combattant de l&rsquo;Alsace germanique et ami ind\u00e9fectible de la Bretagne ind\u00e9pendante"}]},{"@type":"WebSite","@id":"https:\/\/stourm.news\/#website","url":"https:\/\/stourm.news\/","name":"Stourm","description":"Kazetenn Strollad Broadel Breizh","publisher":{"@id":"https:\/\/stourm.news\/#organization"},"potentialAction":[{"@type":"SearchAction","target":{"@type":"EntryPoint","urlTemplate":"https:\/\/stourm.news\/?s={search_term_string}"},"query-input":{"@type":"PropertyValueSpecification","valueRequired":true,"valueName":"search_term_string"}}],"inLanguage":"fr-FR"},{"@type":"Organization","@id":"https:\/\/stourm.news\/#organization","name":"Stourm","url":"https:\/\/stourm.news\/","logo":{"@type":"ImageObject","inLanguage":"fr-FR","@id":"https:\/\/stourm.news\/#\/schema\/logo\/image\/","url":"https:\/\/stourm.news\/wp-content\/uploads\/2025\/11\/cropped-Capture-decran-2025-11-28-a-15.19.07.png","contentUrl":"https:\/\/stourm.news\/wp-content\/uploads\/2025\/11\/cropped-Capture-decran-2025-11-28-a-15.19.07.png","width":1855,"height":383,"caption":"Stourm"},"image":{"@id":"https:\/\/stourm.news\/#\/schema\/logo\/image\/"},"sameAs":["https:\/\/www.facebook.com\/stourmnews\/"]},{"@type":"Person","@id":"https:\/\/stourm.news\/#\/schema\/person\/c3e1dc65988632e190969234ef046cf9","name":"La r\u00e9daction","image":{"@type":"ImageObject","inLanguage":"fr-FR","@id":"https:\/\/stourm.news\/#\/schema\/person\/image\/","url":"https:\/\/secure.gravatar.com\/avatar\/7463443f194b6b5fb706b074ca0ef59a0cfcfd720cb47764b0ec5a952ce422b3?s=96&d=mm&r=g","contentUrl":"https:\/\/secure.gravatar.com\/avatar\/7463443f194b6b5fb706b074ca0ef59a0cfcfd720cb47764b0ec5a952ce422b3?s=96&d=mm&r=g","caption":"La r\u00e9daction"},"sameAs":["https:\/\/stourm.news"],"url":"https:\/\/stourm.news\/?author=1"}]}},"_links":{"self":[{"href":"https:\/\/stourm.news\/index.php?rest_route=\/wp\/v2\/posts\/5429","targetHints":{"allow":["GET"]}}],"collection":[{"href":"https:\/\/stourm.news\/index.php?rest_route=\/wp\/v2\/posts"}],"about":[{"href":"https:\/\/stourm.news\/index.php?rest_route=\/wp\/v2\/types\/post"}],"author":[{"embeddable":true,"href":"https:\/\/stourm.news\/index.php?rest_route=\/wp\/v2\/users\/1"}],"replies":[{"embeddable":true,"href":"https:\/\/stourm.news\/index.php?rest_route=%2Fwp%2Fv2%2Fcomments&post=5429"}],"version-history":[{"count":1,"href":"https:\/\/stourm.news\/index.php?rest_route=\/wp\/v2\/posts\/5429\/revisions"}],"predecessor-version":[{"id":5431,"href":"https:\/\/stourm.news\/index.php?rest_route=\/wp\/v2\/posts\/5429\/revisions\/5431"}],"wp:featuredmedia":[{"embeddable":true,"href":"https:\/\/stourm.news\/index.php?rest_route=\/wp\/v2\/media\/5430"}],"wp:attachment":[{"href":"https:\/\/stourm.news\/index.php?rest_route=%2Fwp%2Fv2%2Fmedia&parent=5429"}],"wp:term":[{"taxonomy":"category","embeddable":true,"href":"https:\/\/stourm.news\/index.php?rest_route=%2Fwp%2Fv2%2Fcategories&post=5429"},{"taxonomy":"post_tag","embeddable":true,"href":"https:\/\/stourm.news\/index.php?rest_route=%2Fwp%2Fv2%2Ftags&post=5429"}],"curies":[{"name":"wp","href":"https:\/\/api.w.org\/{rel}","templated":true}]}}