{"id":5435,"date":"2026-01-01T10:18:14","date_gmt":"2026-01-01T10:18:14","guid":{"rendered":"https:\/\/stourm.news\/?p=5435"},"modified":"2026-01-01T10:18:14","modified_gmt":"2026-01-01T10:18:14","slug":"emsav-1er-janvier-1771-naissance-de-jord-kadoudal-chef-de-linsurrection-bretonne-contre-la-tyrannie-jacobine","status":"publish","type":"post","link":"https:\/\/stourm.news\/?p=5435","title":{"rendered":"Emsav : 1er janvier 1771, naissance de Jord Kadoudal, chef de l&rsquo;insurrection bretonne contre la tyrannie jacobine"},"content":{"rendered":"<p style=\"text-align: justify;\"><span style=\"font-family: arial, helvetica, sans-serif; font-size: 14pt;\">Jord Kadoudal naquit le 1er janvier 1771 \u00e0 Kerl\u00e9ano, un modeste hameau d\u00e9pendant de la paroisse de Brec&rsquo;h, pr\u00e8s d\u2019An Alre (Auray) dans le Morbihan. Issu d\u2019une famille de paysans ais\u00e9s, il grandit au c\u0153ur d\u2019une Bretagne rurale o\u00f9 la langue bretonne et la foi catholique formaient l\u2019essence m\u00eame de l\u2019identit\u00e9 populaire. Fils a\u00een\u00e9 de Louis Kadoudal, cultivateur et meunier r\u00e9put\u00e9 pour sa force physique l\u00e9gendaire \u2013 il \u00e9tait champion invaincu de la soule, ce jeu ancestral violent et symbolique de la virilit\u00e9 bretonne \u2013, et de Marie-Jeanne Le Bayon, femme d\u2019une grande beaut\u00e9 selon les t\u00e9moignages locaux, Jord h\u00e9rita tr\u00e8s t\u00f4t d\u2019un temp\u00e9rament robuste et d\u2019un attachement visc\u00e9ral \u00e0 sa terre natale.<\/span><\/p>\n<p style=\"text-align: justify;\"><span style=\"font-family: arial, helvetica, sans-serif; font-size: 14pt;\">Le nom m\u00eame de Kadoudal, d\u00e9riv\u00e9 du breton \u00ab kad \u00bb (combat) et \u00ab dal \u00bb (aveugle ou valeureux), semblait annoncer un destin de guerrier. Envoy\u00e9 au coll\u00e8ge Saint-Yves de Gwened (Vannes), il y re\u00e7ut une \u00e9ducation solide en latin, rh\u00e9torique, math\u00e9matiques et droit. Dans un premier temps, Cadoudal et les coll\u00e9giens vannetais se montrent favorables \u00e0 la R\u00e9volution. Les 26 et 27 janvier 1789 voient se d\u00e9rouler \u00e0 Roazhon (Rennes) une r\u00e9volte des \u00e9tudiants de Rennes contre la noblesse connue sous le nom de \u00ab journ\u00e9es des bricoles \u00bb. Jean-Victor Moreau, le meneur des \u00e9tudiants rennais, appelle alors \u00e0 l&rsquo;aide les jeunes gens des villes de Bretagne. Les coll\u00e9giens de Gwened (Vannes) r\u00e9pondent favorablement, envoient une lettre de soutien \u00e0 Moreau, et forment une compagnie command\u00e9e par Kadoudal devant se rendre \u00e0 Roazhon (Rennes). Cependant, cette compagnie ne quitte pas la ville, Henri de Thiard de Bissy parvenant \u00e0 n\u00e9gocier la fin des affrontements entre les deux ordres.<\/span><\/p>\n<p style=\"text-align: justify;\"><span style=\"font-family: arial, helvetica, sans-serif; font-size: 14pt;\">Jord se d\u00e9tourna radicalement de la R\u00e9volution lorsque la Constitution civile du clerg\u00e9 de 1791 porta atteinte \u00e0 la foi catholique, per\u00e7ue comme le c\u0153ur battant de l\u2019identit\u00e9 bretonne. <\/span><span style=\"font-family: arial, helvetica, sans-serif; font-size: 14pt;\">D\u00e8s lors, il organisa la protection clandestine des pr\u00eatres inserment\u00e9s et des offices traditionnels, voyant dans ces pers\u00e9cutions une agression contre l\u2019essence m\u00eame de la Bretagne.<\/span><\/p>\n<div style=\"text-align: justify;\"><strong><span style=\"font-family: arial, helvetica, sans-serif; font-size: 14pt;\"><span class=\"css-1jxf684 r-bcqeeo r-1ttztb7 r-qvutc0 r-poiln3 r-adyw6z r-135wba7 r-b88u0q\"><span class=\"css-1jxf684 r-bcqeeo r-1ttztb7 r-qvutc0 r-poiln3\"><span class=\"css-1jxf684 r-bcqeeo r-1ttztb7 r-qvutc0 r-poiln3 r-1x3r274\">L\u2019\u00e9veil r\u00e9volutionnaire et le d\u00e9but de la chouannerie<\/span><\/span><\/span><\/span><\/strong><\/div>\n<div><\/div>\n<div style=\"text-align: justify;\"><span style=\"font-family: arial, helvetica, sans-serif; font-size: 14pt;\"><span class=\"css-1jxf684 r-bcqeeo r-1ttztb7 r-qvutc0 r-poiln3 r-1adg3ll r-1g7jtus r-1x3r274\"><span class=\"css-1jxf684 r-bcqeeo r-1ttztb7 r-qvutc0 r-poiln3\"><span class=\"css-1jxf684 r-bcqeeo r-1ttztb7 r-qvutc0 r-poiln3 r-1x3r274\">En 1793, la lev\u00e9e en masse d\u00e9cr\u00e9t\u00e9e par la Convention nationale provoqua une insurrection massive dans l\u2019Ouest de l&rsquo;Hexagone, particuli\u00e8rement en Bretagne, o\u00f9 elle fut v\u00e9cue comme une violation intol\u00e9rable de la libert\u00e9 des Bretons \u00e0 disposer d\u2019eux-m\u00eames. Jord Kadoudal, alors \u00e2g\u00e9 de 22 ans et clerc de notaire \u00e0 An Alre (Auray), s\u2019engagea sans h\u00e9siter. Il participa aux premiers combats locaux, notamment autour d\u2019An Alre (Auray), avant de rejoindre les forces vend\u00e9ennes. <\/span><\/span><\/span><span class=\"css-1jxf684 r-bcqeeo r-1ttztb7 r-qvutc0 r-poiln3 r-1adg3ll r-1g7jtus r-1x3r274\"><span class=\"css-1jxf684 r-bcqeeo r-1ttztb7 r-qvutc0 r-poiln3\"><span class=\"css-1jxf684 r-bcqeeo r-1ttztb7 r-qvutc0 r-poiln3 r-1x3r274\">Int\u00e9gr\u00e9 \u00e0 l\u2019Arm\u00e9e catholique et royale, il combattit sous les ordres de Bonchamps lors des grandes batailles de la Vir\u00e9e de Galerne : Naoned (Nantes), Cholet, Le Mans, Savenneg (Savenay). \u00c9chappant miraculeusement au massacre de Savenneg (Savenay), il regagna le Morbihan pour y organiser la chouannerie, cette gu\u00e9rilla typiquement bretonne qui exploitait le relief des haies, des for\u00eats et des landes pour harceler les colonnes fran\u00e7aises. Il rejeta ainsi avec v\u00e9h\u00e9mence le trait\u00e9 de La Mabilais en 1795 conclu entre certains chefs insurg\u00e9s et le gouvernement fran\u00e7ais, le consid\u00e9rant comme une trahison des id\u00e9aux bretons. <\/span><\/span><\/span><\/span><\/div>\n<div><\/div>\n<div style=\"text-align: justify;\"><strong><span style=\"font-family: arial, helvetica, sans-serif; font-size: 14pt;\"><span class=\"css-1jxf684 r-bcqeeo r-1ttztb7 r-qvutc0 r-poiln3 r-adyw6z r-135wba7 r-b88u0q\"><span class=\"css-1jxf684 r-bcqeeo r-1ttztb7 r-qvutc0 r-poiln3\"><span class=\"css-1jxf684 r-bcqeeo r-1ttztb7 r-qvutc0 r-poiln3 r-1x3r274\">Le chef incontest\u00e9 du Morbihan<\/span><\/span><\/span><\/span><\/strong><\/div>\n<div><\/div>\n<div><img fetchpriority=\"high\" decoding=\"async\" class=\"alignnone size-medium\" src=\"https:\/\/histoire-image.org\/sites\/default\/files\/2021-11\/dup13_sorieul_001f.jpg\" width=\"1400\" height=\"761\" \/><\/div>\n<div><\/div>\n<div style=\"text-align: center;\"><em><span style=\"font-family: arial, helvetica, sans-serif; font-size: 14pt;\">D\u00e9barquement de Kiberen (Quiberon)<\/span><\/em><\/div>\n<div><\/div>\n<div style=\"text-align: justify;\"><span style=\"font-family: arial, helvetica, sans-serif; font-size: 14pt;\"><span class=\"css-1jxf684 r-bcqeeo r-1ttztb7 r-qvutc0 r-poiln3 r-1adg3ll r-1g7jtus r-1x3r274\"><span class=\"css-1jxf684 r-bcqeeo r-1ttztb7 r-qvutc0 r-poiln3\"><span class=\"css-1jxf684 r-bcqeeo r-1ttztb7 r-qvutc0 r-poiln3 r-1x3r274\">Lors de l\u2019exp\u00e9dition de Quiberon en 1795, Jord commanda la l\u00e9gendaire \u00ab Arm\u00e9e rouge \u00bb bretonne, compos\u00e9e de chouans aguerris. Malgr\u00e9 la d\u00e9b\u00e2cle finale, il r\u00e9ussit l\u2019exploit de ramener plusieurs milliers d\u2019hommes sains et saufs dans l\u2019int\u00e9rieur du Morbihan, sauvant ainsi la chouannerie d\u2019une destruction totale. Acclam\u00e9 g\u00e9n\u00e9ral par ses troupes, il structura la chouannerie du Morbihan en divisions disciplin\u00e9es, imposant une rigueur exemplaire : interdiction du mariage pour les officiers, protection absolue des pr\u00eatres r\u00e9fractaires, refus du pillage. Ses proclamations condamnaient les imp\u00f4ts r\u00e9publicains comme une spoliation du peuple breton et appelaient \u00e0 la d\u00e9fense des \u00e9glises et des croix de chemin. <\/span><\/span><\/span><span class=\"css-1jxf684 r-bcqeeo r-1ttztb7 r-qvutc0 r-poiln3 r-1adg3ll r-1g7jtus r-1x3r274\"><span class=\"css-1jxf684 r-bcqeeo r-1ttztb7 r-qvutc0 r-poiln3\"><span class=\"css-1jxf684 r-bcqeeo r-1ttztb7 r-qvutc0 r-poiln3 r-1x3r274\">Son patriotisme breton se manifesta aussi dans son m\u00e9pris pour les \u00e9migr\u00e9s aristocrates qui, selon lui, m\u00e9connaissaient la r\u00e9alit\u00e9 de la lutte populaire. Pour Jord, la cause \u00e9tait avant tout bretonne, enracin\u00e9e dans la paysannerie catholique et attach\u00e9e \u00e0 ses libert\u00e9s ancestrales. Des historiens comme Patrick Huchet ou Roger Dupuy soulignent que Kadoudal incarna parfaitement cette chouannerie morbihannaise, plus autonome et plus populaire que la Vend\u00e9e voisine.<\/span><\/span><\/span><\/span><\/div>\n<div><\/div>\n<div style=\"text-align: justify;\"><strong><span style=\"font-family: arial, helvetica, sans-serif; font-size: 14pt;\"><span class=\"css-1jxf684 r-bcqeeo r-1ttztb7 r-qvutc0 r-poiln3 r-adyw6z r-135wba7 r-b88u0q\"><span class=\"css-1jxf684 r-bcqeeo r-1ttztb7 r-qvutc0 r-poiln3\"><span class=\"css-1jxf684 r-bcqeeo r-1ttztb7 r-qvutc0 r-poiln3 r-1x3r274\">La reprise des armes et l\u2019exil<\/span><\/span><\/span><\/span><\/strong><\/div>\n<div><\/div>\n<div><\/div>\n<div style=\"text-align: justify;\"><span style=\"font-family: arial, helvetica, sans-serif; font-size: 14pt;\"><span class=\"css-1jxf684 r-bcqeeo r-1ttztb7 r-qvutc0 r-poiln3 r-1adg3ll r-1g7jtus r-1x3r274\"><span class=\"css-1jxf684 r-bcqeeo r-1ttztb7 r-qvutc0 r-poiln3\"><span class=\"css-1jxf684 r-bcqeeo r-1ttztb7 r-qvutc0 r-poiln3 r-1x3r274\">Apr\u00e8s une paix forc\u00e9e en 1796, Jord reprit le combat en 1799 lors de la troisi\u00e8me chouannerie. Il remporta de nombreuses victoires, capturant Sarzeau, Grandchamp, et infligeant de lourdes pertes aux r\u00e9publicains au pont du Loc\u2019h. En 1800, Bonaparte, devenu Premier Consul, tenta de le rallier lors d\u2019une entrevue aux Tuileries. Jord refusa cat\u00e9goriquement toute compromission, pr\u00e9f\u00e9rant l\u2019exil en Angleterre pour pr\u00e9server l\u2019honneur breton. De Londres, nomm\u00e9 lieutenant-g\u00e9n\u00e9ral de l\u2019Arm\u00e9e catholique et royale de Bretagne par les princes, il organisa d\u00e9barquements et conspirations.<\/span><\/span><\/span><\/span><\/div>\n<div><\/div>\n<div style=\"text-align: justify;\"><strong><span style=\"font-family: arial, helvetica, sans-serif; font-size: 14pt;\"><span class=\"css-1jxf684 r-bcqeeo r-1ttztb7 r-qvutc0 r-poiln3 r-adyw6z r-135wba7 r-b88u0q\"><span class=\"css-1jxf684 r-bcqeeo r-1ttztb7 r-qvutc0 r-poiln3\"><span class=\"css-1jxf684 r-bcqeeo r-1ttztb7 r-qvutc0 r-poiln3 r-1x3r274\">La conspiration finale et le martyre<\/span><\/span><\/span><\/span><\/strong><\/div>\n<div><\/div>\n<div><img decoding=\"async\" class=\"alignnone size-medium\" src=\"https:\/\/www.galerie-roger-viollet.fr\/image-photo\/attentat-de-la-rue-saint-nicaise-contre-bonaparte-743207-1440-1454991744.jpg\" width=\"1440\" height=\"935\" \/><\/div>\n<div><\/div>\n<div style=\"text-align: center;\"><em><span style=\"font-family: arial, helvetica, sans-serif; font-size: 14pt;\">Attentat de la rue Saint Nicaise<\/span><\/em><\/div>\n<div><\/div>\n<div style=\"text-align: justify;\"><span style=\"font-family: arial, helvetica, sans-serif; font-size: 14pt;\"><span class=\"css-1jxf684 r-bcqeeo r-1ttztb7 r-qvutc0 r-poiln3 r-1adg3ll r-1g7jtus r-1x3r274\"><span class=\"css-1jxf684 r-bcqeeo r-1ttztb7 r-qvutc0 r-poiln3\"><span class=\"css-1jxf684 r-bcqeeo r-1ttztb7 r-qvutc0 r-poiln3 r-1x3r274\">En 1803-1804, Jord dirigea la grande conspiration royaliste avec Pichegru et Moreau, visant \u00e0 renverser Bonaparte pour restaurer Louis XVIII. Pour lui, l\u2019Empire naissant repr\u00e9sentait la n\u00e9gation d\u00e9finitive de la Bretagne traditionnelle : centralisation absolue, conscription permanente, la\u00efcisation forc\u00e9e. Il joua un r\u00f4le central dans l&rsquo;attentat de la rue Saint-Nicaise qui manqua de peu de tuer Bonaparte. Arr\u00eat\u00e9 le 9 mars 1804 apr\u00e8s une lutte h\u00e9ro\u00efque dans les rues de Paris \u2013 il tua un policier qui tentait de l\u2019appr\u00e9hender \u2013, il affronta son proc\u00e8s avec un courage exemplaire. Refusant toute gr\u00e2ce qui aurait impliqu\u00e9 la trahison de ses compagnons, il d\u00e9clara : \u00ab Je les ai engag\u00e9s \u00e0 venir ; je serais un l\u00e2che si je vivais quand ils doivent mourir. \u00bb <\/span><\/span><\/span><\/span><span style=\"font-family: arial, helvetica, sans-serif; font-size: 14pt;\"><span class=\"css-1jxf684 r-bcqeeo r-1ttztb7 r-qvutc0 r-poiln3 r-1adg3ll r-1g7jtus r-1x3r274\"><span class=\"css-1jxf684 r-bcqeeo r-1ttztb7 r-qvutc0 r-poiln3\"><span class=\"css-1jxf684 r-bcqeeo r-1ttztb7 r-qvutc0 r-poiln3 r-1x3r274\">Guillotin\u00e9 le 25 juin 1804 place de Gr\u00e8ve, il monta \u00e0 l\u2019\u00e9chafaud sans trembler. M\u00eame Napol\u00e9on, impressionn\u00e9, confia plus tard : \u00ab Georges est bien tremp\u00e9 ; entre mes mains, un pareil homme aurait fait de grandes choses. \u00bb <\/span><\/span><\/span><\/span><\/div>\n<div><\/div>\n<div style=\"text-align: justify;\"><strong><span style=\"font-family: arial, helvetica, sans-serif; font-size: 14pt;\"><span class=\"css-1jxf684 r-bcqeeo r-1ttztb7 r-qvutc0 r-poiln3 r-adyw6z r-135wba7 r-b88u0q\"><span class=\"css-1jxf684 r-bcqeeo r-1ttztb7 r-qvutc0 r-poiln3\"><span class=\"css-1jxf684 r-bcqeeo r-1ttztb7 r-qvutc0 r-poiln3 r-1x3r274\">H\u00e9ritage d\u2019un patriote breton<\/span><\/span><\/span><\/span><\/strong><\/div>\n<div><\/div>\n<div><iframe title=\"YouTube video player\" src=\"https:\/\/www.youtube.com\/embed\/y59S3CXA0ro?si=fzDnbtvhSNqrsNZg\" width=\"640\" height=\"460\" frameborder=\"0\" allowfullscreen=\"allowfullscreen\"><span data-mce-type=\"bookmark\" style=\"display: inline-block; width: 0px; overflow: hidden; line-height: 0;\" class=\"mce_SELRES_start\">\ufeff<\/span><\/iframe><\/div>\n<div><\/div>\n<div style=\"text-align: justify;\"><span style=\"font-family: arial, helvetica, sans-serif; font-size: 14pt;\"><span class=\"css-1jxf684 r-bcqeeo r-1ttztb7 r-qvutc0 r-poiln3 r-1adg3ll r-1g7jtus r-1x3r274\"><span class=\"css-1jxf684 r-bcqeeo r-1ttztb7 r-qvutc0 r-poiln3\"><span class=\"css-1jxf684 r-bcqeeo r-1ttztb7 r-qvutc0 r-poiln3 r-1x3r274\">Le legs de Jord Kadoudal est immense dans l\u2019histoire bretonne. Symbole de la r\u00e9sistance populaire et r\u00e9gionale, il incarna un patriotisme breton farouche, refusant tout compromis avec la centralisation r\u00e9publicaine puis imp\u00e9riale. Anobli post-mortem par Louis XVIII, \u00e9lev\u00e9 au rang de mar\u00e9chal de France \u00e0 titre honoraire, il reste une figure tut\u00e9laire pour tous ceux qui d\u00e9fendent l\u2019identit\u00e9 bretonne. Son mausol\u00e9e \u00e0 Kerl\u00e9ano, les rues et monuments \u00e0 son nom, les travaux d\u2019historiens comme Anne Bernet ou Yves Gras perp\u00e9tuent la m\u00e9moire de cet homme qui, par son sacrifice, d\u00e9fendit jusqu\u2019au bout l\u2019\u00e2me celtique et catholique de la Bretagne. <\/span><\/span><\/span><\/span><\/div>\n<div><\/div>\n<div style=\"text-align: right;\"><strong><span style=\"font-family: arial, helvetica, sans-serif; font-size: 14pt;\"><span class=\"css-1jxf684 r-bcqeeo r-1ttztb7 r-qvutc0 r-poiln3 r-1adg3ll r-1g7jtus r-1x3r274\"><span class=\"css-1jxf684 r-bcqeeo r-1ttztb7 r-qvutc0 r-poiln3\"><span class=\"css-1jxf684 r-bcqeeo r-1ttztb7 r-qvutc0 r-poiln3 r-1x3r274\">Olier Kerdrel<\/span><\/span><\/span><\/span><\/strong><\/div>\n<p>&nbsp;<\/p>\n","protected":false},"excerpt":{"rendered":"<p>Jord Kadoudal naquit le 1er janvier 1771 \u00e0 Kerl\u00e9ano, un modeste hameau d\u00e9pendant de la paroisse de Brec&rsquo;h, pr\u00e8s d\u2019An Alre (Auray) dans le Morbihan. Issu d\u2019une famille de paysans ais\u00e9s, il grandit au c\u0153ur d\u2019une Bretagne rurale o\u00f9 la langue bretonne et la foi catholique formaient l\u2019essence m\u00eame de l\u2019identit\u00e9 populaire. Fils a\u00een\u00e9 de [&hellip;]<\/p>\n","protected":false},"author":1,"featured_media":5436,"comment_status":"open","ping_status":"open","sticky":false,"template":"","format":"standard","meta":{"sb_editor_width":"","footnotes":""},"categories":[74,65],"tags":[],"class_list":["post-5435","post","type-post","status-publish","format-standard","has-post-thumbnail","hentry","category-emsav","category-principale"],"relative_dates":{"created":"4 mois ago","modified":"4 mois ago"},"yoast_head":"<!-- This site is optimized with the Yoast SEO plugin v26.3 - https:\/\/yoast.com\/wordpress\/plugins\/seo\/ -->\n<title>Emsav : 1er janvier 1771, naissance de Jord Kadoudal, chef de l&#039;insurrection bretonne contre la tyrannie jacobine - STOURM<\/title>\n<meta name=\"robots\" content=\"index, follow, max-snippet:-1, max-image-preview:large, max-video-preview:-1\" \/>\n<link rel=\"canonical\" href=\"https:\/\/stourm.news\/?p=5435\" \/>\n<meta property=\"og:locale\" content=\"fr_FR\" \/>\n<meta property=\"og:type\" content=\"article\" \/>\n<meta property=\"og:title\" content=\"Emsav : 1er janvier 1771, naissance de Jord Kadoudal, chef de l&#039;insurrection bretonne contre la tyrannie jacobine - STOURM\" \/>\n<meta property=\"og:description\" content=\"Jord Kadoudal naquit le 1er janvier 1771 \u00e0 Kerl\u00e9ano, un modeste hameau d\u00e9pendant de la paroisse de Brec&rsquo;h, pr\u00e8s d\u2019An Alre (Auray) dans le Morbihan. Issu d\u2019une famille de paysans ais\u00e9s, il grandit au c\u0153ur d\u2019une Bretagne rurale o\u00f9 la langue bretonne et la foi catholique formaient l\u2019essence m\u00eame de l\u2019identit\u00e9 populaire. Fils a\u00een\u00e9 de [&hellip;]\" \/>\n<meta property=\"og:url\" content=\"https:\/\/stourm.news\/?p=5435\" \/>\n<meta property=\"og:site_name\" content=\"STOURM\" \/>\n<meta property=\"article:publisher\" content=\"https:\/\/www.facebook.com\/stourmnews\/\" \/>\n<meta property=\"article:published_time\" content=\"2026-01-01T10:18:14+00:00\" \/>\n<meta property=\"og:image\" content=\"https:\/\/histoire-image.org\/sites\/default\/files\/2021-11\/dup13_sorieul_001f.jpg\" \/>\n<meta name=\"author\" content=\"La r\u00e9daction\" \/>\n<meta name=\"twitter:card\" content=\"summary_large_image\" \/>\n<meta name=\"twitter:label1\" content=\"\u00c9crit par\" \/>\n\t<meta name=\"twitter:data1\" content=\"La r\u00e9daction\" \/>\n\t<meta name=\"twitter:label2\" content=\"Dur\u00e9e de lecture estim\u00e9e\" \/>\n\t<meta name=\"twitter:data2\" content=\"6 minutes\" \/>\n<script type=\"application\/ld+json\" class=\"yoast-schema-graph\">{\"@context\":\"https:\/\/schema.org\",\"@graph\":[{\"@type\":\"Article\",\"@id\":\"https:\/\/stourm.news\/?p=5435#article\",\"isPartOf\":{\"@id\":\"https:\/\/stourm.news\/?p=5435\"},\"author\":{\"name\":\"La r\u00e9daction\",\"@id\":\"https:\/\/stourm.news\/#\/schema\/person\/c3e1dc65988632e190969234ef046cf9\"},\"headline\":\"Emsav : 1er janvier 1771, naissance de Jord Kadoudal, chef de l&rsquo;insurrection bretonne contre la tyrannie jacobine\",\"datePublished\":\"2026-01-01T10:18:14+00:00\",\"mainEntityOfPage\":{\"@id\":\"https:\/\/stourm.news\/?p=5435\"},\"wordCount\":1180,\"commentCount\":0,\"publisher\":{\"@id\":\"https:\/\/stourm.news\/#organization\"},\"image\":{\"@id\":\"https:\/\/stourm.news\/?p=5435#primaryimage\"},\"thumbnailUrl\":\"https:\/\/stourm.news\/wp-content\/uploads\/2026\/01\/Capture-decran-2026-01-01-a-19.02.59.png\",\"articleSection\":[\"Emsav\",\"Principale\"],\"inLanguage\":\"fr-FR\",\"potentialAction\":[{\"@type\":\"CommentAction\",\"name\":\"Comment\",\"target\":[\"https:\/\/stourm.news\/?p=5435#respond\"]}]},{\"@type\":\"WebPage\",\"@id\":\"https:\/\/stourm.news\/?p=5435\",\"url\":\"https:\/\/stourm.news\/?p=5435\",\"name\":\"Emsav : 1er janvier 1771, naissance de Jord Kadoudal, chef de l'insurrection bretonne contre la tyrannie jacobine - STOURM\",\"isPartOf\":{\"@id\":\"https:\/\/stourm.news\/#website\"},\"primaryImageOfPage\":{\"@id\":\"https:\/\/stourm.news\/?p=5435#primaryimage\"},\"image\":{\"@id\":\"https:\/\/stourm.news\/?p=5435#primaryimage\"},\"thumbnailUrl\":\"https:\/\/stourm.news\/wp-content\/uploads\/2026\/01\/Capture-decran-2026-01-01-a-19.02.59.png\",\"datePublished\":\"2026-01-01T10:18:14+00:00\",\"breadcrumb\":{\"@id\":\"https:\/\/stourm.news\/?p=5435#breadcrumb\"},\"inLanguage\":\"fr-FR\",\"potentialAction\":[{\"@type\":\"ReadAction\",\"target\":[\"https:\/\/stourm.news\/?p=5435\"]}]},{\"@type\":\"ImageObject\",\"inLanguage\":\"fr-FR\",\"@id\":\"https:\/\/stourm.news\/?p=5435#primaryimage\",\"url\":\"https:\/\/stourm.news\/wp-content\/uploads\/2026\/01\/Capture-decran-2026-01-01-a-19.02.59.png\",\"contentUrl\":\"https:\/\/stourm.news\/wp-content\/uploads\/2026\/01\/Capture-decran-2026-01-01-a-19.02.59.png\",\"width\":816,\"height\":546},{\"@type\":\"BreadcrumbList\",\"@id\":\"https:\/\/stourm.news\/?p=5435#breadcrumb\",\"itemListElement\":[{\"@type\":\"ListItem\",\"position\":1,\"name\":\"Accueil\",\"item\":\"https:\/\/stourm.news\/\"},{\"@type\":\"ListItem\",\"position\":2,\"name\":\"Emsav : 1er janvier 1771, naissance de Jord Kadoudal, chef de l&rsquo;insurrection bretonne contre la tyrannie jacobine\"}]},{\"@type\":\"WebSite\",\"@id\":\"https:\/\/stourm.news\/#website\",\"url\":\"https:\/\/stourm.news\/\",\"name\":\"Stourm\",\"description\":\"Kazetenn Strollad Broadel Breizh\",\"publisher\":{\"@id\":\"https:\/\/stourm.news\/#organization\"},\"potentialAction\":[{\"@type\":\"SearchAction\",\"target\":{\"@type\":\"EntryPoint\",\"urlTemplate\":\"https:\/\/stourm.news\/?s={search_term_string}\"},\"query-input\":{\"@type\":\"PropertyValueSpecification\",\"valueRequired\":true,\"valueName\":\"search_term_string\"}}],\"inLanguage\":\"fr-FR\"},{\"@type\":\"Organization\",\"@id\":\"https:\/\/stourm.news\/#organization\",\"name\":\"Stourm\",\"url\":\"https:\/\/stourm.news\/\",\"logo\":{\"@type\":\"ImageObject\",\"inLanguage\":\"fr-FR\",\"@id\":\"https:\/\/stourm.news\/#\/schema\/logo\/image\/\",\"url\":\"https:\/\/stourm.news\/wp-content\/uploads\/2025\/11\/cropped-Capture-decran-2025-11-28-a-15.19.07.png\",\"contentUrl\":\"https:\/\/stourm.news\/wp-content\/uploads\/2025\/11\/cropped-Capture-decran-2025-11-28-a-15.19.07.png\",\"width\":1855,\"height\":383,\"caption\":\"Stourm\"},\"image\":{\"@id\":\"https:\/\/stourm.news\/#\/schema\/logo\/image\/\"},\"sameAs\":[\"https:\/\/www.facebook.com\/stourmnews\/\"]},{\"@type\":\"Person\",\"@id\":\"https:\/\/stourm.news\/#\/schema\/person\/c3e1dc65988632e190969234ef046cf9\",\"name\":\"La r\u00e9daction\",\"image\":{\"@type\":\"ImageObject\",\"inLanguage\":\"fr-FR\",\"@id\":\"https:\/\/stourm.news\/#\/schema\/person\/image\/\",\"url\":\"https:\/\/secure.gravatar.com\/avatar\/7463443f194b6b5fb706b074ca0ef59a0cfcfd720cb47764b0ec5a952ce422b3?s=96&d=mm&r=g\",\"contentUrl\":\"https:\/\/secure.gravatar.com\/avatar\/7463443f194b6b5fb706b074ca0ef59a0cfcfd720cb47764b0ec5a952ce422b3?s=96&d=mm&r=g\",\"caption\":\"La r\u00e9daction\"},\"sameAs\":[\"https:\/\/stourm.news\"],\"url\":\"https:\/\/stourm.news\/?author=1\"}]}<\/script>\n<!-- \/ Yoast SEO plugin. -->","yoast_head_json":{"title":"Emsav : 1er janvier 1771, naissance de Jord Kadoudal, chef de l'insurrection bretonne contre la tyrannie jacobine - STOURM","robots":{"index":"index","follow":"follow","max-snippet":"max-snippet:-1","max-image-preview":"max-image-preview:large","max-video-preview":"max-video-preview:-1"},"canonical":"https:\/\/stourm.news\/?p=5435","og_locale":"fr_FR","og_type":"article","og_title":"Emsav : 1er janvier 1771, naissance de Jord Kadoudal, chef de l'insurrection bretonne contre la tyrannie jacobine - STOURM","og_description":"Jord Kadoudal naquit le 1er janvier 1771 \u00e0 Kerl\u00e9ano, un modeste hameau d\u00e9pendant de la paroisse de Brec&rsquo;h, pr\u00e8s d\u2019An Alre (Auray) dans le Morbihan. Issu d\u2019une famille de paysans ais\u00e9s, il grandit au c\u0153ur d\u2019une Bretagne rurale o\u00f9 la langue bretonne et la foi catholique formaient l\u2019essence m\u00eame de l\u2019identit\u00e9 populaire. Fils a\u00een\u00e9 de [&hellip;]","og_url":"https:\/\/stourm.news\/?p=5435","og_site_name":"STOURM","article_publisher":"https:\/\/www.facebook.com\/stourmnews\/","article_published_time":"2026-01-01T10:18:14+00:00","og_image":[{"url":"https:\/\/histoire-image.org\/sites\/default\/files\/2021-11\/dup13_sorieul_001f.jpg","type":"","width":"","height":""}],"author":"La r\u00e9daction","twitter_card":"summary_large_image","twitter_misc":{"\u00c9crit par":"La r\u00e9daction","Dur\u00e9e de lecture estim\u00e9e":"6 minutes"},"schema":{"@context":"https:\/\/schema.org","@graph":[{"@type":"Article","@id":"https:\/\/stourm.news\/?p=5435#article","isPartOf":{"@id":"https:\/\/stourm.news\/?p=5435"},"author":{"name":"La r\u00e9daction","@id":"https:\/\/stourm.news\/#\/schema\/person\/c3e1dc65988632e190969234ef046cf9"},"headline":"Emsav : 1er janvier 1771, naissance de Jord Kadoudal, chef de l&rsquo;insurrection bretonne contre la tyrannie jacobine","datePublished":"2026-01-01T10:18:14+00:00","mainEntityOfPage":{"@id":"https:\/\/stourm.news\/?p=5435"},"wordCount":1180,"commentCount":0,"publisher":{"@id":"https:\/\/stourm.news\/#organization"},"image":{"@id":"https:\/\/stourm.news\/?p=5435#primaryimage"},"thumbnailUrl":"https:\/\/stourm.news\/wp-content\/uploads\/2026\/01\/Capture-decran-2026-01-01-a-19.02.59.png","articleSection":["Emsav","Principale"],"inLanguage":"fr-FR","potentialAction":[{"@type":"CommentAction","name":"Comment","target":["https:\/\/stourm.news\/?p=5435#respond"]}]},{"@type":"WebPage","@id":"https:\/\/stourm.news\/?p=5435","url":"https:\/\/stourm.news\/?p=5435","name":"Emsav : 1er janvier 1771, naissance de Jord Kadoudal, chef de l'insurrection bretonne contre la tyrannie jacobine - STOURM","isPartOf":{"@id":"https:\/\/stourm.news\/#website"},"primaryImageOfPage":{"@id":"https:\/\/stourm.news\/?p=5435#primaryimage"},"image":{"@id":"https:\/\/stourm.news\/?p=5435#primaryimage"},"thumbnailUrl":"https:\/\/stourm.news\/wp-content\/uploads\/2026\/01\/Capture-decran-2026-01-01-a-19.02.59.png","datePublished":"2026-01-01T10:18:14+00:00","breadcrumb":{"@id":"https:\/\/stourm.news\/?p=5435#breadcrumb"},"inLanguage":"fr-FR","potentialAction":[{"@type":"ReadAction","target":["https:\/\/stourm.news\/?p=5435"]}]},{"@type":"ImageObject","inLanguage":"fr-FR","@id":"https:\/\/stourm.news\/?p=5435#primaryimage","url":"https:\/\/stourm.news\/wp-content\/uploads\/2026\/01\/Capture-decran-2026-01-01-a-19.02.59.png","contentUrl":"https:\/\/stourm.news\/wp-content\/uploads\/2026\/01\/Capture-decran-2026-01-01-a-19.02.59.png","width":816,"height":546},{"@type":"BreadcrumbList","@id":"https:\/\/stourm.news\/?p=5435#breadcrumb","itemListElement":[{"@type":"ListItem","position":1,"name":"Accueil","item":"https:\/\/stourm.news\/"},{"@type":"ListItem","position":2,"name":"Emsav : 1er janvier 1771, naissance de Jord Kadoudal, chef de l&rsquo;insurrection bretonne contre la tyrannie jacobine"}]},{"@type":"WebSite","@id":"https:\/\/stourm.news\/#website","url":"https:\/\/stourm.news\/","name":"Stourm","description":"Kazetenn Strollad Broadel Breizh","publisher":{"@id":"https:\/\/stourm.news\/#organization"},"potentialAction":[{"@type":"SearchAction","target":{"@type":"EntryPoint","urlTemplate":"https:\/\/stourm.news\/?s={search_term_string}"},"query-input":{"@type":"PropertyValueSpecification","valueRequired":true,"valueName":"search_term_string"}}],"inLanguage":"fr-FR"},{"@type":"Organization","@id":"https:\/\/stourm.news\/#organization","name":"Stourm","url":"https:\/\/stourm.news\/","logo":{"@type":"ImageObject","inLanguage":"fr-FR","@id":"https:\/\/stourm.news\/#\/schema\/logo\/image\/","url":"https:\/\/stourm.news\/wp-content\/uploads\/2025\/11\/cropped-Capture-decran-2025-11-28-a-15.19.07.png","contentUrl":"https:\/\/stourm.news\/wp-content\/uploads\/2025\/11\/cropped-Capture-decran-2025-11-28-a-15.19.07.png","width":1855,"height":383,"caption":"Stourm"},"image":{"@id":"https:\/\/stourm.news\/#\/schema\/logo\/image\/"},"sameAs":["https:\/\/www.facebook.com\/stourmnews\/"]},{"@type":"Person","@id":"https:\/\/stourm.news\/#\/schema\/person\/c3e1dc65988632e190969234ef046cf9","name":"La r\u00e9daction","image":{"@type":"ImageObject","inLanguage":"fr-FR","@id":"https:\/\/stourm.news\/#\/schema\/person\/image\/","url":"https:\/\/secure.gravatar.com\/avatar\/7463443f194b6b5fb706b074ca0ef59a0cfcfd720cb47764b0ec5a952ce422b3?s=96&d=mm&r=g","contentUrl":"https:\/\/secure.gravatar.com\/avatar\/7463443f194b6b5fb706b074ca0ef59a0cfcfd720cb47764b0ec5a952ce422b3?s=96&d=mm&r=g","caption":"La r\u00e9daction"},"sameAs":["https:\/\/stourm.news"],"url":"https:\/\/stourm.news\/?author=1"}]}},"_links":{"self":[{"href":"https:\/\/stourm.news\/index.php?rest_route=\/wp\/v2\/posts\/5435","targetHints":{"allow":["GET"]}}],"collection":[{"href":"https:\/\/stourm.news\/index.php?rest_route=\/wp\/v2\/posts"}],"about":[{"href":"https:\/\/stourm.news\/index.php?rest_route=\/wp\/v2\/types\/post"}],"author":[{"embeddable":true,"href":"https:\/\/stourm.news\/index.php?rest_route=\/wp\/v2\/users\/1"}],"replies":[{"embeddable":true,"href":"https:\/\/stourm.news\/index.php?rest_route=%2Fwp%2Fv2%2Fcomments&post=5435"}],"version-history":[{"count":1,"href":"https:\/\/stourm.news\/index.php?rest_route=\/wp\/v2\/posts\/5435\/revisions"}],"predecessor-version":[{"id":5437,"href":"https:\/\/stourm.news\/index.php?rest_route=\/wp\/v2\/posts\/5435\/revisions\/5437"}],"wp:featuredmedia":[{"embeddable":true,"href":"https:\/\/stourm.news\/index.php?rest_route=\/wp\/v2\/media\/5436"}],"wp:attachment":[{"href":"https:\/\/stourm.news\/index.php?rest_route=%2Fwp%2Fv2%2Fmedia&parent=5435"}],"wp:term":[{"taxonomy":"category","embeddable":true,"href":"https:\/\/stourm.news\/index.php?rest_route=%2Fwp%2Fv2%2Fcategories&post=5435"},{"taxonomy":"post_tag","embeddable":true,"href":"https:\/\/stourm.news\/index.php?rest_route=%2Fwp%2Fv2%2Ftags&post=5435"}],"curies":[{"name":"wp","href":"https:\/\/api.w.org\/{rel}","templated":true}]}}