{"id":5507,"date":"2026-01-20T05:29:56","date_gmt":"2026-01-20T05:29:56","guid":{"rendered":"https:\/\/stourm.news\/?p=5507"},"modified":"2026-01-20T05:29:56","modified_gmt":"2026-01-20T05:29:56","slug":"quimper-9-mois-de-prison-ferme-pour-le-membre-dune-bande-qui-avait-poignarde-un-jeune-dans-le-dos-en-plein-parc","status":"publish","type":"post","link":"https:\/\/stourm.news\/?p=5507","title":{"rendered":"Quimper : 9 mois de prison ferme pour le membre d&rsquo;une bande qui avait poignard\u00e9 un jeune dans le dos en plein parc"},"content":{"rendered":"<p style=\"text-align: justify;\"><span style=\"font-family: arial, helvetica, sans-serif; font-size: 14pt;\">Un homme de 20 ans a \u00e9t\u00e9 condamn\u00e9, lundi 19 janvier 2026, \u00e0 neuf mois de prison ferme par le tribunal correctionnel de Quimper indique <strong><a href=\"https:\/\/www.letelegramme.fr\/finistere\/quimper-29000\/huit-mois-de-prison-ferme-pour-avoir-poignarde-un-jeune-dans-le-dos-au-jardin-du-theatre-a-quimper-6967775.php\">Le T\u00e9l\u00e9gramme<\/a><\/strong>. Il est reconnu coupable d&rsquo;avoir port\u00e9 <strong>un coup de couteau<\/strong> <strong>dans le dos<\/strong> d&rsquo;un autre jeune du m\u00eame \u00e2ge, lors d&rsquo;une rixe survenue en mars 2025 dans le jardin du Th\u00e9\u00e2tre, un lieu r\u00e9guli\u00e8rement fr\u00e9quent\u00e9 par des groupes de jeunes en soir\u00e9e.<\/span><\/p>\n<p style=\"text-align: justify;\"><strong><span style=\"font-family: arial, helvetica, sans-serif; font-size: 14pt;\">Les faits remontent au 5 mars 2025<\/span><\/strong><\/p>\n<p style=\"text-align: justify;\"><span style=\"font-family: arial, helvetica, sans-serif; font-size: 14pt;\">Vers 23 heures ce soir-l\u00e0, la victime \u2013 un jeune homme de 20 ans \u2013 se pr\u00e9sente aux urgences du commissariat de Quimper, une plaie au dos caus\u00e9e par <strong>une arme blanche<\/strong>. Selon son r\u00e9cit, il a \u00e9t\u00e9 pris \u00e0 partie pr\u00e8s du Novomax, dans le jardin du Th\u00e9\u00e2tre. Un groupe de jeunes se serait moqu\u00e9 de lui, les filles du groupe poussant les gar\u00e7ons \u00e0 \u00ab faire monter la pression \u00bb. L&rsquo;altercation a rapidement d\u00e9g\u00e9n\u00e9r\u00e9 et la victime a re\u00e7u <strong>un coup de couteau dans le dos<\/strong>, sans pouvoir d\u00e9signer clairement son agresseur sur le moment.<\/span><\/p>\n<p style=\"text-align: justify;\"><span style=\"font-family: arial, helvetica, sans-serif; font-size: 14pt;\">Les policiers se rendent imm\u00e9diatement sur place, mais le groupe s&rsquo;est d\u00e9j\u00e0 dispers\u00e9. Gr\u00e2ce au t\u00e9moignage pr\u00e9cieux d&rsquo;un sans domicile fixe pr\u00e9sent dans les environs, les forces de l&rsquo;ordre retrouvent rapidement les protagonistes \u00e0 proximit\u00e9 d&rsquo;un abribus.<\/span><\/p>\n<p style=\"text-align: justify;\"><strong><span style=\"font-family: arial, helvetica, sans-serif; font-size: 14pt;\">Un couteau dissimul\u00e9 et des t\u00e9moignages concordants<\/span><\/strong><\/p>\n<p style=\"text-align: justify;\"><span style=\"font-family: arial, helvetica, sans-serif; font-size: 14pt;\">Parmi le groupe interpell\u00e9, la plupart des membres sont mineurs\u2026 \u00e0 l&rsquo;exception d&rsquo;un jeune majeur de 20 ans. Les enqu\u00eateurs remarquent une tache de sang sur les chaussures de l&rsquo;un d&rsquo;eux. Tous sont conduits au commissariat. Pendant le trajet en v\u00e9hicule de police, le jeune majeur tente \u2013 de mani\u00e8re assez maladroite \u2013 de dissimuler un couteau entre les coussins des si\u00e8ges. Les autres personnes pr\u00e9sentes dans le groupe le d\u00e9signent unanimement comme l&rsquo;auteur du coup de couteau. Ils expliquent qu&rsquo;il avait rejoint leur bande seulement deux jours plus t\u00f4t, mais qu&rsquo;ils ne le \u00ab sentaient pas \u00bb. Malgr\u00e9 cela, une jeune fille de 16 ans avait accept\u00e9 de l&rsquo;h\u00e9berger chez elle. <\/span><\/p>\n<p style=\"text-align: justify;\"><strong><span style=\"font-family: arial, helvetica, sans-serif; font-size: 14pt;\">\u00ab Ils se sont ligu\u00e9s contre moi \u00bb, assure le pr\u00e9venu<\/span><\/strong><\/p>\n<p style=\"text-align: justify;\"><span style=\"font-family: arial, helvetica, sans-serif; font-size: 14pt;\">Lors de l&rsquo;audience du 19 janvier 2026, le jeune homme, qui comparaissait d\u00e9tenu (en raison d&rsquo;une autre affaire de vol aggrav\u00e9), a maintenu sa version des faits avec insistance. D&rsquo;une voix fluette et avec un physique tr\u00e8s juv\u00e9nile, il a expliqu\u00e9 :\u00ab Je voulais les prot\u00e9ger et j\u2019ai ramass\u00e9 le couteau \u00e0 terre pour le cacher. Ensuite, comme je ne voulais pas \u00eatre accus\u00e9 \u00e0 leur place, j\u2019ai voulu m\u2019en d\u00e9barrasser. Ils disent tous que c\u2019est moi qui ai donn\u00e9 le coup de couteau. Ils se sont ligu\u00e9s contre moi. \u00bb<\/span><\/p>\n<p style=\"text-align: justify;\"><span style=\"font-family: arial, helvetica, sans-serif; font-size: 14pt;\">Une d\u00e9fense qui n&rsquo;a pas convaincu le tribunal. Le procureur de la R\u00e9publique, Philippe Lemoine, a requis neuf mois de prison ferme, soulignant la gravit\u00e9 des faits et le caract\u00e8re potentiellement tr\u00e8s dangereux d&rsquo;une telle agression \u00e0 l&rsquo;arme blanche. La pr\u00e9sidente du tribunal, Cl\u00e9mence Peyrou-Teitgen, a suivi ces r\u00e9quisitions \u00e0 la lettre. Le pr\u00e9venu reste donc incarc\u00e9r\u00e9. \u00c0 noter que, dans le m\u00eame dossier, l&rsquo;un des mineurs impliqu\u00e9s sera jug\u00e9 ult\u00e9rieurement devant le tribunal pour enfants pour des coups et blessures.<\/span><\/p>\n","protected":false},"excerpt":{"rendered":"<p>Un homme de 20 ans a \u00e9t\u00e9 condamn\u00e9, lundi 19 janvier 2026, \u00e0 neuf mois de prison ferme par le tribunal correctionnel de Quimper indique Le T\u00e9l\u00e9gramme. Il est reconnu coupable d&rsquo;avoir port\u00e9 un coup de couteau dans le dos d&rsquo;un autre jeune du m\u00eame \u00e2ge, lors d&rsquo;une rixe survenue en mars 2025 dans le [&hellip;]<\/p>\n","protected":false},"author":1,"featured_media":5508,"comment_status":"open","ping_status":"open","sticky":false,"template":"","format":"standard","meta":{"sb_editor_width":"","footnotes":""},"categories":[31,52,38,65,62],"tags":[],"class_list":["post-5507","post","type-post","status-publish","format-standard","has-post-thumbnail","hentry","category-agression","category-faits-divers","category-finistere","category-principale","category-revue-de-presse"],"relative_dates":{"created":"3 mois ago","modified":"3 mois ago"},"yoast_head":"<!-- This site is optimized with the Yoast SEO plugin v26.3 - https:\/\/yoast.com\/wordpress\/plugins\/seo\/ -->\n<title>Quimper : 9 mois de prison ferme pour le membre d&#039;une bande qui avait poignard\u00e9 un jeune dans le dos en plein parc - STOURM<\/title>\n<meta name=\"robots\" content=\"index, follow, max-snippet:-1, max-image-preview:large, max-video-preview:-1\" \/>\n<link rel=\"canonical\" href=\"https:\/\/stourm.news\/?p=5507\" \/>\n<meta property=\"og:locale\" content=\"fr_FR\" \/>\n<meta property=\"og:type\" content=\"article\" \/>\n<meta property=\"og:title\" content=\"Quimper : 9 mois de prison ferme pour le membre d&#039;une bande qui avait poignard\u00e9 un jeune dans le dos en plein parc - STOURM\" \/>\n<meta property=\"og:description\" content=\"Un homme de 20 ans a \u00e9t\u00e9 condamn\u00e9, lundi 19 janvier 2026, \u00e0 neuf mois de prison ferme par le tribunal correctionnel de Quimper indique Le T\u00e9l\u00e9gramme. Il est reconnu coupable d&rsquo;avoir port\u00e9 un coup de couteau dans le dos d&rsquo;un autre jeune du m\u00eame \u00e2ge, lors d&rsquo;une rixe survenue en mars 2025 dans le [&hellip;]\" \/>\n<meta property=\"og:url\" content=\"https:\/\/stourm.news\/?p=5507\" \/>\n<meta property=\"og:site_name\" content=\"STOURM\" \/>\n<meta property=\"article:publisher\" content=\"https:\/\/www.facebook.com\/stourmnews\/\" \/>\n<meta property=\"article:published_time\" content=\"2026-01-20T05:29:56+00:00\" \/>\n<meta name=\"author\" content=\"La r\u00e9daction\" \/>\n<meta name=\"twitter:card\" content=\"summary_large_image\" \/>\n<meta name=\"twitter:label1\" content=\"\u00c9crit par\" \/>\n\t<meta name=\"twitter:data1\" content=\"La r\u00e9daction\" \/>\n\t<meta name=\"twitter:label2\" content=\"Dur\u00e9e de lecture estim\u00e9e\" \/>\n\t<meta name=\"twitter:data2\" content=\"3 minutes\" \/>\n<script type=\"application\/ld+json\" class=\"yoast-schema-graph\">{\"@context\":\"https:\/\/schema.org\",\"@graph\":[{\"@type\":\"Article\",\"@id\":\"https:\/\/stourm.news\/?p=5507#article\",\"isPartOf\":{\"@id\":\"https:\/\/stourm.news\/?p=5507\"},\"author\":{\"name\":\"La r\u00e9daction\",\"@id\":\"https:\/\/stourm.news\/#\/schema\/person\/c3e1dc65988632e190969234ef046cf9\"},\"headline\":\"Quimper : 9 mois de prison ferme pour le membre d&rsquo;une bande qui avait poignard\u00e9 un jeune dans le dos en plein parc\",\"datePublished\":\"2026-01-20T05:29:56+00:00\",\"mainEntityOfPage\":{\"@id\":\"https:\/\/stourm.news\/?p=5507\"},\"wordCount\":581,\"commentCount\":0,\"publisher\":{\"@id\":\"https:\/\/stourm.news\/#organization\"},\"image\":{\"@id\":\"https:\/\/stourm.news\/?p=5507#primaryimage\"},\"thumbnailUrl\":\"https:\/\/stourm.news\/wp-content\/uploads\/2026\/01\/quimper.webp\",\"articleSection\":[\"Agression\",\"Faits divers\",\"Finist\u00e8re\",\"Principale\",\"Revue de presse\"],\"inLanguage\":\"fr-FR\",\"potentialAction\":[{\"@type\":\"CommentAction\",\"name\":\"Comment\",\"target\":[\"https:\/\/stourm.news\/?p=5507#respond\"]}]},{\"@type\":\"WebPage\",\"@id\":\"https:\/\/stourm.news\/?p=5507\",\"url\":\"https:\/\/stourm.news\/?p=5507\",\"name\":\"Quimper : 9 mois de prison ferme pour le membre d'une bande qui avait poignard\u00e9 un jeune dans le dos en plein parc - STOURM\",\"isPartOf\":{\"@id\":\"https:\/\/stourm.news\/#website\"},\"primaryImageOfPage\":{\"@id\":\"https:\/\/stourm.news\/?p=5507#primaryimage\"},\"image\":{\"@id\":\"https:\/\/stourm.news\/?p=5507#primaryimage\"},\"thumbnailUrl\":\"https:\/\/stourm.news\/wp-content\/uploads\/2026\/01\/quimper.webp\",\"datePublished\":\"2026-01-20T05:29:56+00:00\",\"breadcrumb\":{\"@id\":\"https:\/\/stourm.news\/?p=5507#breadcrumb\"},\"inLanguage\":\"fr-FR\",\"potentialAction\":[{\"@type\":\"ReadAction\",\"target\":[\"https:\/\/stourm.news\/?p=5507\"]}]},{\"@type\":\"ImageObject\",\"inLanguage\":\"fr-FR\",\"@id\":\"https:\/\/stourm.news\/?p=5507#primaryimage\",\"url\":\"https:\/\/stourm.news\/wp-content\/uploads\/2026\/01\/quimper.webp\",\"contentUrl\":\"https:\/\/stourm.news\/wp-content\/uploads\/2026\/01\/quimper.webp\",\"width\":1200,\"height\":803},{\"@type\":\"BreadcrumbList\",\"@id\":\"https:\/\/stourm.news\/?p=5507#breadcrumb\",\"itemListElement\":[{\"@type\":\"ListItem\",\"position\":1,\"name\":\"Accueil\",\"item\":\"https:\/\/stourm.news\/\"},{\"@type\":\"ListItem\",\"position\":2,\"name\":\"Quimper : 9 mois de prison ferme pour le membre d&rsquo;une bande qui avait poignard\u00e9 un jeune dans le dos en plein parc\"}]},{\"@type\":\"WebSite\",\"@id\":\"https:\/\/stourm.news\/#website\",\"url\":\"https:\/\/stourm.news\/\",\"name\":\"Stourm\",\"description\":\"Kazetenn Strollad Broadel Breizh\",\"publisher\":{\"@id\":\"https:\/\/stourm.news\/#organization\"},\"potentialAction\":[{\"@type\":\"SearchAction\",\"target\":{\"@type\":\"EntryPoint\",\"urlTemplate\":\"https:\/\/stourm.news\/?s={search_term_string}\"},\"query-input\":{\"@type\":\"PropertyValueSpecification\",\"valueRequired\":true,\"valueName\":\"search_term_string\"}}],\"inLanguage\":\"fr-FR\"},{\"@type\":\"Organization\",\"@id\":\"https:\/\/stourm.news\/#organization\",\"name\":\"Stourm\",\"url\":\"https:\/\/stourm.news\/\",\"logo\":{\"@type\":\"ImageObject\",\"inLanguage\":\"fr-FR\",\"@id\":\"https:\/\/stourm.news\/#\/schema\/logo\/image\/\",\"url\":\"https:\/\/stourm.news\/wp-content\/uploads\/2025\/11\/cropped-Capture-decran-2025-11-28-a-15.19.07.png\",\"contentUrl\":\"https:\/\/stourm.news\/wp-content\/uploads\/2025\/11\/cropped-Capture-decran-2025-11-28-a-15.19.07.png\",\"width\":1855,\"height\":383,\"caption\":\"Stourm\"},\"image\":{\"@id\":\"https:\/\/stourm.news\/#\/schema\/logo\/image\/\"},\"sameAs\":[\"https:\/\/www.facebook.com\/stourmnews\/\"]},{\"@type\":\"Person\",\"@id\":\"https:\/\/stourm.news\/#\/schema\/person\/c3e1dc65988632e190969234ef046cf9\",\"name\":\"La r\u00e9daction\",\"image\":{\"@type\":\"ImageObject\",\"inLanguage\":\"fr-FR\",\"@id\":\"https:\/\/stourm.news\/#\/schema\/person\/image\/\",\"url\":\"https:\/\/secure.gravatar.com\/avatar\/7463443f194b6b5fb706b074ca0ef59a0cfcfd720cb47764b0ec5a952ce422b3?s=96&d=mm&r=g\",\"contentUrl\":\"https:\/\/secure.gravatar.com\/avatar\/7463443f194b6b5fb706b074ca0ef59a0cfcfd720cb47764b0ec5a952ce422b3?s=96&d=mm&r=g\",\"caption\":\"La r\u00e9daction\"},\"sameAs\":[\"https:\/\/stourm.news\"],\"url\":\"https:\/\/stourm.news\/?author=1\"}]}<\/script>\n<!-- \/ Yoast SEO plugin. -->","yoast_head_json":{"title":"Quimper : 9 mois de prison ferme pour le membre d'une bande qui avait poignard\u00e9 un jeune dans le dos en plein parc - STOURM","robots":{"index":"index","follow":"follow","max-snippet":"max-snippet:-1","max-image-preview":"max-image-preview:large","max-video-preview":"max-video-preview:-1"},"canonical":"https:\/\/stourm.news\/?p=5507","og_locale":"fr_FR","og_type":"article","og_title":"Quimper : 9 mois de prison ferme pour le membre d'une bande qui avait poignard\u00e9 un jeune dans le dos en plein parc - STOURM","og_description":"Un homme de 20 ans a \u00e9t\u00e9 condamn\u00e9, lundi 19 janvier 2026, \u00e0 neuf mois de prison ferme par le tribunal correctionnel de Quimper indique Le T\u00e9l\u00e9gramme. Il est reconnu coupable d&rsquo;avoir port\u00e9 un coup de couteau dans le dos d&rsquo;un autre jeune du m\u00eame \u00e2ge, lors d&rsquo;une rixe survenue en mars 2025 dans le [&hellip;]","og_url":"https:\/\/stourm.news\/?p=5507","og_site_name":"STOURM","article_publisher":"https:\/\/www.facebook.com\/stourmnews\/","article_published_time":"2026-01-20T05:29:56+00:00","author":"La r\u00e9daction","twitter_card":"summary_large_image","twitter_misc":{"\u00c9crit par":"La r\u00e9daction","Dur\u00e9e de lecture estim\u00e9e":"3 minutes"},"schema":{"@context":"https:\/\/schema.org","@graph":[{"@type":"Article","@id":"https:\/\/stourm.news\/?p=5507#article","isPartOf":{"@id":"https:\/\/stourm.news\/?p=5507"},"author":{"name":"La r\u00e9daction","@id":"https:\/\/stourm.news\/#\/schema\/person\/c3e1dc65988632e190969234ef046cf9"},"headline":"Quimper : 9 mois de prison ferme pour le membre d&rsquo;une bande qui avait poignard\u00e9 un jeune dans le dos en plein parc","datePublished":"2026-01-20T05:29:56+00:00","mainEntityOfPage":{"@id":"https:\/\/stourm.news\/?p=5507"},"wordCount":581,"commentCount":0,"publisher":{"@id":"https:\/\/stourm.news\/#organization"},"image":{"@id":"https:\/\/stourm.news\/?p=5507#primaryimage"},"thumbnailUrl":"https:\/\/stourm.news\/wp-content\/uploads\/2026\/01\/quimper.webp","articleSection":["Agression","Faits divers","Finist\u00e8re","Principale","Revue de presse"],"inLanguage":"fr-FR","potentialAction":[{"@type":"CommentAction","name":"Comment","target":["https:\/\/stourm.news\/?p=5507#respond"]}]},{"@type":"WebPage","@id":"https:\/\/stourm.news\/?p=5507","url":"https:\/\/stourm.news\/?p=5507","name":"Quimper : 9 mois de prison ferme pour le membre d'une bande qui avait poignard\u00e9 un jeune dans le dos en plein parc - STOURM","isPartOf":{"@id":"https:\/\/stourm.news\/#website"},"primaryImageOfPage":{"@id":"https:\/\/stourm.news\/?p=5507#primaryimage"},"image":{"@id":"https:\/\/stourm.news\/?p=5507#primaryimage"},"thumbnailUrl":"https:\/\/stourm.news\/wp-content\/uploads\/2026\/01\/quimper.webp","datePublished":"2026-01-20T05:29:56+00:00","breadcrumb":{"@id":"https:\/\/stourm.news\/?p=5507#breadcrumb"},"inLanguage":"fr-FR","potentialAction":[{"@type":"ReadAction","target":["https:\/\/stourm.news\/?p=5507"]}]},{"@type":"ImageObject","inLanguage":"fr-FR","@id":"https:\/\/stourm.news\/?p=5507#primaryimage","url":"https:\/\/stourm.news\/wp-content\/uploads\/2026\/01\/quimper.webp","contentUrl":"https:\/\/stourm.news\/wp-content\/uploads\/2026\/01\/quimper.webp","width":1200,"height":803},{"@type":"BreadcrumbList","@id":"https:\/\/stourm.news\/?p=5507#breadcrumb","itemListElement":[{"@type":"ListItem","position":1,"name":"Accueil","item":"https:\/\/stourm.news\/"},{"@type":"ListItem","position":2,"name":"Quimper : 9 mois de prison ferme pour le membre d&rsquo;une bande qui avait poignard\u00e9 un jeune dans le dos en plein parc"}]},{"@type":"WebSite","@id":"https:\/\/stourm.news\/#website","url":"https:\/\/stourm.news\/","name":"Stourm","description":"Kazetenn Strollad Broadel Breizh","publisher":{"@id":"https:\/\/stourm.news\/#organization"},"potentialAction":[{"@type":"SearchAction","target":{"@type":"EntryPoint","urlTemplate":"https:\/\/stourm.news\/?s={search_term_string}"},"query-input":{"@type":"PropertyValueSpecification","valueRequired":true,"valueName":"search_term_string"}}],"inLanguage":"fr-FR"},{"@type":"Organization","@id":"https:\/\/stourm.news\/#organization","name":"Stourm","url":"https:\/\/stourm.news\/","logo":{"@type":"ImageObject","inLanguage":"fr-FR","@id":"https:\/\/stourm.news\/#\/schema\/logo\/image\/","url":"https:\/\/stourm.news\/wp-content\/uploads\/2025\/11\/cropped-Capture-decran-2025-11-28-a-15.19.07.png","contentUrl":"https:\/\/stourm.news\/wp-content\/uploads\/2025\/11\/cropped-Capture-decran-2025-11-28-a-15.19.07.png","width":1855,"height":383,"caption":"Stourm"},"image":{"@id":"https:\/\/stourm.news\/#\/schema\/logo\/image\/"},"sameAs":["https:\/\/www.facebook.com\/stourmnews\/"]},{"@type":"Person","@id":"https:\/\/stourm.news\/#\/schema\/person\/c3e1dc65988632e190969234ef046cf9","name":"La r\u00e9daction","image":{"@type":"ImageObject","inLanguage":"fr-FR","@id":"https:\/\/stourm.news\/#\/schema\/person\/image\/","url":"https:\/\/secure.gravatar.com\/avatar\/7463443f194b6b5fb706b074ca0ef59a0cfcfd720cb47764b0ec5a952ce422b3?s=96&d=mm&r=g","contentUrl":"https:\/\/secure.gravatar.com\/avatar\/7463443f194b6b5fb706b074ca0ef59a0cfcfd720cb47764b0ec5a952ce422b3?s=96&d=mm&r=g","caption":"La r\u00e9daction"},"sameAs":["https:\/\/stourm.news"],"url":"https:\/\/stourm.news\/?author=1"}]}},"_links":{"self":[{"href":"https:\/\/stourm.news\/index.php?rest_route=\/wp\/v2\/posts\/5507","targetHints":{"allow":["GET"]}}],"collection":[{"href":"https:\/\/stourm.news\/index.php?rest_route=\/wp\/v2\/posts"}],"about":[{"href":"https:\/\/stourm.news\/index.php?rest_route=\/wp\/v2\/types\/post"}],"author":[{"embeddable":true,"href":"https:\/\/stourm.news\/index.php?rest_route=\/wp\/v2\/users\/1"}],"replies":[{"embeddable":true,"href":"https:\/\/stourm.news\/index.php?rest_route=%2Fwp%2Fv2%2Fcomments&post=5507"}],"version-history":[{"count":1,"href":"https:\/\/stourm.news\/index.php?rest_route=\/wp\/v2\/posts\/5507\/revisions"}],"predecessor-version":[{"id":5509,"href":"https:\/\/stourm.news\/index.php?rest_route=\/wp\/v2\/posts\/5507\/revisions\/5509"}],"wp:featuredmedia":[{"embeddable":true,"href":"https:\/\/stourm.news\/index.php?rest_route=\/wp\/v2\/media\/5508"}],"wp:attachment":[{"href":"https:\/\/stourm.news\/index.php?rest_route=%2Fwp%2Fv2%2Fmedia&parent=5507"}],"wp:term":[{"taxonomy":"category","embeddable":true,"href":"https:\/\/stourm.news\/index.php?rest_route=%2Fwp%2Fv2%2Fcategories&post=5507"},{"taxonomy":"post_tag","embeddable":true,"href":"https:\/\/stourm.news\/index.php?rest_route=%2Fwp%2Fv2%2Ftags&post=5507"}],"curies":[{"name":"wp","href":"https:\/\/api.w.org\/{rel}","templated":true}]}}