{"id":5513,"date":"2026-01-20T17:38:47","date_gmt":"2026-01-20T17:38:47","guid":{"rendered":"https:\/\/stourm.news\/?p=5513"},"modified":"2026-01-20T17:38:47","modified_gmt":"2026-01-20T17:38:47","slug":"loudieg-loudeac-fermeture-administrative-dun-salon-de-coiffure-afro-pour-travail-dissimule","status":"publish","type":"post","link":"https:\/\/stourm.news\/?p=5513","title":{"rendered":"Loudieg (Loud\u00e9ac) : fermeture administrative d&rsquo;un salon de coiffure \u00ab\u00a0afro\u00a0\u00bb pour travail dissimul\u00e9"},"content":{"rendered":"<p style=\"text-align: justify;\"><span style=\"font-family: arial, helvetica, sans-serif; font-size: 14pt;\">Le pr\u00e9fet des C\u00f4tes-d\u2019Armor a ordonn\u00e9 la fermeture administrative de trois mois des commerces Les Ciseaux d\u2019or (coiffure\/barber) et Shadow Tattoo (tatouage), situ\u00e9s au 5 place des Halles selon <strong><a href=\"https:\/\/www.letelegramme.fr\/cotes-d-armor\/loudeac-22600\/travail-dissimule-absence-dimmatriculation-une-fermeture-administrative-pour-deux-commerces-installes-dans-un-meme-local-a-loudeac-6967870.php\">Le T\u00e9l\u00e9gramme<\/a><\/strong>. Contr\u00f4l\u00e9s en octobre 2025 (cinq mois apr\u00e8s leur ouverture), ils exer\u00e7aient sans immatriculation au r\u00e9pertoire des m\u00e9tiers et pratiquaient le travail dissimul\u00e9 pour l\u2019ensemble de leurs salari\u00e9s (aucune d\u00e9claration pr\u00e9alable \u00e0 l\u2019embauche).<\/span><\/p>\n<p style=\"text-align: justify;\"><span style=\"font-family: arial, helvetica, sans-serif; font-size: 14pt;\">Le responsable des Ciseaux d\u2019or a invoqu\u00e9 un probl\u00e8me avec son comptable, sans succ\u00e8s. Le salon de coiffure annonce sa fermeture d\u00e9finitive ; Shadow Tattoo pr\u00e9voit de rouvrir le 19 mars 2026.<\/span><\/p>\n<p style=\"text-align: justify;\"><span style=\"font-family: arial, helvetica, sans-serif; font-size: 14pt;\">Ces sanctions s\u2019inscrivent dans la lutte renforc\u00e9e contre le travail ill\u00e9gal dans le d\u00e9partement. <\/span><\/p>\n<p style=\"text-align: right;\"><strong><span style=\"font-family: arial, helvetica, sans-serif; font-size: 14pt;\">Ewen Broc&rsquo;han<\/span><\/strong><\/p>\n","protected":false},"excerpt":{"rendered":"<p>Le pr\u00e9fet des C\u00f4tes-d\u2019Armor a ordonn\u00e9 la fermeture administrative de trois mois des commerces Les Ciseaux d\u2019or (coiffure\/barber) et Shadow Tattoo (tatouage), situ\u00e9s au 5 place des Halles selon Le T\u00e9l\u00e9gramme. Contr\u00f4l\u00e9s en octobre 2025 (cinq mois apr\u00e8s leur ouverture), ils exer\u00e7aient sans immatriculation au r\u00e9pertoire des m\u00e9tiers et pratiquaient le travail dissimul\u00e9 pour l\u2019ensemble [&hellip;]<\/p>\n","protected":false},"author":1,"featured_media":5514,"comment_status":"open","ping_status":"open","sticky":false,"template":"","format":"standard","meta":{"sb_editor_width":"","footnotes":""},"categories":[39,52,86,65,62],"tags":[],"class_list":["post-5513","post","type-post","status-publish","format-standard","has-post-thumbnail","hentry","category-cotes-darmor","category-faits-divers","category-multiculturalisme","category-principale","category-revue-de-presse"],"relative_dates":{"created":"3 mois ago","modified":"3 mois ago"},"yoast_head":"<!-- This site is optimized with the Yoast SEO plugin v26.3 - https:\/\/yoast.com\/wordpress\/plugins\/seo\/ -->\n<title>Loudieg (Loud\u00e9ac) : fermeture administrative d&#039;un salon de coiffure &quot;afro&quot; pour travail dissimul\u00e9 - STOURM<\/title>\n<meta name=\"robots\" content=\"index, follow, max-snippet:-1, max-image-preview:large, max-video-preview:-1\" \/>\n<link rel=\"canonical\" href=\"https:\/\/stourm.news\/?p=5513\" \/>\n<meta property=\"og:locale\" content=\"fr_FR\" \/>\n<meta property=\"og:type\" content=\"article\" \/>\n<meta property=\"og:title\" content=\"Loudieg (Loud\u00e9ac) : fermeture administrative d&#039;un salon de coiffure &quot;afro&quot; pour travail dissimul\u00e9 - STOURM\" \/>\n<meta property=\"og:description\" content=\"Le pr\u00e9fet des C\u00f4tes-d\u2019Armor a ordonn\u00e9 la fermeture administrative de trois mois des commerces Les Ciseaux d\u2019or (coiffure\/barber) et Shadow Tattoo (tatouage), situ\u00e9s au 5 place des Halles selon Le T\u00e9l\u00e9gramme. Contr\u00f4l\u00e9s en octobre 2025 (cinq mois apr\u00e8s leur ouverture), ils exer\u00e7aient sans immatriculation au r\u00e9pertoire des m\u00e9tiers et pratiquaient le travail dissimul\u00e9 pour l\u2019ensemble [&hellip;]\" \/>\n<meta property=\"og:url\" content=\"https:\/\/stourm.news\/?p=5513\" \/>\n<meta property=\"og:site_name\" content=\"STOURM\" \/>\n<meta property=\"article:publisher\" content=\"https:\/\/www.facebook.com\/stourmnews\/\" \/>\n<meta property=\"article:published_time\" content=\"2026-01-20T17:38:47+00:00\" \/>\n<meta name=\"author\" content=\"La r\u00e9daction\" \/>\n<meta name=\"twitter:card\" content=\"summary_large_image\" \/>\n<meta name=\"twitter:label1\" content=\"\u00c9crit par\" \/>\n\t<meta name=\"twitter:data1\" content=\"La r\u00e9daction\" \/>\n\t<meta name=\"twitter:label2\" content=\"Dur\u00e9e de lecture estim\u00e9e\" \/>\n\t<meta name=\"twitter:data2\" content=\"1 minute\" \/>\n<script type=\"application\/ld+json\" class=\"yoast-schema-graph\">{\"@context\":\"https:\/\/schema.org\",\"@graph\":[{\"@type\":\"Article\",\"@id\":\"https:\/\/stourm.news\/?p=5513#article\",\"isPartOf\":{\"@id\":\"https:\/\/stourm.news\/?p=5513\"},\"author\":{\"name\":\"La r\u00e9daction\",\"@id\":\"https:\/\/stourm.news\/#\/schema\/person\/c3e1dc65988632e190969234ef046cf9\"},\"headline\":\"Loudieg (Loud\u00e9ac) : fermeture administrative d&rsquo;un salon de coiffure \u00ab\u00a0afro\u00a0\u00bb pour travail dissimul\u00e9\",\"datePublished\":\"2026-01-20T17:38:47+00:00\",\"mainEntityOfPage\":{\"@id\":\"https:\/\/stourm.news\/?p=5513\"},\"wordCount\":148,\"commentCount\":0,\"publisher\":{\"@id\":\"https:\/\/stourm.news\/#organization\"},\"image\":{\"@id\":\"https:\/\/stourm.news\/?p=5513#primaryimage\"},\"thumbnailUrl\":\"https:\/\/stourm.news\/wp-content\/uploads\/2026\/01\/300.png\",\"articleSection\":[\"C\u00f4tes d'Armor\",\"Faits divers\",\"Multiculturalisme\",\"Principale\",\"Revue de presse\"],\"inLanguage\":\"fr-FR\",\"potentialAction\":[{\"@type\":\"CommentAction\",\"name\":\"Comment\",\"target\":[\"https:\/\/stourm.news\/?p=5513#respond\"]}]},{\"@type\":\"WebPage\",\"@id\":\"https:\/\/stourm.news\/?p=5513\",\"url\":\"https:\/\/stourm.news\/?p=5513\",\"name\":\"Loudieg (Loud\u00e9ac) : fermeture administrative d'un salon de coiffure \\\"afro\\\" pour travail dissimul\u00e9 - STOURM\",\"isPartOf\":{\"@id\":\"https:\/\/stourm.news\/#website\"},\"primaryImageOfPage\":{\"@id\":\"https:\/\/stourm.news\/?p=5513#primaryimage\"},\"image\":{\"@id\":\"https:\/\/stourm.news\/?p=5513#primaryimage\"},\"thumbnailUrl\":\"https:\/\/stourm.news\/wp-content\/uploads\/2026\/01\/300.png\",\"datePublished\":\"2026-01-20T17:38:47+00:00\",\"breadcrumb\":{\"@id\":\"https:\/\/stourm.news\/?p=5513#breadcrumb\"},\"inLanguage\":\"fr-FR\",\"potentialAction\":[{\"@type\":\"ReadAction\",\"target\":[\"https:\/\/stourm.news\/?p=5513\"]}]},{\"@type\":\"ImageObject\",\"inLanguage\":\"fr-FR\",\"@id\":\"https:\/\/stourm.news\/?p=5513#primaryimage\",\"url\":\"https:\/\/stourm.news\/wp-content\/uploads\/2026\/01\/300.png\",\"contentUrl\":\"https:\/\/stourm.news\/wp-content\/uploads\/2026\/01\/300.png\",\"width\":1260,\"height\":708},{\"@type\":\"BreadcrumbList\",\"@id\":\"https:\/\/stourm.news\/?p=5513#breadcrumb\",\"itemListElement\":[{\"@type\":\"ListItem\",\"position\":1,\"name\":\"Accueil\",\"item\":\"https:\/\/stourm.news\/\"},{\"@type\":\"ListItem\",\"position\":2,\"name\":\"Loudieg (Loud\u00e9ac) : fermeture administrative d&rsquo;un salon de coiffure \u00ab\u00a0afro\u00a0\u00bb pour travail dissimul\u00e9\"}]},{\"@type\":\"WebSite\",\"@id\":\"https:\/\/stourm.news\/#website\",\"url\":\"https:\/\/stourm.news\/\",\"name\":\"Stourm\",\"description\":\"Kazetenn Strollad Broadel Breizh\",\"publisher\":{\"@id\":\"https:\/\/stourm.news\/#organization\"},\"potentialAction\":[{\"@type\":\"SearchAction\",\"target\":{\"@type\":\"EntryPoint\",\"urlTemplate\":\"https:\/\/stourm.news\/?s={search_term_string}\"},\"query-input\":{\"@type\":\"PropertyValueSpecification\",\"valueRequired\":true,\"valueName\":\"search_term_string\"}}],\"inLanguage\":\"fr-FR\"},{\"@type\":\"Organization\",\"@id\":\"https:\/\/stourm.news\/#organization\",\"name\":\"Stourm\",\"url\":\"https:\/\/stourm.news\/\",\"logo\":{\"@type\":\"ImageObject\",\"inLanguage\":\"fr-FR\",\"@id\":\"https:\/\/stourm.news\/#\/schema\/logo\/image\/\",\"url\":\"https:\/\/stourm.news\/wp-content\/uploads\/2025\/11\/cropped-Capture-decran-2025-11-28-a-15.19.07.png\",\"contentUrl\":\"https:\/\/stourm.news\/wp-content\/uploads\/2025\/11\/cropped-Capture-decran-2025-11-28-a-15.19.07.png\",\"width\":1855,\"height\":383,\"caption\":\"Stourm\"},\"image\":{\"@id\":\"https:\/\/stourm.news\/#\/schema\/logo\/image\/\"},\"sameAs\":[\"https:\/\/www.facebook.com\/stourmnews\/\"]},{\"@type\":\"Person\",\"@id\":\"https:\/\/stourm.news\/#\/schema\/person\/c3e1dc65988632e190969234ef046cf9\",\"name\":\"La r\u00e9daction\",\"image\":{\"@type\":\"ImageObject\",\"inLanguage\":\"fr-FR\",\"@id\":\"https:\/\/stourm.news\/#\/schema\/person\/image\/\",\"url\":\"https:\/\/secure.gravatar.com\/avatar\/7463443f194b6b5fb706b074ca0ef59a0cfcfd720cb47764b0ec5a952ce422b3?s=96&d=mm&r=g\",\"contentUrl\":\"https:\/\/secure.gravatar.com\/avatar\/7463443f194b6b5fb706b074ca0ef59a0cfcfd720cb47764b0ec5a952ce422b3?s=96&d=mm&r=g\",\"caption\":\"La r\u00e9daction\"},\"sameAs\":[\"https:\/\/stourm.news\"],\"url\":\"https:\/\/stourm.news\/?author=1\"}]}<\/script>\n<!-- \/ Yoast SEO plugin. -->","yoast_head_json":{"title":"Loudieg (Loud\u00e9ac) : fermeture administrative d'un salon de coiffure \"afro\" pour travail dissimul\u00e9 - STOURM","robots":{"index":"index","follow":"follow","max-snippet":"max-snippet:-1","max-image-preview":"max-image-preview:large","max-video-preview":"max-video-preview:-1"},"canonical":"https:\/\/stourm.news\/?p=5513","og_locale":"fr_FR","og_type":"article","og_title":"Loudieg (Loud\u00e9ac) : fermeture administrative d'un salon de coiffure \"afro\" pour travail dissimul\u00e9 - STOURM","og_description":"Le pr\u00e9fet des C\u00f4tes-d\u2019Armor a ordonn\u00e9 la fermeture administrative de trois mois des commerces Les Ciseaux d\u2019or (coiffure\/barber) et Shadow Tattoo (tatouage), situ\u00e9s au 5 place des Halles selon Le T\u00e9l\u00e9gramme. Contr\u00f4l\u00e9s en octobre 2025 (cinq mois apr\u00e8s leur ouverture), ils exer\u00e7aient sans immatriculation au r\u00e9pertoire des m\u00e9tiers et pratiquaient le travail dissimul\u00e9 pour l\u2019ensemble [&hellip;]","og_url":"https:\/\/stourm.news\/?p=5513","og_site_name":"STOURM","article_publisher":"https:\/\/www.facebook.com\/stourmnews\/","article_published_time":"2026-01-20T17:38:47+00:00","author":"La r\u00e9daction","twitter_card":"summary_large_image","twitter_misc":{"\u00c9crit par":"La r\u00e9daction","Dur\u00e9e de lecture estim\u00e9e":"1 minute"},"schema":{"@context":"https:\/\/schema.org","@graph":[{"@type":"Article","@id":"https:\/\/stourm.news\/?p=5513#article","isPartOf":{"@id":"https:\/\/stourm.news\/?p=5513"},"author":{"name":"La r\u00e9daction","@id":"https:\/\/stourm.news\/#\/schema\/person\/c3e1dc65988632e190969234ef046cf9"},"headline":"Loudieg (Loud\u00e9ac) : fermeture administrative d&rsquo;un salon de coiffure \u00ab\u00a0afro\u00a0\u00bb pour travail dissimul\u00e9","datePublished":"2026-01-20T17:38:47+00:00","mainEntityOfPage":{"@id":"https:\/\/stourm.news\/?p=5513"},"wordCount":148,"commentCount":0,"publisher":{"@id":"https:\/\/stourm.news\/#organization"},"image":{"@id":"https:\/\/stourm.news\/?p=5513#primaryimage"},"thumbnailUrl":"https:\/\/stourm.news\/wp-content\/uploads\/2026\/01\/300.png","articleSection":["C\u00f4tes d'Armor","Faits divers","Multiculturalisme","Principale","Revue de presse"],"inLanguage":"fr-FR","potentialAction":[{"@type":"CommentAction","name":"Comment","target":["https:\/\/stourm.news\/?p=5513#respond"]}]},{"@type":"WebPage","@id":"https:\/\/stourm.news\/?p=5513","url":"https:\/\/stourm.news\/?p=5513","name":"Loudieg (Loud\u00e9ac) : fermeture administrative d'un salon de coiffure \"afro\" pour travail dissimul\u00e9 - STOURM","isPartOf":{"@id":"https:\/\/stourm.news\/#website"},"primaryImageOfPage":{"@id":"https:\/\/stourm.news\/?p=5513#primaryimage"},"image":{"@id":"https:\/\/stourm.news\/?p=5513#primaryimage"},"thumbnailUrl":"https:\/\/stourm.news\/wp-content\/uploads\/2026\/01\/300.png","datePublished":"2026-01-20T17:38:47+00:00","breadcrumb":{"@id":"https:\/\/stourm.news\/?p=5513#breadcrumb"},"inLanguage":"fr-FR","potentialAction":[{"@type":"ReadAction","target":["https:\/\/stourm.news\/?p=5513"]}]},{"@type":"ImageObject","inLanguage":"fr-FR","@id":"https:\/\/stourm.news\/?p=5513#primaryimage","url":"https:\/\/stourm.news\/wp-content\/uploads\/2026\/01\/300.png","contentUrl":"https:\/\/stourm.news\/wp-content\/uploads\/2026\/01\/300.png","width":1260,"height":708},{"@type":"BreadcrumbList","@id":"https:\/\/stourm.news\/?p=5513#breadcrumb","itemListElement":[{"@type":"ListItem","position":1,"name":"Accueil","item":"https:\/\/stourm.news\/"},{"@type":"ListItem","position":2,"name":"Loudieg (Loud\u00e9ac) : fermeture administrative d&rsquo;un salon de coiffure \u00ab\u00a0afro\u00a0\u00bb pour travail dissimul\u00e9"}]},{"@type":"WebSite","@id":"https:\/\/stourm.news\/#website","url":"https:\/\/stourm.news\/","name":"Stourm","description":"Kazetenn Strollad Broadel Breizh","publisher":{"@id":"https:\/\/stourm.news\/#organization"},"potentialAction":[{"@type":"SearchAction","target":{"@type":"EntryPoint","urlTemplate":"https:\/\/stourm.news\/?s={search_term_string}"},"query-input":{"@type":"PropertyValueSpecification","valueRequired":true,"valueName":"search_term_string"}}],"inLanguage":"fr-FR"},{"@type":"Organization","@id":"https:\/\/stourm.news\/#organization","name":"Stourm","url":"https:\/\/stourm.news\/","logo":{"@type":"ImageObject","inLanguage":"fr-FR","@id":"https:\/\/stourm.news\/#\/schema\/logo\/image\/","url":"https:\/\/stourm.news\/wp-content\/uploads\/2025\/11\/cropped-Capture-decran-2025-11-28-a-15.19.07.png","contentUrl":"https:\/\/stourm.news\/wp-content\/uploads\/2025\/11\/cropped-Capture-decran-2025-11-28-a-15.19.07.png","width":1855,"height":383,"caption":"Stourm"},"image":{"@id":"https:\/\/stourm.news\/#\/schema\/logo\/image\/"},"sameAs":["https:\/\/www.facebook.com\/stourmnews\/"]},{"@type":"Person","@id":"https:\/\/stourm.news\/#\/schema\/person\/c3e1dc65988632e190969234ef046cf9","name":"La r\u00e9daction","image":{"@type":"ImageObject","inLanguage":"fr-FR","@id":"https:\/\/stourm.news\/#\/schema\/person\/image\/","url":"https:\/\/secure.gravatar.com\/avatar\/7463443f194b6b5fb706b074ca0ef59a0cfcfd720cb47764b0ec5a952ce422b3?s=96&d=mm&r=g","contentUrl":"https:\/\/secure.gravatar.com\/avatar\/7463443f194b6b5fb706b074ca0ef59a0cfcfd720cb47764b0ec5a952ce422b3?s=96&d=mm&r=g","caption":"La r\u00e9daction"},"sameAs":["https:\/\/stourm.news"],"url":"https:\/\/stourm.news\/?author=1"}]}},"_links":{"self":[{"href":"https:\/\/stourm.news\/index.php?rest_route=\/wp\/v2\/posts\/5513","targetHints":{"allow":["GET"]}}],"collection":[{"href":"https:\/\/stourm.news\/index.php?rest_route=\/wp\/v2\/posts"}],"about":[{"href":"https:\/\/stourm.news\/index.php?rest_route=\/wp\/v2\/types\/post"}],"author":[{"embeddable":true,"href":"https:\/\/stourm.news\/index.php?rest_route=\/wp\/v2\/users\/1"}],"replies":[{"embeddable":true,"href":"https:\/\/stourm.news\/index.php?rest_route=%2Fwp%2Fv2%2Fcomments&post=5513"}],"version-history":[{"count":1,"href":"https:\/\/stourm.news\/index.php?rest_route=\/wp\/v2\/posts\/5513\/revisions"}],"predecessor-version":[{"id":5515,"href":"https:\/\/stourm.news\/index.php?rest_route=\/wp\/v2\/posts\/5513\/revisions\/5515"}],"wp:featuredmedia":[{"embeddable":true,"href":"https:\/\/stourm.news\/index.php?rest_route=\/wp\/v2\/media\/5514"}],"wp:attachment":[{"href":"https:\/\/stourm.news\/index.php?rest_route=%2Fwp%2Fv2%2Fmedia&parent=5513"}],"wp:term":[{"taxonomy":"category","embeddable":true,"href":"https:\/\/stourm.news\/index.php?rest_route=%2Fwp%2Fv2%2Fcategories&post=5513"},{"taxonomy":"post_tag","embeddable":true,"href":"https:\/\/stourm.news\/index.php?rest_route=%2Fwp%2Fv2%2Ftags&post=5513"}],"curies":[{"name":"wp","href":"https:\/\/api.w.org\/{rel}","templated":true}]}}