{"id":5526,"date":"2026-01-23T08:31:23","date_gmt":"2026-01-23T08:31:23","guid":{"rendered":"https:\/\/stourm.news\/?p=5526"},"modified":"2026-01-23T08:31:23","modified_gmt":"2026-01-23T08:31:23","slug":"royaume-uni-la-langue-cornique-obtient-un-statut-egal-a-celui-du-gallois-et-du-gaelique","status":"publish","type":"post","link":"https:\/\/stourm.news\/?p=5526","title":{"rendered":"Royaume-Uni : la langue cornique obtient un statut \u00e9gal \u00e0 celui du gallois et du ga\u00e9lique"},"content":{"rendered":"<p style=\"text-align: justify;\"><span style=\"font-family: arial, helvetica, sans-serif; font-size: 14pt;\">La langue cornique, le Kernewek, vient de franchir une \u00e9tape historique. Le Conseil de l\u2019Europe a officiellement reconnu, le 22 janvier 2026, que cette langue m\u00e9rite d\u00e9sormais le m\u00eame niveau de protection que le gallois, le ga\u00e9lique \u00e9cossais et le ga\u00e9lique irlandais indique le <strong><a href=\"https:\/\/www.cornish-times.co.uk\/news\/cornish-language-achieves-equal-status-with-welsh-and-gaelic-872187?utm_term=Autofeed&amp;utm_medium=Social&amp;utm_source=Facebook&amp;fbclid=IwY2xjawPgCXRleHRuA2FlbQIxMQBzcnRjBmFwcF9pZBAyMjIwMzkxNzg4MjAwODkyAAEezOaRnKf8c7yb__KJ4oVDfg23R57liUzhdYaxTtYTSkIi5SniMiK84BR471U_aem_TF3YVUp9tHchRiRlPDTq3A#Echobox=1769114567\">Cornish Times<\/a><\/strong>. Cette d\u00e9cision place le cornique sous la Partie III de la Charte europ\u00e9enne des langues r\u00e9gionales ou minoritaires, un cadre beaucoup plus exigeant que celui dont il b\u00e9n\u00e9ficiait depuis 2002.<\/span><\/p>\n<p style=\"text-align: justify;\"><span style=\"font-family: arial, helvetica, sans-serif; font-size: 14pt;\">Jusqu\u2019ici, le Kernewek n\u2019\u00e9tait couvert que par la Partie II, un niveau l\u00e9ger qui se limitait surtout \u00e0 une reconnaissance symbolique et \u00e0 une obligation de tol\u00e9rance. Avec la Partie III, le gouvernement britannique s\u2019engage \u00e0 mettre en place au moins 35 mesures concr\u00e8tes pour d\u00e9velopper l\u2019usage de la langue dans la vie quotidienne. Cela concerne l\u2019\u00e9ducation, les m\u00e9dias, la justice, l\u2019administration publique, la culture et m\u00eame certains aspects de la vie \u00e9conomique. <\/span><\/p>\n<p style=\"text-align: justify;\"><span style=\"font-family: arial, helvetica, sans-serif; font-size: 14pt;\">La langue cornique avait \u00e9t\u00e9 consid\u00e9r\u00e9e comme \u00e9teinte \u00e0 la fin du XVIIIe si\u00e8cle. La derni\u00e8re locutrice traditionnelle, Dolly Pentreath, est morte en 1777. Pourtant, elle n\u2019a jamais compl\u00e8tement disparu. D\u00e8s le d\u00e9but du XXe si\u00e8cle, un mouvement de renaissance a commenc\u00e9, et il s\u2019est acc\u00e9l\u00e9r\u00e9 ces derni\u00e8res d\u00e9cennies. En 1997, des d\u00e9put\u00e9s ont prononc\u00e9 les premiers discours en cornique au Parlement britannique. En 2002, la langue a obtenu une premi\u00e8re reconnaissance officielle. En 2005, certains \u00e9lus ont pr\u00eat\u00e9 serment en Kernewek. En 2014, le peuple cornique a obtenu le statut officiel de minorit\u00e9 nationale.Aujourd\u2019hui, m\u00eame si le nombre de locuteurs fluides reste modeste, entre quelques centaines et quelques milliers selon les estimations, la langue est de plus en plus pr\u00e9sente. On la voit sur les panneaux bilingues dans les rues, on l\u2019entend dans les \u00e9coles, lors des \u00e9v\u00e9nements culturels et m\u00eame dans les r\u00e9unions du Cornwall Council.<\/span><\/p>\n<p style=\"text-align: justify;\"><span style=\"font-family: arial, helvetica, sans-serif; font-size: 14pt;\">Les r\u00e9actions en Cornouailles sont enthousiastes. Leigh Frost, leader du Cornwall Council, parle d\u2019une nouvelle fantastique qui r\u00e9compense des ann\u00e9es de travail acharn\u00e9 pour faire revivre la langue et l\u2019int\u00e9grer dans la vie de tous les jours. Il voit dans l\u2019ann\u00e9e 2026 une grande c\u00e9l\u00e9bration de l\u2019identit\u00e9 cornouaillaise, notamment avec le Festival interceltique de Lorient qui mettra la culture cornique \u00e0 l\u2019honneur. <\/span><\/p>\n<p style=\"text-align: justify;\"><span style=\"font-family: arial, helvetica, sans-serif; font-size: 14pt;\">Andrew George, d\u00e9put\u00e9 de St Ives et figure de longue date du mouvement, s\u2019exclame \u00ab Pur da ! Spladn ! \u00bb et insiste sur le fait que d\u00e9fendre le cornique n\u2019est pas un repli sur soi, mais une fa\u00e7on de c\u00e9l\u00e9brer la diversit\u00e9 dans le monde entier. <\/span><\/p>\n<p style=\"text-align: justify;\"><span style=\"font-family: arial, helvetica, sans-serif; font-size: 14pt;\">Perran Moon, d\u00e9put\u00e9 de Camborne et Redruth, rappelle que beaucoup de Cornouaillais r\u00eavaient depuis longtemps de ce statut Part III, qui place enfin leur langue au m\u00eame rang que les autres langues celtiques.Cette reconnaissance ouvre des perspectives concr\u00e8tes : un meilleur enseignement du cornique \u00e0 l\u2019\u00e9cole, plus de facilit\u00e9 pour l\u2019apprendre, davantage de contenu dans les m\u00e9dias publics comme la BBC, une visibilit\u00e9 renforc\u00e9e lors du recensement de 2031 et des opportunit\u00e9s accrues pour les festivals et les \u00e9v\u00e9nements culturels.<\/span><\/p>\n<p style=\"text-align: justify;\"><span style=\"font-family: arial, helvetica, sans-serif; font-size: 14pt;\">Au-del\u00e0 de la langue elle-m\u00eame, c\u2019est toute l\u2019identit\u00e9 cornique distincte qui sort renforc\u00e9e au sein du Royaume-Uni. La langue bretonne reste la derni\u00e8re langue celtique d&rsquo;Europe non reconnue, r\u00e9sultat de la politique d&rsquo;\u00e9radication men\u00e9e par l&rsquo;\u00c9tat fran\u00e7ais contre elle en 2026. <\/span><\/p>\n<p style=\"text-align: right;\"><strong><span style=\"font-family: arial, helvetica, sans-serif; font-size: 14pt;\">Budig Gourmaelon<\/span><\/strong><\/p>\n","protected":false},"excerpt":{"rendered":"<p>La langue cornique, le Kernewek, vient de franchir une \u00e9tape historique. Le Conseil de l\u2019Europe a officiellement reconnu, le 22 janvier 2026, que cette langue m\u00e9rite d\u00e9sormais le m\u00eame niveau de protection que le gallois, le ga\u00e9lique \u00e9cossais et le ga\u00e9lique irlandais indique le Cornish Times. Cette d\u00e9cision place le cornique sous la Partie III [&hellip;]<\/p>\n","protected":false},"author":1,"featured_media":5528,"comment_status":"open","ping_status":"open","sticky":false,"template":"","format":"standard","meta":{"sb_editor_width":"","footnotes":""},"categories":[88,66,65],"tags":[],"class_list":["post-5526","post","type-post","status-publish","format-standard","has-post-thumbnail","hentry","category-interceltisme","category-international","category-principale"],"relative_dates":{"created":"3 mois ago","modified":"3 mois ago"},"yoast_head":"<!-- This site is optimized with the Yoast SEO plugin v26.3 - https:\/\/yoast.com\/wordpress\/plugins\/seo\/ -->\n<title>Royaume-Uni : la langue cornique obtient un statut \u00e9gal \u00e0 celui du gallois et du ga\u00e9lique - STOURM<\/title>\n<meta name=\"robots\" content=\"index, follow, max-snippet:-1, max-image-preview:large, max-video-preview:-1\" \/>\n<link rel=\"canonical\" href=\"https:\/\/stourm.news\/?p=5526\" \/>\n<meta property=\"og:locale\" content=\"fr_FR\" \/>\n<meta property=\"og:type\" content=\"article\" \/>\n<meta property=\"og:title\" content=\"Royaume-Uni : la langue cornique obtient un statut \u00e9gal \u00e0 celui du gallois et du ga\u00e9lique - STOURM\" \/>\n<meta property=\"og:description\" content=\"La langue cornique, le Kernewek, vient de franchir une \u00e9tape historique. Le Conseil de l\u2019Europe a officiellement reconnu, le 22 janvier 2026, que cette langue m\u00e9rite d\u00e9sormais le m\u00eame niveau de protection que le gallois, le ga\u00e9lique \u00e9cossais et le ga\u00e9lique irlandais indique le Cornish Times. Cette d\u00e9cision place le cornique sous la Partie III [&hellip;]\" \/>\n<meta property=\"og:url\" content=\"https:\/\/stourm.news\/?p=5526\" \/>\n<meta property=\"og:site_name\" content=\"STOURM\" \/>\n<meta property=\"article:publisher\" content=\"https:\/\/www.facebook.com\/stourmnews\/\" \/>\n<meta property=\"article:published_time\" content=\"2026-01-23T08:31:23+00:00\" \/>\n<meta name=\"author\" content=\"La r\u00e9daction\" \/>\n<meta name=\"twitter:card\" content=\"summary_large_image\" \/>\n<meta name=\"twitter:label1\" content=\"\u00c9crit par\" \/>\n\t<meta name=\"twitter:data1\" content=\"La r\u00e9daction\" \/>\n\t<meta name=\"twitter:label2\" content=\"Dur\u00e9e de lecture estim\u00e9e\" \/>\n\t<meta name=\"twitter:data2\" content=\"3 minutes\" \/>\n<script type=\"application\/ld+json\" class=\"yoast-schema-graph\">{\"@context\":\"https:\/\/schema.org\",\"@graph\":[{\"@type\":\"Article\",\"@id\":\"https:\/\/stourm.news\/?p=5526#article\",\"isPartOf\":{\"@id\":\"https:\/\/stourm.news\/?p=5526\"},\"author\":{\"name\":\"La r\u00e9daction\",\"@id\":\"https:\/\/stourm.news\/#\/schema\/person\/c3e1dc65988632e190969234ef046cf9\"},\"headline\":\"Royaume-Uni : la langue cornique obtient un statut \u00e9gal \u00e0 celui du gallois et du ga\u00e9lique\",\"datePublished\":\"2026-01-23T08:31:23+00:00\",\"mainEntityOfPage\":{\"@id\":\"https:\/\/stourm.news\/?p=5526\"},\"wordCount\":611,\"commentCount\":0,\"publisher\":{\"@id\":\"https:\/\/stourm.news\/#organization\"},\"image\":{\"@id\":\"https:\/\/stourm.news\/?p=5526#primaryimage\"},\"thumbnailUrl\":\"https:\/\/stourm.news\/wp-content\/uploads\/2026\/01\/CT-Welcome-to-Cornwall-sign-pic-dreamstime.jpg\",\"articleSection\":[\"Interceltisme\",\"International\",\"Principale\"],\"inLanguage\":\"fr-FR\",\"potentialAction\":[{\"@type\":\"CommentAction\",\"name\":\"Comment\",\"target\":[\"https:\/\/stourm.news\/?p=5526#respond\"]}]},{\"@type\":\"WebPage\",\"@id\":\"https:\/\/stourm.news\/?p=5526\",\"url\":\"https:\/\/stourm.news\/?p=5526\",\"name\":\"Royaume-Uni : la langue cornique obtient un statut \u00e9gal \u00e0 celui du gallois et du ga\u00e9lique - STOURM\",\"isPartOf\":{\"@id\":\"https:\/\/stourm.news\/#website\"},\"primaryImageOfPage\":{\"@id\":\"https:\/\/stourm.news\/?p=5526#primaryimage\"},\"image\":{\"@id\":\"https:\/\/stourm.news\/?p=5526#primaryimage\"},\"thumbnailUrl\":\"https:\/\/stourm.news\/wp-content\/uploads\/2026\/01\/CT-Welcome-to-Cornwall-sign-pic-dreamstime.jpg\",\"datePublished\":\"2026-01-23T08:31:23+00:00\",\"breadcrumb\":{\"@id\":\"https:\/\/stourm.news\/?p=5526#breadcrumb\"},\"inLanguage\":\"fr-FR\",\"potentialAction\":[{\"@type\":\"ReadAction\",\"target\":[\"https:\/\/stourm.news\/?p=5526\"]}]},{\"@type\":\"ImageObject\",\"inLanguage\":\"fr-FR\",\"@id\":\"https:\/\/stourm.news\/?p=5526#primaryimage\",\"url\":\"https:\/\/stourm.news\/wp-content\/uploads\/2026\/01\/CT-Welcome-to-Cornwall-sign-pic-dreamstime.jpg\",\"contentUrl\":\"https:\/\/stourm.news\/wp-content\/uploads\/2026\/01\/CT-Welcome-to-Cornwall-sign-pic-dreamstime.jpg\",\"width\":752,\"height\":500},{\"@type\":\"BreadcrumbList\",\"@id\":\"https:\/\/stourm.news\/?p=5526#breadcrumb\",\"itemListElement\":[{\"@type\":\"ListItem\",\"position\":1,\"name\":\"Accueil\",\"item\":\"https:\/\/stourm.news\/\"},{\"@type\":\"ListItem\",\"position\":2,\"name\":\"Royaume-Uni : la langue cornique obtient un statut \u00e9gal \u00e0 celui du gallois et du ga\u00e9lique\"}]},{\"@type\":\"WebSite\",\"@id\":\"https:\/\/stourm.news\/#website\",\"url\":\"https:\/\/stourm.news\/\",\"name\":\"Stourm\",\"description\":\"Kazetenn Strollad Broadel Breizh\",\"publisher\":{\"@id\":\"https:\/\/stourm.news\/#organization\"},\"potentialAction\":[{\"@type\":\"SearchAction\",\"target\":{\"@type\":\"EntryPoint\",\"urlTemplate\":\"https:\/\/stourm.news\/?s={search_term_string}\"},\"query-input\":{\"@type\":\"PropertyValueSpecification\",\"valueRequired\":true,\"valueName\":\"search_term_string\"}}],\"inLanguage\":\"fr-FR\"},{\"@type\":\"Organization\",\"@id\":\"https:\/\/stourm.news\/#organization\",\"name\":\"Stourm\",\"url\":\"https:\/\/stourm.news\/\",\"logo\":{\"@type\":\"ImageObject\",\"inLanguage\":\"fr-FR\",\"@id\":\"https:\/\/stourm.news\/#\/schema\/logo\/image\/\",\"url\":\"https:\/\/stourm.news\/wp-content\/uploads\/2025\/11\/cropped-Capture-decran-2025-11-28-a-15.19.07.png\",\"contentUrl\":\"https:\/\/stourm.news\/wp-content\/uploads\/2025\/11\/cropped-Capture-decran-2025-11-28-a-15.19.07.png\",\"width\":1855,\"height\":383,\"caption\":\"Stourm\"},\"image\":{\"@id\":\"https:\/\/stourm.news\/#\/schema\/logo\/image\/\"},\"sameAs\":[\"https:\/\/www.facebook.com\/stourmnews\/\"]},{\"@type\":\"Person\",\"@id\":\"https:\/\/stourm.news\/#\/schema\/person\/c3e1dc65988632e190969234ef046cf9\",\"name\":\"La r\u00e9daction\",\"image\":{\"@type\":\"ImageObject\",\"inLanguage\":\"fr-FR\",\"@id\":\"https:\/\/stourm.news\/#\/schema\/person\/image\/\",\"url\":\"https:\/\/secure.gravatar.com\/avatar\/7463443f194b6b5fb706b074ca0ef59a0cfcfd720cb47764b0ec5a952ce422b3?s=96&d=mm&r=g\",\"contentUrl\":\"https:\/\/secure.gravatar.com\/avatar\/7463443f194b6b5fb706b074ca0ef59a0cfcfd720cb47764b0ec5a952ce422b3?s=96&d=mm&r=g\",\"caption\":\"La r\u00e9daction\"},\"sameAs\":[\"https:\/\/stourm.news\"],\"url\":\"https:\/\/stourm.news\/?author=1\"}]}<\/script>\n<!-- \/ Yoast SEO plugin. -->","yoast_head_json":{"title":"Royaume-Uni : la langue cornique obtient un statut \u00e9gal \u00e0 celui du gallois et du ga\u00e9lique - STOURM","robots":{"index":"index","follow":"follow","max-snippet":"max-snippet:-1","max-image-preview":"max-image-preview:large","max-video-preview":"max-video-preview:-1"},"canonical":"https:\/\/stourm.news\/?p=5526","og_locale":"fr_FR","og_type":"article","og_title":"Royaume-Uni : la langue cornique obtient un statut \u00e9gal \u00e0 celui du gallois et du ga\u00e9lique - STOURM","og_description":"La langue cornique, le Kernewek, vient de franchir une \u00e9tape historique. Le Conseil de l\u2019Europe a officiellement reconnu, le 22 janvier 2026, que cette langue m\u00e9rite d\u00e9sormais le m\u00eame niveau de protection que le gallois, le ga\u00e9lique \u00e9cossais et le ga\u00e9lique irlandais indique le Cornish Times. Cette d\u00e9cision place le cornique sous la Partie III [&hellip;]","og_url":"https:\/\/stourm.news\/?p=5526","og_site_name":"STOURM","article_publisher":"https:\/\/www.facebook.com\/stourmnews\/","article_published_time":"2026-01-23T08:31:23+00:00","author":"La r\u00e9daction","twitter_card":"summary_large_image","twitter_misc":{"\u00c9crit par":"La r\u00e9daction","Dur\u00e9e de lecture estim\u00e9e":"3 minutes"},"schema":{"@context":"https:\/\/schema.org","@graph":[{"@type":"Article","@id":"https:\/\/stourm.news\/?p=5526#article","isPartOf":{"@id":"https:\/\/stourm.news\/?p=5526"},"author":{"name":"La r\u00e9daction","@id":"https:\/\/stourm.news\/#\/schema\/person\/c3e1dc65988632e190969234ef046cf9"},"headline":"Royaume-Uni : la langue cornique obtient un statut \u00e9gal \u00e0 celui du gallois et du ga\u00e9lique","datePublished":"2026-01-23T08:31:23+00:00","mainEntityOfPage":{"@id":"https:\/\/stourm.news\/?p=5526"},"wordCount":611,"commentCount":0,"publisher":{"@id":"https:\/\/stourm.news\/#organization"},"image":{"@id":"https:\/\/stourm.news\/?p=5526#primaryimage"},"thumbnailUrl":"https:\/\/stourm.news\/wp-content\/uploads\/2026\/01\/CT-Welcome-to-Cornwall-sign-pic-dreamstime.jpg","articleSection":["Interceltisme","International","Principale"],"inLanguage":"fr-FR","potentialAction":[{"@type":"CommentAction","name":"Comment","target":["https:\/\/stourm.news\/?p=5526#respond"]}]},{"@type":"WebPage","@id":"https:\/\/stourm.news\/?p=5526","url":"https:\/\/stourm.news\/?p=5526","name":"Royaume-Uni : la langue cornique obtient un statut \u00e9gal \u00e0 celui du gallois et du ga\u00e9lique - STOURM","isPartOf":{"@id":"https:\/\/stourm.news\/#website"},"primaryImageOfPage":{"@id":"https:\/\/stourm.news\/?p=5526#primaryimage"},"image":{"@id":"https:\/\/stourm.news\/?p=5526#primaryimage"},"thumbnailUrl":"https:\/\/stourm.news\/wp-content\/uploads\/2026\/01\/CT-Welcome-to-Cornwall-sign-pic-dreamstime.jpg","datePublished":"2026-01-23T08:31:23+00:00","breadcrumb":{"@id":"https:\/\/stourm.news\/?p=5526#breadcrumb"},"inLanguage":"fr-FR","potentialAction":[{"@type":"ReadAction","target":["https:\/\/stourm.news\/?p=5526"]}]},{"@type":"ImageObject","inLanguage":"fr-FR","@id":"https:\/\/stourm.news\/?p=5526#primaryimage","url":"https:\/\/stourm.news\/wp-content\/uploads\/2026\/01\/CT-Welcome-to-Cornwall-sign-pic-dreamstime.jpg","contentUrl":"https:\/\/stourm.news\/wp-content\/uploads\/2026\/01\/CT-Welcome-to-Cornwall-sign-pic-dreamstime.jpg","width":752,"height":500},{"@type":"BreadcrumbList","@id":"https:\/\/stourm.news\/?p=5526#breadcrumb","itemListElement":[{"@type":"ListItem","position":1,"name":"Accueil","item":"https:\/\/stourm.news\/"},{"@type":"ListItem","position":2,"name":"Royaume-Uni : la langue cornique obtient un statut \u00e9gal \u00e0 celui du gallois et du ga\u00e9lique"}]},{"@type":"WebSite","@id":"https:\/\/stourm.news\/#website","url":"https:\/\/stourm.news\/","name":"Stourm","description":"Kazetenn Strollad Broadel Breizh","publisher":{"@id":"https:\/\/stourm.news\/#organization"},"potentialAction":[{"@type":"SearchAction","target":{"@type":"EntryPoint","urlTemplate":"https:\/\/stourm.news\/?s={search_term_string}"},"query-input":{"@type":"PropertyValueSpecification","valueRequired":true,"valueName":"search_term_string"}}],"inLanguage":"fr-FR"},{"@type":"Organization","@id":"https:\/\/stourm.news\/#organization","name":"Stourm","url":"https:\/\/stourm.news\/","logo":{"@type":"ImageObject","inLanguage":"fr-FR","@id":"https:\/\/stourm.news\/#\/schema\/logo\/image\/","url":"https:\/\/stourm.news\/wp-content\/uploads\/2025\/11\/cropped-Capture-decran-2025-11-28-a-15.19.07.png","contentUrl":"https:\/\/stourm.news\/wp-content\/uploads\/2025\/11\/cropped-Capture-decran-2025-11-28-a-15.19.07.png","width":1855,"height":383,"caption":"Stourm"},"image":{"@id":"https:\/\/stourm.news\/#\/schema\/logo\/image\/"},"sameAs":["https:\/\/www.facebook.com\/stourmnews\/"]},{"@type":"Person","@id":"https:\/\/stourm.news\/#\/schema\/person\/c3e1dc65988632e190969234ef046cf9","name":"La r\u00e9daction","image":{"@type":"ImageObject","inLanguage":"fr-FR","@id":"https:\/\/stourm.news\/#\/schema\/person\/image\/","url":"https:\/\/secure.gravatar.com\/avatar\/7463443f194b6b5fb706b074ca0ef59a0cfcfd720cb47764b0ec5a952ce422b3?s=96&d=mm&r=g","contentUrl":"https:\/\/secure.gravatar.com\/avatar\/7463443f194b6b5fb706b074ca0ef59a0cfcfd720cb47764b0ec5a952ce422b3?s=96&d=mm&r=g","caption":"La r\u00e9daction"},"sameAs":["https:\/\/stourm.news"],"url":"https:\/\/stourm.news\/?author=1"}]}},"_links":{"self":[{"href":"https:\/\/stourm.news\/index.php?rest_route=\/wp\/v2\/posts\/5526","targetHints":{"allow":["GET"]}}],"collection":[{"href":"https:\/\/stourm.news\/index.php?rest_route=\/wp\/v2\/posts"}],"about":[{"href":"https:\/\/stourm.news\/index.php?rest_route=\/wp\/v2\/types\/post"}],"author":[{"embeddable":true,"href":"https:\/\/stourm.news\/index.php?rest_route=\/wp\/v2\/users\/1"}],"replies":[{"embeddable":true,"href":"https:\/\/stourm.news\/index.php?rest_route=%2Fwp%2Fv2%2Fcomments&post=5526"}],"version-history":[{"count":1,"href":"https:\/\/stourm.news\/index.php?rest_route=\/wp\/v2\/posts\/5526\/revisions"}],"predecessor-version":[{"id":5527,"href":"https:\/\/stourm.news\/index.php?rest_route=\/wp\/v2\/posts\/5526\/revisions\/5527"}],"wp:featuredmedia":[{"embeddable":true,"href":"https:\/\/stourm.news\/index.php?rest_route=\/wp\/v2\/media\/5528"}],"wp:attachment":[{"href":"https:\/\/stourm.news\/index.php?rest_route=%2Fwp%2Fv2%2Fmedia&parent=5526"}],"wp:term":[{"taxonomy":"category","embeddable":true,"href":"https:\/\/stourm.news\/index.php?rest_route=%2Fwp%2Fv2%2Fcategories&post=5526"},{"taxonomy":"post_tag","embeddable":true,"href":"https:\/\/stourm.news\/index.php?rest_route=%2Fwp%2Fv2%2Ftags&post=5526"}],"curies":[{"name":"wp","href":"https:\/\/api.w.org\/{rel}","templated":true}]}}