{"id":5529,"date":"2026-01-23T09:59:28","date_gmt":"2026-01-23T09:59:28","guid":{"rendered":"https:\/\/stourm.news\/?p=5529"},"modified":"2026-01-23T09:59:28","modified_gmt":"2026-01-23T09:59:28","slug":"le-tombeau-des-ducs-de-bretagne-retrouve-sa-place-dans-la-cathedrale-de-nantes","status":"publish","type":"post","link":"https:\/\/stourm.news\/?p=5529","title":{"rendered":"Le tombeau des Ducs de Bretagne retrouve sa place dans la cath\u00e9drale de Nantes"},"content":{"rendered":"<p style=\"text-align: justify;\"><span style=\"font-family: arial, helvetica, sans-serif; font-size: 14pt;\">\u00c0 Naoned (Nantes), un chapitre important s\u2019\u00e9crit dans la longue histoire de la cath\u00e9drale Saint-Pierre-et-Saint-Paul. Apr\u00e8s plusieurs ann\u00e9es marqu\u00e9es par l\u2019incendie criminel de 2020 perp\u00e9tr\u00e9 par un migrant du Rwanda et une restauration minutieuse, les statues embl\u00e9matiques du tombeau du duc de Bretagne Fran\u00e7ois II et Marguerite de Foix reviennent enfin dans leur \u00e9crin originel.<\/span><\/p>\n<p style=\"text-align: justify;\"><span style=\"font-family: arial, helvetica, sans-serif; font-size: 14pt;\">Command\u00e9 par la duchesse Anne de Bretagne pour honorer ses parents, ce monument fun\u00e9raire constitue l\u2019un des chefs-d\u2019\u0153uvre majeurs de la sculpture de la fin du Moyen \u00c2ge et du d\u00e9but de la Renaissance. R\u00e9alis\u00e9 notamment par le grand sculpteur Michel Colombe, il associe marbre, alb\u00e2tre et une riche iconographie symbolique.<\/span><\/p>\n<p style=\"text-align: justify;\"><strong><span style=\"font-family: arial, helvetica, sans-serif; font-size: 14pt;\">Un joyau endommag\u00e9 par l\u2019incendie de 2020<\/span><\/strong><\/p>\n<p style=\"text-align: justify;\"><span style=\"font-family: arial, helvetica, sans-serif; font-size: 14pt;\">Le 18 juillet 2020, un incendie criminel ravageait la cath\u00e9drale de Nantes, provoquant des d\u00e9g\u00e2ts consid\u00e9rables. Si les flammes n\u2019ont pas directement touch\u00e9 le tombeau, les suies, le plomb fondu et les cendres ont gravement alt\u00e9r\u00e9 les pierres : marbre et alb\u00e2tre tach\u00e9s, remont\u00e9es de sels agressifs attaquant la base en serpentine. Une intervention d\u2019urgence a permis de prot\u00e9ger l\u2019ensemble dans un sarcophage temporaire, mais une restauration compl\u00e8te s\u2019est impos\u00e9e. <\/span><span style=\"font-family: arial, helvetica, sans-serif; font-size: 14pt;\">En 2023, les diff\u00e9rentes parties du monument ont \u00e9t\u00e9 d\u00e9mont\u00e9es. Les pierres les plus fragiles ont \u00e9t\u00e9 immerg\u00e9es dans des bains de dessalement pour stopper la d\u00e9gradation chimique. Parall\u00e8lement, les statues ont fait l\u2019objet d\u2019une restauration soign\u00e9e.<\/span><\/p>\n<p style=\"text-align: justify;\"><strong><span style=\"font-family: arial, helvetica, sans-serif; font-size: 14pt;\">Une parenth\u00e8se artistique \u00e0 Tours<\/span><\/strong><\/p>\n<p style=\"text-align: justify;\"><span style=\"font-family: arial, helvetica, sans-serif; font-size: 14pt;\">De mai \u00e0 novembre 2025, les gisants de Fran\u00e7ois II et Marguerite de Foix, ainsi que les quatre vertus cardinales (Prudence, Justice, Temp\u00e9rance et Force), le l\u00e9vrier et le lion, ont \u00e9t\u00e9 exceptionnellement expos\u00e9s dans la cath\u00e9drale Saint-Gatien de Tours. Cette pr\u00e9sentation a permis au public de (re)d\u00e9couvrir ces \u0153uvres majeures dans un cadre diff\u00e9rent, en attendant leur r\u00e9int\u00e9gration.<\/span><\/p>\n<p style=\"text-align: justify;\"><strong><span style=\"font-family: arial, helvetica, sans-serif; font-size: 14pt;\">Retour progressif dans la cath\u00e9drale nantaise<\/span><\/strong><\/p>\n<p style=\"text-align: justify;\"><span style=\"font-family: arial, helvetica, sans-serif; font-size: 14pt;\">Depuis janvier 2026, les statues ont regagn\u00e9 Nantes. Les gisants de marbre et les figures all\u00e9goriques sont en cours de r\u00e9installation dans la cath\u00e9drale. Le remontage complet du tombeau, qui exige une pr\u00e9cision extr\u00eame et une nouvelle isolation du sol (remplacement des pl\u00e2tres et mortiers par des mat\u00e9riaux adapt\u00e9s), est pr\u00e9vu pour la fin de l\u2019ann\u00e9e 2026. Selon Marc Le Bourhis, directeur de la DRAC, cette op\u00e9ration d\u00e9licate vise \u00e0 pr\u00e9server \u00ab un joyau, une merveille \u00bb de la sculpture bretonne tout en garantissant sa p\u00e9rennit\u00e9 pour les si\u00e8cles \u00e0 venir. Des recherches arch\u00e9ologiques men\u00e9es par l\u2019Inrap apportent \u00e9galement de nouvelles connaissances sur les \u00e9tapes de construction du monument.<\/span><\/p>\n<p style=\"text-align: justify;\"><strong><span style=\"font-family: arial, helvetica, sans-serif; font-size: 14pt;\">Un symbole breton renforc\u00e9<\/span><\/strong><\/p>\n<p style=\"text-align: justify;\"><span style=\"font-family: arial, helvetica, sans-serif; font-size: 14pt;\">Ce retour marque une \u00e9tape symbolique forte. Le tombeau de Fran\u00e7ois II (dernier duc ind\u00e9pendant de Bretagne) et de Marguerite de Foix incarne une page d\u00e9cisive de l\u2019histoire bretonne, juste avant l&rsquo;annexion par la France. Sa restauration et sa remise en place rappellent l\u2019importance de pr\u00e9server ce patrimoine national breton. D\u2019ici la fin 2026, les Bretons pourront \u00e0 nouveau admirer ce monument dans toute sa splendeur, dans la cath\u00e9drale d\u00e9sormais pleinement rouverte depuis septembre 2025. Un retour aux sources qui ravira les passionn\u00e9s d\u2019histoire, d\u2019art et de Bretagne. <\/span><\/p>\n<p style=\"text-align: right;\"><strong><span style=\"font-family: arial, helvetica, sans-serif; font-size: 14pt;\">Olier Kerdrel<\/span><\/strong><\/p>\n","protected":false},"excerpt":{"rendered":"<p>\u00c0 Naoned (Nantes), un chapitre important s\u2019\u00e9crit dans la longue histoire de la cath\u00e9drale Saint-Pierre-et-Saint-Paul. Apr\u00e8s plusieurs ann\u00e9es marqu\u00e9es par l\u2019incendie criminel de 2020 perp\u00e9tr\u00e9 par un migrant du Rwanda et une restauration minutieuse, les statues embl\u00e9matiques du tombeau du duc de Bretagne Fran\u00e7ois II et Marguerite de Foix reviennent enfin dans leur \u00e9crin originel. [&hellip;]<\/p>\n","protected":false},"author":1,"featured_media":5530,"comment_status":"open","ping_status":"open","sticky":false,"template":"","format":"standard","meta":{"sb_editor_width":"","footnotes":""},"categories":[58,50,65],"tags":[],"class_list":["post-5529","post","type-post","status-publish","format-standard","has-post-thumbnail","hentry","category-breizh","category-histoire-de-bretagne","category-principale"],"relative_dates":{"created":"3 mois ago","modified":"3 mois ago"},"yoast_head":"<!-- This site is optimized with the Yoast SEO plugin v26.3 - https:\/\/yoast.com\/wordpress\/plugins\/seo\/ -->\n<title>Le tombeau des Ducs de Bretagne retrouve sa place dans la cath\u00e9drale de Nantes - STOURM<\/title>\n<meta name=\"robots\" content=\"index, follow, max-snippet:-1, max-image-preview:large, max-video-preview:-1\" \/>\n<link rel=\"canonical\" href=\"https:\/\/stourm.news\/?p=5529\" \/>\n<meta property=\"og:locale\" content=\"fr_FR\" \/>\n<meta property=\"og:type\" content=\"article\" \/>\n<meta property=\"og:title\" content=\"Le tombeau des Ducs de Bretagne retrouve sa place dans la cath\u00e9drale de Nantes - STOURM\" \/>\n<meta property=\"og:description\" content=\"\u00c0 Naoned (Nantes), un chapitre important s\u2019\u00e9crit dans la longue histoire de la cath\u00e9drale Saint-Pierre-et-Saint-Paul. Apr\u00e8s plusieurs ann\u00e9es marqu\u00e9es par l\u2019incendie criminel de 2020 perp\u00e9tr\u00e9 par un migrant du Rwanda et une restauration minutieuse, les statues embl\u00e9matiques du tombeau du duc de Bretagne Fran\u00e7ois II et Marguerite de Foix reviennent enfin dans leur \u00e9crin originel. [&hellip;]\" \/>\n<meta property=\"og:url\" content=\"https:\/\/stourm.news\/?p=5529\" \/>\n<meta property=\"og:site_name\" content=\"STOURM\" \/>\n<meta property=\"article:publisher\" content=\"https:\/\/www.facebook.com\/stourmnews\/\" \/>\n<meta property=\"article:published_time\" content=\"2026-01-23T09:59:28+00:00\" \/>\n<meta name=\"author\" content=\"La r\u00e9daction\" \/>\n<meta name=\"twitter:card\" content=\"summary_large_image\" \/>\n<meta name=\"twitter:label1\" content=\"\u00c9crit par\" \/>\n\t<meta name=\"twitter:data1\" content=\"La r\u00e9daction\" \/>\n\t<meta name=\"twitter:label2\" content=\"Dur\u00e9e de lecture estim\u00e9e\" \/>\n\t<meta name=\"twitter:data2\" content=\"3 minutes\" \/>\n<script type=\"application\/ld+json\" class=\"yoast-schema-graph\">{\"@context\":\"https:\/\/schema.org\",\"@graph\":[{\"@type\":\"Article\",\"@id\":\"https:\/\/stourm.news\/?p=5529#article\",\"isPartOf\":{\"@id\":\"https:\/\/stourm.news\/?p=5529\"},\"author\":{\"name\":\"La r\u00e9daction\",\"@id\":\"https:\/\/stourm.news\/#\/schema\/person\/c3e1dc65988632e190969234ef046cf9\"},\"headline\":\"Le tombeau des Ducs de Bretagne retrouve sa place dans la cath\u00e9drale de Nantes\",\"datePublished\":\"2026-01-23T09:59:28+00:00\",\"mainEntityOfPage\":{\"@id\":\"https:\/\/stourm.news\/?p=5529\"},\"wordCount\":574,\"commentCount\":0,\"publisher\":{\"@id\":\"https:\/\/stourm.news\/#organization\"},\"image\":{\"@id\":\"https:\/\/stourm.news\/?p=5529#primaryimage\"},\"thumbnailUrl\":\"https:\/\/stourm.news\/wp-content\/uploads\/2026\/01\/Duc_de_Bretagne_Francois_II_tombeau_Nantes.webp\",\"articleSection\":[\"Breizh\",\"Histoire de Bretagne\",\"Principale\"],\"inLanguage\":\"fr-FR\",\"potentialAction\":[{\"@type\":\"CommentAction\",\"name\":\"Comment\",\"target\":[\"https:\/\/stourm.news\/?p=5529#respond\"]}]},{\"@type\":\"WebPage\",\"@id\":\"https:\/\/stourm.news\/?p=5529\",\"url\":\"https:\/\/stourm.news\/?p=5529\",\"name\":\"Le tombeau des Ducs de Bretagne retrouve sa place dans la cath\u00e9drale de Nantes - STOURM\",\"isPartOf\":{\"@id\":\"https:\/\/stourm.news\/#website\"},\"primaryImageOfPage\":{\"@id\":\"https:\/\/stourm.news\/?p=5529#primaryimage\"},\"image\":{\"@id\":\"https:\/\/stourm.news\/?p=5529#primaryimage\"},\"thumbnailUrl\":\"https:\/\/stourm.news\/wp-content\/uploads\/2026\/01\/Duc_de_Bretagne_Francois_II_tombeau_Nantes.webp\",\"datePublished\":\"2026-01-23T09:59:28+00:00\",\"breadcrumb\":{\"@id\":\"https:\/\/stourm.news\/?p=5529#breadcrumb\"},\"inLanguage\":\"fr-FR\",\"potentialAction\":[{\"@type\":\"ReadAction\",\"target\":[\"https:\/\/stourm.news\/?p=5529\"]}]},{\"@type\":\"ImageObject\",\"inLanguage\":\"fr-FR\",\"@id\":\"https:\/\/stourm.news\/?p=5529#primaryimage\",\"url\":\"https:\/\/stourm.news\/wp-content\/uploads\/2026\/01\/Duc_de_Bretagne_Francois_II_tombeau_Nantes.webp\",\"contentUrl\":\"https:\/\/stourm.news\/wp-content\/uploads\/2026\/01\/Duc_de_Bretagne_Francois_II_tombeau_Nantes.webp\",\"width\":1280,\"height\":851},{\"@type\":\"BreadcrumbList\",\"@id\":\"https:\/\/stourm.news\/?p=5529#breadcrumb\",\"itemListElement\":[{\"@type\":\"ListItem\",\"position\":1,\"name\":\"Accueil\",\"item\":\"https:\/\/stourm.news\/\"},{\"@type\":\"ListItem\",\"position\":2,\"name\":\"Le tombeau des Ducs de Bretagne retrouve sa place dans la cath\u00e9drale de Nantes\"}]},{\"@type\":\"WebSite\",\"@id\":\"https:\/\/stourm.news\/#website\",\"url\":\"https:\/\/stourm.news\/\",\"name\":\"Stourm\",\"description\":\"Kazetenn Strollad Broadel Breizh\",\"publisher\":{\"@id\":\"https:\/\/stourm.news\/#organization\"},\"potentialAction\":[{\"@type\":\"SearchAction\",\"target\":{\"@type\":\"EntryPoint\",\"urlTemplate\":\"https:\/\/stourm.news\/?s={search_term_string}\"},\"query-input\":{\"@type\":\"PropertyValueSpecification\",\"valueRequired\":true,\"valueName\":\"search_term_string\"}}],\"inLanguage\":\"fr-FR\"},{\"@type\":\"Organization\",\"@id\":\"https:\/\/stourm.news\/#organization\",\"name\":\"Stourm\",\"url\":\"https:\/\/stourm.news\/\",\"logo\":{\"@type\":\"ImageObject\",\"inLanguage\":\"fr-FR\",\"@id\":\"https:\/\/stourm.news\/#\/schema\/logo\/image\/\",\"url\":\"https:\/\/stourm.news\/wp-content\/uploads\/2025\/11\/cropped-Capture-decran-2025-11-28-a-15.19.07.png\",\"contentUrl\":\"https:\/\/stourm.news\/wp-content\/uploads\/2025\/11\/cropped-Capture-decran-2025-11-28-a-15.19.07.png\",\"width\":1855,\"height\":383,\"caption\":\"Stourm\"},\"image\":{\"@id\":\"https:\/\/stourm.news\/#\/schema\/logo\/image\/\"},\"sameAs\":[\"https:\/\/www.facebook.com\/stourmnews\/\"]},{\"@type\":\"Person\",\"@id\":\"https:\/\/stourm.news\/#\/schema\/person\/c3e1dc65988632e190969234ef046cf9\",\"name\":\"La r\u00e9daction\",\"image\":{\"@type\":\"ImageObject\",\"inLanguage\":\"fr-FR\",\"@id\":\"https:\/\/stourm.news\/#\/schema\/person\/image\/\",\"url\":\"https:\/\/secure.gravatar.com\/avatar\/7463443f194b6b5fb706b074ca0ef59a0cfcfd720cb47764b0ec5a952ce422b3?s=96&d=mm&r=g\",\"contentUrl\":\"https:\/\/secure.gravatar.com\/avatar\/7463443f194b6b5fb706b074ca0ef59a0cfcfd720cb47764b0ec5a952ce422b3?s=96&d=mm&r=g\",\"caption\":\"La r\u00e9daction\"},\"sameAs\":[\"https:\/\/stourm.news\"],\"url\":\"https:\/\/stourm.news\/?author=1\"}]}<\/script>\n<!-- \/ Yoast SEO plugin. -->","yoast_head_json":{"title":"Le tombeau des Ducs de Bretagne retrouve sa place dans la cath\u00e9drale de Nantes - STOURM","robots":{"index":"index","follow":"follow","max-snippet":"max-snippet:-1","max-image-preview":"max-image-preview:large","max-video-preview":"max-video-preview:-1"},"canonical":"https:\/\/stourm.news\/?p=5529","og_locale":"fr_FR","og_type":"article","og_title":"Le tombeau des Ducs de Bretagne retrouve sa place dans la cath\u00e9drale de Nantes - STOURM","og_description":"\u00c0 Naoned (Nantes), un chapitre important s\u2019\u00e9crit dans la longue histoire de la cath\u00e9drale Saint-Pierre-et-Saint-Paul. Apr\u00e8s plusieurs ann\u00e9es marqu\u00e9es par l\u2019incendie criminel de 2020 perp\u00e9tr\u00e9 par un migrant du Rwanda et une restauration minutieuse, les statues embl\u00e9matiques du tombeau du duc de Bretagne Fran\u00e7ois II et Marguerite de Foix reviennent enfin dans leur \u00e9crin originel. [&hellip;]","og_url":"https:\/\/stourm.news\/?p=5529","og_site_name":"STOURM","article_publisher":"https:\/\/www.facebook.com\/stourmnews\/","article_published_time":"2026-01-23T09:59:28+00:00","author":"La r\u00e9daction","twitter_card":"summary_large_image","twitter_misc":{"\u00c9crit par":"La r\u00e9daction","Dur\u00e9e de lecture estim\u00e9e":"3 minutes"},"schema":{"@context":"https:\/\/schema.org","@graph":[{"@type":"Article","@id":"https:\/\/stourm.news\/?p=5529#article","isPartOf":{"@id":"https:\/\/stourm.news\/?p=5529"},"author":{"name":"La r\u00e9daction","@id":"https:\/\/stourm.news\/#\/schema\/person\/c3e1dc65988632e190969234ef046cf9"},"headline":"Le tombeau des Ducs de Bretagne retrouve sa place dans la cath\u00e9drale de Nantes","datePublished":"2026-01-23T09:59:28+00:00","mainEntityOfPage":{"@id":"https:\/\/stourm.news\/?p=5529"},"wordCount":574,"commentCount":0,"publisher":{"@id":"https:\/\/stourm.news\/#organization"},"image":{"@id":"https:\/\/stourm.news\/?p=5529#primaryimage"},"thumbnailUrl":"https:\/\/stourm.news\/wp-content\/uploads\/2026\/01\/Duc_de_Bretagne_Francois_II_tombeau_Nantes.webp","articleSection":["Breizh","Histoire de Bretagne","Principale"],"inLanguage":"fr-FR","potentialAction":[{"@type":"CommentAction","name":"Comment","target":["https:\/\/stourm.news\/?p=5529#respond"]}]},{"@type":"WebPage","@id":"https:\/\/stourm.news\/?p=5529","url":"https:\/\/stourm.news\/?p=5529","name":"Le tombeau des Ducs de Bretagne retrouve sa place dans la cath\u00e9drale de Nantes - STOURM","isPartOf":{"@id":"https:\/\/stourm.news\/#website"},"primaryImageOfPage":{"@id":"https:\/\/stourm.news\/?p=5529#primaryimage"},"image":{"@id":"https:\/\/stourm.news\/?p=5529#primaryimage"},"thumbnailUrl":"https:\/\/stourm.news\/wp-content\/uploads\/2026\/01\/Duc_de_Bretagne_Francois_II_tombeau_Nantes.webp","datePublished":"2026-01-23T09:59:28+00:00","breadcrumb":{"@id":"https:\/\/stourm.news\/?p=5529#breadcrumb"},"inLanguage":"fr-FR","potentialAction":[{"@type":"ReadAction","target":["https:\/\/stourm.news\/?p=5529"]}]},{"@type":"ImageObject","inLanguage":"fr-FR","@id":"https:\/\/stourm.news\/?p=5529#primaryimage","url":"https:\/\/stourm.news\/wp-content\/uploads\/2026\/01\/Duc_de_Bretagne_Francois_II_tombeau_Nantes.webp","contentUrl":"https:\/\/stourm.news\/wp-content\/uploads\/2026\/01\/Duc_de_Bretagne_Francois_II_tombeau_Nantes.webp","width":1280,"height":851},{"@type":"BreadcrumbList","@id":"https:\/\/stourm.news\/?p=5529#breadcrumb","itemListElement":[{"@type":"ListItem","position":1,"name":"Accueil","item":"https:\/\/stourm.news\/"},{"@type":"ListItem","position":2,"name":"Le tombeau des Ducs de Bretagne retrouve sa place dans la cath\u00e9drale de Nantes"}]},{"@type":"WebSite","@id":"https:\/\/stourm.news\/#website","url":"https:\/\/stourm.news\/","name":"Stourm","description":"Kazetenn Strollad Broadel Breizh","publisher":{"@id":"https:\/\/stourm.news\/#organization"},"potentialAction":[{"@type":"SearchAction","target":{"@type":"EntryPoint","urlTemplate":"https:\/\/stourm.news\/?s={search_term_string}"},"query-input":{"@type":"PropertyValueSpecification","valueRequired":true,"valueName":"search_term_string"}}],"inLanguage":"fr-FR"},{"@type":"Organization","@id":"https:\/\/stourm.news\/#organization","name":"Stourm","url":"https:\/\/stourm.news\/","logo":{"@type":"ImageObject","inLanguage":"fr-FR","@id":"https:\/\/stourm.news\/#\/schema\/logo\/image\/","url":"https:\/\/stourm.news\/wp-content\/uploads\/2025\/11\/cropped-Capture-decran-2025-11-28-a-15.19.07.png","contentUrl":"https:\/\/stourm.news\/wp-content\/uploads\/2025\/11\/cropped-Capture-decran-2025-11-28-a-15.19.07.png","width":1855,"height":383,"caption":"Stourm"},"image":{"@id":"https:\/\/stourm.news\/#\/schema\/logo\/image\/"},"sameAs":["https:\/\/www.facebook.com\/stourmnews\/"]},{"@type":"Person","@id":"https:\/\/stourm.news\/#\/schema\/person\/c3e1dc65988632e190969234ef046cf9","name":"La r\u00e9daction","image":{"@type":"ImageObject","inLanguage":"fr-FR","@id":"https:\/\/stourm.news\/#\/schema\/person\/image\/","url":"https:\/\/secure.gravatar.com\/avatar\/7463443f194b6b5fb706b074ca0ef59a0cfcfd720cb47764b0ec5a952ce422b3?s=96&d=mm&r=g","contentUrl":"https:\/\/secure.gravatar.com\/avatar\/7463443f194b6b5fb706b074ca0ef59a0cfcfd720cb47764b0ec5a952ce422b3?s=96&d=mm&r=g","caption":"La r\u00e9daction"},"sameAs":["https:\/\/stourm.news"],"url":"https:\/\/stourm.news\/?author=1"}]}},"_links":{"self":[{"href":"https:\/\/stourm.news\/index.php?rest_route=\/wp\/v2\/posts\/5529","targetHints":{"allow":["GET"]}}],"collection":[{"href":"https:\/\/stourm.news\/index.php?rest_route=\/wp\/v2\/posts"}],"about":[{"href":"https:\/\/stourm.news\/index.php?rest_route=\/wp\/v2\/types\/post"}],"author":[{"embeddable":true,"href":"https:\/\/stourm.news\/index.php?rest_route=\/wp\/v2\/users\/1"}],"replies":[{"embeddable":true,"href":"https:\/\/stourm.news\/index.php?rest_route=%2Fwp%2Fv2%2Fcomments&post=5529"}],"version-history":[{"count":1,"href":"https:\/\/stourm.news\/index.php?rest_route=\/wp\/v2\/posts\/5529\/revisions"}],"predecessor-version":[{"id":5531,"href":"https:\/\/stourm.news\/index.php?rest_route=\/wp\/v2\/posts\/5529\/revisions\/5531"}],"wp:featuredmedia":[{"embeddable":true,"href":"https:\/\/stourm.news\/index.php?rest_route=\/wp\/v2\/media\/5530"}],"wp:attachment":[{"href":"https:\/\/stourm.news\/index.php?rest_route=%2Fwp%2Fv2%2Fmedia&parent=5529"}],"wp:term":[{"taxonomy":"category","embeddable":true,"href":"https:\/\/stourm.news\/index.php?rest_route=%2Fwp%2Fv2%2Fcategories&post=5529"},{"taxonomy":"post_tag","embeddable":true,"href":"https:\/\/stourm.news\/index.php?rest_route=%2Fwp%2Fv2%2Ftags&post=5529"}],"curies":[{"name":"wp","href":"https:\/\/api.w.org\/{rel}","templated":true}]}}