{"id":5548,"date":"2026-01-28T11:19:24","date_gmt":"2026-01-28T11:19:24","guid":{"rendered":"https:\/\/stourm.news\/?p=5548"},"modified":"2026-01-28T11:19:24","modified_gmt":"2026-01-28T11:19:24","slug":"le-sac-de-camulodunum-par-les-bretons-lors-de-la-grande-revolte-de-boudicca","status":"publish","type":"post","link":"https:\/\/stourm.news\/?p=5548","title":{"rendered":"Le sac de Camulodunum par les Bretons lors de la grande r\u00e9volte de Boudicca"},"content":{"rendered":"<p style=\"text-align: justify;\"><span style=\"font-family: arial, helvetica, sans-serif; font-size: 14pt;\">En 60 ap. J.-C., la domination romaine en Bretagne provoqua une r\u00e9volte l\u00e9gitime des Bretons. Le roi des Iceni, Prasutagos, avait conclu un trait\u00e9 d\u2019alliance avec Rome et, \u00e0 sa mort, d\u00e9signa l\u2019empereur N\u00e9ron et ses deux filles comme h\u00e9ritiers conjoints pour prot\u00e9ger son royaume. Rome viola cet accord : le royaume fut annex\u00e9, les biens royaux confisqu\u00e9s, la reine Boudica fouett\u00e9e publiquement et ses deux filles viol\u00e9es par des soldats romains. Ces actes d\u2019humiliation et de violence extr\u00eame, combin\u00e9s aux spoliations syst\u00e9matiques des terres, aux taxes \u00e9crasantes et \u00e0 l\u2019installation de colons v\u00e9t\u00e9rans sur les territoires conquis, constitu\u00e8rent une injustice flagrante qui justifia la lev\u00e9e en armes.<\/span><\/p>\n<p style=\"text-align: justify;\"><span style=\"font-family: arial, helvetica, sans-serif; font-size: 14pt;\">Boudica, reine des Iceni, rallia les Iceni, les Trinovantes et d\u2019autres tribus opprim\u00e9es. Son arm\u00e9e, forte de dizaines de milliers de guerriers, visait \u00e0 chasser l\u2019occupant et \u00e0 recouvrer la libert\u00e9. Premi\u00e8re cible : Camulodunum (aujourd\u2019hui Colchester), ancienne capitale des Trinovantes transform\u00e9e en colonie romaine r\u00e9serv\u00e9e aux v\u00e9t\u00e9rans de l\u2019arm\u00e9e. Cette ville, centre administratif et religieux romain, symbolisait l\u2019accaparement des terres bretonnes et l\u2019imposition d\u2019une culture \u00e9trang\u00e8re.<\/span><\/p>\n<p style=\"text-align: justify;\"><strong><span style=\"font-family: arial, helvetica, sans-serif; font-size: 14pt;\">La Situation \u00e0 Camulodunum<\/span><\/strong><\/p>\n<p><img fetchpriority=\"high\" decoding=\"async\" class=\"alignnone size-medium\" src=\"https:\/\/preview.redd.it\/camulodunum-the-first-capitol-of-roman-britain-modern-day-v0-qmzlm18exra91.jpg?auto=webp&amp;s=b954a61f14eb56c81acf2b4ad097af912cc6dc23\" width=\"2475\" height=\"1731\" \/><\/p>\n<p style=\"text-align: justify;\"><span style=\"font-family: arial, helvetica, sans-serif; font-size: 14pt;\">La colonie comptait principalement des v\u00e9t\u00e9rans romains retrait\u00e9s, install\u00e9s l\u00e0 depuis la conqu\u00eate de 43 ap. J.-C. sous Claude. Ces colons avaient re\u00e7u des terres prises aux Bretons, souvent par confiscation directe, et vivaient aux d\u00e9pens de la population locale. Le Temple de Claudius, grand \u00e9difice en pierre d\u00e9di\u00e9 \u00e0 l\u2019empereur divinis\u00e9, dominait la ville. Il servait \u00e0 la fois de sanctuaire, de tr\u00e9sor et de refuge symbolique de la puissance romaine. La ville n\u2019\u00e9tait pas fortifi\u00e9e : pas de murailles solides, seulement des foss\u00e9s et des palissades l\u00e9g\u00e8res. La garnison se limitait \u00e0 environ 200 hommes. Le procurateur Catus Decianus, responsable des finances, refusa d\u2019envoyer des renforts malgr\u00e9 les avertissements. La Neuvi\u00e8me L\u00e9gion, stationn\u00e9e plus au nord, arriva trop tard.<\/span><\/p>\n<p style=\"text-align: justify;\"><strong><span style=\"font-family: arial, helvetica, sans-serif; font-size: 14pt;\">Le Sac de la Ville<\/span><\/strong><\/p>\n<p style=\"text-align: justify;\"><span style=\"font-family: arial, helvetica, sans-serif; font-size: 14pt;\">L\u2019arm\u00e9e de Boudica, renforc\u00e9e par les Trinovantes qui r\u00e9clamaient la restitution de leurs terres ancestrales, attaqua Camulodunum. Les Bretons incendi\u00e8rent les habitations, pill\u00e8rent les entrep\u00f4ts et tu\u00e8rent les colons, les marchands et les soldats romains pr\u00e9sents. La ville fut ras\u00e9e par le feu. Les habitants romains, pris au d\u00e9pourvu, ne purent organiser une d\u00e9fense coh\u00e9rente. Des dizaines de milliers de personnes \u2013 civils et militaires \u2013 p\u00e9rirent dans le massacre initial. <\/span><span style=\"font-family: arial, helvetica, sans-serif; font-size: 14pt;\">Les survivants, environ deux mille personnes (v\u00e9t\u00e9rans, femmes, enfants, esclaves), se r\u00e9fugi\u00e8rent dans le Temple de Claudius, le seul b\u00e2timent en pierre capable de r\u00e9sister quelque temps. Ils barricad\u00e8rent les portes et tent\u00e8rent de tenir position avec leurs armes personnelles.<\/span><\/p>\n<p style=\"text-align: justify;\"><strong><span style=\"font-family: arial, helvetica, sans-serif; font-size: 14pt;\">Le Si\u00e8ge du Temple<\/span><\/strong><\/p>\n<p><img decoding=\"async\" class=\"alignnone size-medium\" src=\"https:\/\/pbs.twimg.com\/media\/G_RUTy3WMAAAQHX?format=jpg&amp;name=medium\" width=\"1080\" height=\"744\" \/><\/p>\n<p style=\"text-align: justify;\"><span style=\"font-family: arial, helvetica, sans-serif; font-size: 14pt;\">Le si\u00e8ge dura deux jours. Les Bretons assaillirent le temple avec des projectiles enflamm\u00e9s, des pierres et des b\u00e9liers improvis\u00e9s. Les d\u00e9fenseurs, v\u00e9t\u00e9rans aguerris mais en nombre tr\u00e8s inf\u00e9rieur et \u00e0 court de munitions, r\u00e9sist\u00e8rent en lan\u00e7ant des javelots et en d\u00e9fendant les acc\u00e8s. \u00c0 l\u2019int\u00e9rieur, la faim, la soif et l\u2019\u00e9puisement s\u2019install\u00e8rent rapidement. Au soir du deuxi\u00e8me jour, les assaillants perc\u00e8rent une br\u00e8che. <\/span><span style=\"font-family: arial, helvetica, sans-serif; font-size: 14pt;\">Les Bretons entr\u00e8rent en masse. Le combat final fut tr\u00e8s violent : les v\u00e9t\u00e9rans, accul\u00e9s, se battirent jusqu\u2019au dernier avec leurs glaives. Aucun quartier ne fut accord\u00e9. Tous les occupants du temple \u2013 hommes, femmes et enfants \u2013 furent tu\u00e9s. Le temple fut pill\u00e9, la statue de Claude d\u00e9capit\u00e9e et ses richesses emport\u00e9es.<\/span><\/p>\n<p style=\"text-align: justify;\"><strong><span style=\"font-family: arial, helvetica, sans-serif; font-size: 14pt;\">Bilan et Suites Imm\u00e9diates<\/span><\/strong><\/p>\n<p style=\"text-align: justify;\"><span style=\"font-family: arial, helvetica, sans-serif; font-size: 14pt;\">Le sac de Camulodunum constitua une victoire majeure pour les Bretons : destruction compl\u00e8te d\u2019un des principaux centres romains de Bretagne orientale, \u00e9limination d\u2019une colonie oppressive et d\u00e9monstration de la capacit\u00e9 des peuples autochtones \u00e0 riposter. Boudica poursuivit ensuite vers Londinium (Londres) puis Verulamium (St Albans), o\u00f9 des massacres similaires eurent lieu, portant le total des victimes romaines et romanis\u00e9es \u00e0 plusieurs dizaines de milliers selon les sources antiques.La r\u00e9volte fut finalement \u00e9cras\u00e9e par le gouverneur Suetonius Paulinus \u00e0 la bataille de Watling Street (probablement en 61 ap. J.-C.). Boudica mourut peu apr\u00e8s, probablement par suicide pour \u00e9viter la capture. Malgr\u00e9 l\u2019\u00e9chec militaire final, la r\u00e9volte de 60-61 reste l\u2019une des plus importantes r\u00e9sistances indig\u00e8nes contre Rome en Occident, motiv\u00e9e par des griefs r\u00e9els et des violences intol\u00e9rables. <\/span><\/p>\n<p style=\"text-align: right;\"><strong><span style=\"font-family: arial, helvetica, sans-serif; font-size: 14pt;\">Olier Kerdrel<\/span><\/strong><\/p>\n<p style=\"text-align: justify;\"><span style=\"font-family: arial, helvetica, sans-serif; font-size: 14pt;\">Sources<\/span><\/p>\n<ul>\n<li style=\"text-align: justify;\"><span style=\"font-family: arial, helvetica, sans-serif; font-size: 14pt;\">Tacite, Annales, livres XIV, 29-39 (r\u00e9cit principal, description du sac et du temple).<\/span><\/li>\n<li style=\"text-align: justify;\"><span style=\"font-family: arial, helvetica, sans-serif; font-size: 14pt;\">Cassius Dio, Histoire romaine, livre LXII, 1-12 (d\u00e9tails sur Boudica, les motivations et le d\u00e9roulement).<\/span><\/li>\n<li style=\"text-align: justify;\"><span style=\"font-family: arial, helvetica, sans-serif; font-size: 14pt;\">\u00c9tudes arch\u00e9ologiques sur Colchester (destructions par incendie dat\u00e9es de 60-61 ap. J.-C., British Museum et Colchester Archaeological Trust).<\/span><\/li>\n<li style=\"text-align: justify;\"><span style=\"font-family: arial, helvetica, sans-serif; font-size: 14pt;\">Articles de synth\u00e8se : Historic UK, English Heritage (site de Colchester), Oxford Classical Dictionary (entr\u00e9e \u00ab Boudica \u00bb).<\/span><\/li>\n<\/ul>\n","protected":false},"excerpt":{"rendered":"<p>En 60 ap. J.-C., la domination romaine en Bretagne provoqua une r\u00e9volte l\u00e9gitime des Bretons. Le roi des Iceni, Prasutagos, avait conclu un trait\u00e9 d\u2019alliance avec Rome et, \u00e0 sa mort, d\u00e9signa l\u2019empereur N\u00e9ron et ses deux filles comme h\u00e9ritiers conjoints pour prot\u00e9ger son royaume. Rome viola cet accord : le royaume fut annex\u00e9, les [&hellip;]<\/p>\n","protected":false},"author":1,"featured_media":5549,"comment_status":"open","ping_status":"open","sticky":false,"template":"","format":"standard","meta":{"sb_editor_width":"","footnotes":""},"categories":[50,65],"tags":[],"class_list":["post-5548","post","type-post","status-publish","format-standard","has-post-thumbnail","hentry","category-histoire-de-bretagne","category-principale"],"relative_dates":{"created":"3 mois ago","modified":"3 mois ago"},"yoast_head":"<!-- This site is optimized with the Yoast SEO plugin v26.3 - https:\/\/yoast.com\/wordpress\/plugins\/seo\/ -->\n<title>Le sac de Camulodunum par les Bretons lors de la grande r\u00e9volte de Boudicca - STOURM<\/title>\n<meta name=\"robots\" content=\"index, follow, max-snippet:-1, max-image-preview:large, max-video-preview:-1\" \/>\n<link rel=\"canonical\" href=\"https:\/\/stourm.news\/?p=5548\" \/>\n<meta property=\"og:locale\" content=\"fr_FR\" \/>\n<meta property=\"og:type\" content=\"article\" \/>\n<meta property=\"og:title\" content=\"Le sac de Camulodunum par les Bretons lors de la grande r\u00e9volte de Boudicca - STOURM\" \/>\n<meta property=\"og:description\" content=\"En 60 ap. J.-C., la domination romaine en Bretagne provoqua une r\u00e9volte l\u00e9gitime des Bretons. Le roi des Iceni, Prasutagos, avait conclu un trait\u00e9 d\u2019alliance avec Rome et, \u00e0 sa mort, d\u00e9signa l\u2019empereur N\u00e9ron et ses deux filles comme h\u00e9ritiers conjoints pour prot\u00e9ger son royaume. Rome viola cet accord : le royaume fut annex\u00e9, les [&hellip;]\" \/>\n<meta property=\"og:url\" content=\"https:\/\/stourm.news\/?p=5548\" \/>\n<meta property=\"og:site_name\" content=\"STOURM\" \/>\n<meta property=\"article:publisher\" content=\"https:\/\/www.facebook.com\/stourmnews\/\" \/>\n<meta property=\"article:published_time\" content=\"2026-01-28T11:19:24+00:00\" \/>\n<meta property=\"og:image\" content=\"https:\/\/preview.redd.it\/camulodunum-the-first-capitol-of-roman-britain-modern-day-v0-qmzlm18exra91.jpg?auto=webp&amp;s=b954a61f14eb56c81acf2b4ad097af912cc6dc23\" \/>\n<meta name=\"author\" content=\"La r\u00e9daction\" \/>\n<meta name=\"twitter:card\" content=\"summary_large_image\" \/>\n<meta name=\"twitter:label1\" content=\"\u00c9crit par\" \/>\n\t<meta name=\"twitter:data1\" content=\"La r\u00e9daction\" \/>\n\t<meta name=\"twitter:label2\" content=\"Dur\u00e9e de lecture estim\u00e9e\" \/>\n\t<meta name=\"twitter:data2\" content=\"5 minutes\" \/>\n<script type=\"application\/ld+json\" class=\"yoast-schema-graph\">{\"@context\":\"https:\/\/schema.org\",\"@graph\":[{\"@type\":\"Article\",\"@id\":\"https:\/\/stourm.news\/?p=5548#article\",\"isPartOf\":{\"@id\":\"https:\/\/stourm.news\/?p=5548\"},\"author\":{\"name\":\"La r\u00e9daction\",\"@id\":\"https:\/\/stourm.news\/#\/schema\/person\/c3e1dc65988632e190969234ef046cf9\"},\"headline\":\"Le sac de Camulodunum par les Bretons lors de la grande r\u00e9volte de Boudicca\",\"datePublished\":\"2026-01-28T11:19:24+00:00\",\"mainEntityOfPage\":{\"@id\":\"https:\/\/stourm.news\/?p=5548\"},\"wordCount\":862,\"commentCount\":0,\"publisher\":{\"@id\":\"https:\/\/stourm.news\/#organization\"},\"image\":{\"@id\":\"https:\/\/stourm.news\/?p=5548#primaryimage\"},\"thumbnailUrl\":\"https:\/\/stourm.news\/wp-content\/uploads\/2026\/01\/G_RUTy3WMAAAQHX.jpg\",\"articleSection\":[\"Histoire de Bretagne\",\"Principale\"],\"inLanguage\":\"fr-FR\",\"potentialAction\":[{\"@type\":\"CommentAction\",\"name\":\"Comment\",\"target\":[\"https:\/\/stourm.news\/?p=5548#respond\"]}]},{\"@type\":\"WebPage\",\"@id\":\"https:\/\/stourm.news\/?p=5548\",\"url\":\"https:\/\/stourm.news\/?p=5548\",\"name\":\"Le sac de Camulodunum par les Bretons lors de la grande r\u00e9volte de Boudicca - STOURM\",\"isPartOf\":{\"@id\":\"https:\/\/stourm.news\/#website\"},\"primaryImageOfPage\":{\"@id\":\"https:\/\/stourm.news\/?p=5548#primaryimage\"},\"image\":{\"@id\":\"https:\/\/stourm.news\/?p=5548#primaryimage\"},\"thumbnailUrl\":\"https:\/\/stourm.news\/wp-content\/uploads\/2026\/01\/G_RUTy3WMAAAQHX.jpg\",\"datePublished\":\"2026-01-28T11:19:24+00:00\",\"breadcrumb\":{\"@id\":\"https:\/\/stourm.news\/?p=5548#breadcrumb\"},\"inLanguage\":\"fr-FR\",\"potentialAction\":[{\"@type\":\"ReadAction\",\"target\":[\"https:\/\/stourm.news\/?p=5548\"]}]},{\"@type\":\"ImageObject\",\"inLanguage\":\"fr-FR\",\"@id\":\"https:\/\/stourm.news\/?p=5548#primaryimage\",\"url\":\"https:\/\/stourm.news\/wp-content\/uploads\/2026\/01\/G_RUTy3WMAAAQHX.jpg\",\"contentUrl\":\"https:\/\/stourm.news\/wp-content\/uploads\/2026\/01\/G_RUTy3WMAAAQHX.jpg\",\"width\":1080,\"height\":744},{\"@type\":\"BreadcrumbList\",\"@id\":\"https:\/\/stourm.news\/?p=5548#breadcrumb\",\"itemListElement\":[{\"@type\":\"ListItem\",\"position\":1,\"name\":\"Accueil\",\"item\":\"https:\/\/stourm.news\/\"},{\"@type\":\"ListItem\",\"position\":2,\"name\":\"Le sac de Camulodunum par les Bretons lors de la grande r\u00e9volte de Boudicca\"}]},{\"@type\":\"WebSite\",\"@id\":\"https:\/\/stourm.news\/#website\",\"url\":\"https:\/\/stourm.news\/\",\"name\":\"Stourm\",\"description\":\"Kazetenn Strollad Broadel Breizh\",\"publisher\":{\"@id\":\"https:\/\/stourm.news\/#organization\"},\"potentialAction\":[{\"@type\":\"SearchAction\",\"target\":{\"@type\":\"EntryPoint\",\"urlTemplate\":\"https:\/\/stourm.news\/?s={search_term_string}\"},\"query-input\":{\"@type\":\"PropertyValueSpecification\",\"valueRequired\":true,\"valueName\":\"search_term_string\"}}],\"inLanguage\":\"fr-FR\"},{\"@type\":\"Organization\",\"@id\":\"https:\/\/stourm.news\/#organization\",\"name\":\"Stourm\",\"url\":\"https:\/\/stourm.news\/\",\"logo\":{\"@type\":\"ImageObject\",\"inLanguage\":\"fr-FR\",\"@id\":\"https:\/\/stourm.news\/#\/schema\/logo\/image\/\",\"url\":\"https:\/\/stourm.news\/wp-content\/uploads\/2025\/11\/cropped-Capture-decran-2025-11-28-a-15.19.07.png\",\"contentUrl\":\"https:\/\/stourm.news\/wp-content\/uploads\/2025\/11\/cropped-Capture-decran-2025-11-28-a-15.19.07.png\",\"width\":1855,\"height\":383,\"caption\":\"Stourm\"},\"image\":{\"@id\":\"https:\/\/stourm.news\/#\/schema\/logo\/image\/\"},\"sameAs\":[\"https:\/\/www.facebook.com\/stourmnews\/\"]},{\"@type\":\"Person\",\"@id\":\"https:\/\/stourm.news\/#\/schema\/person\/c3e1dc65988632e190969234ef046cf9\",\"name\":\"La r\u00e9daction\",\"image\":{\"@type\":\"ImageObject\",\"inLanguage\":\"fr-FR\",\"@id\":\"https:\/\/stourm.news\/#\/schema\/person\/image\/\",\"url\":\"https:\/\/secure.gravatar.com\/avatar\/7463443f194b6b5fb706b074ca0ef59a0cfcfd720cb47764b0ec5a952ce422b3?s=96&d=mm&r=g\",\"contentUrl\":\"https:\/\/secure.gravatar.com\/avatar\/7463443f194b6b5fb706b074ca0ef59a0cfcfd720cb47764b0ec5a952ce422b3?s=96&d=mm&r=g\",\"caption\":\"La r\u00e9daction\"},\"sameAs\":[\"https:\/\/stourm.news\"],\"url\":\"https:\/\/stourm.news\/?author=1\"}]}<\/script>\n<!-- \/ Yoast SEO plugin. -->","yoast_head_json":{"title":"Le sac de Camulodunum par les Bretons lors de la grande r\u00e9volte de Boudicca - STOURM","robots":{"index":"index","follow":"follow","max-snippet":"max-snippet:-1","max-image-preview":"max-image-preview:large","max-video-preview":"max-video-preview:-1"},"canonical":"https:\/\/stourm.news\/?p=5548","og_locale":"fr_FR","og_type":"article","og_title":"Le sac de Camulodunum par les Bretons lors de la grande r\u00e9volte de Boudicca - STOURM","og_description":"En 60 ap. J.-C., la domination romaine en Bretagne provoqua une r\u00e9volte l\u00e9gitime des Bretons. Le roi des Iceni, Prasutagos, avait conclu un trait\u00e9 d\u2019alliance avec Rome et, \u00e0 sa mort, d\u00e9signa l\u2019empereur N\u00e9ron et ses deux filles comme h\u00e9ritiers conjoints pour prot\u00e9ger son royaume. Rome viola cet accord : le royaume fut annex\u00e9, les [&hellip;]","og_url":"https:\/\/stourm.news\/?p=5548","og_site_name":"STOURM","article_publisher":"https:\/\/www.facebook.com\/stourmnews\/","article_published_time":"2026-01-28T11:19:24+00:00","og_image":[{"url":"https:\/\/preview.redd.it\/camulodunum-the-first-capitol-of-roman-britain-modern-day-v0-qmzlm18exra91.jpg?auto=webp&amp;s=b954a61f14eb56c81acf2b4ad097af912cc6dc23","type":"","width":"","height":""}],"author":"La r\u00e9daction","twitter_card":"summary_large_image","twitter_misc":{"\u00c9crit par":"La r\u00e9daction","Dur\u00e9e de lecture estim\u00e9e":"5 minutes"},"schema":{"@context":"https:\/\/schema.org","@graph":[{"@type":"Article","@id":"https:\/\/stourm.news\/?p=5548#article","isPartOf":{"@id":"https:\/\/stourm.news\/?p=5548"},"author":{"name":"La r\u00e9daction","@id":"https:\/\/stourm.news\/#\/schema\/person\/c3e1dc65988632e190969234ef046cf9"},"headline":"Le sac de Camulodunum par les Bretons lors de la grande r\u00e9volte de Boudicca","datePublished":"2026-01-28T11:19:24+00:00","mainEntityOfPage":{"@id":"https:\/\/stourm.news\/?p=5548"},"wordCount":862,"commentCount":0,"publisher":{"@id":"https:\/\/stourm.news\/#organization"},"image":{"@id":"https:\/\/stourm.news\/?p=5548#primaryimage"},"thumbnailUrl":"https:\/\/stourm.news\/wp-content\/uploads\/2026\/01\/G_RUTy3WMAAAQHX.jpg","articleSection":["Histoire de Bretagne","Principale"],"inLanguage":"fr-FR","potentialAction":[{"@type":"CommentAction","name":"Comment","target":["https:\/\/stourm.news\/?p=5548#respond"]}]},{"@type":"WebPage","@id":"https:\/\/stourm.news\/?p=5548","url":"https:\/\/stourm.news\/?p=5548","name":"Le sac de Camulodunum par les Bretons lors de la grande r\u00e9volte de Boudicca - STOURM","isPartOf":{"@id":"https:\/\/stourm.news\/#website"},"primaryImageOfPage":{"@id":"https:\/\/stourm.news\/?p=5548#primaryimage"},"image":{"@id":"https:\/\/stourm.news\/?p=5548#primaryimage"},"thumbnailUrl":"https:\/\/stourm.news\/wp-content\/uploads\/2026\/01\/G_RUTy3WMAAAQHX.jpg","datePublished":"2026-01-28T11:19:24+00:00","breadcrumb":{"@id":"https:\/\/stourm.news\/?p=5548#breadcrumb"},"inLanguage":"fr-FR","potentialAction":[{"@type":"ReadAction","target":["https:\/\/stourm.news\/?p=5548"]}]},{"@type":"ImageObject","inLanguage":"fr-FR","@id":"https:\/\/stourm.news\/?p=5548#primaryimage","url":"https:\/\/stourm.news\/wp-content\/uploads\/2026\/01\/G_RUTy3WMAAAQHX.jpg","contentUrl":"https:\/\/stourm.news\/wp-content\/uploads\/2026\/01\/G_RUTy3WMAAAQHX.jpg","width":1080,"height":744},{"@type":"BreadcrumbList","@id":"https:\/\/stourm.news\/?p=5548#breadcrumb","itemListElement":[{"@type":"ListItem","position":1,"name":"Accueil","item":"https:\/\/stourm.news\/"},{"@type":"ListItem","position":2,"name":"Le sac de Camulodunum par les Bretons lors de la grande r\u00e9volte de Boudicca"}]},{"@type":"WebSite","@id":"https:\/\/stourm.news\/#website","url":"https:\/\/stourm.news\/","name":"Stourm","description":"Kazetenn Strollad Broadel Breizh","publisher":{"@id":"https:\/\/stourm.news\/#organization"},"potentialAction":[{"@type":"SearchAction","target":{"@type":"EntryPoint","urlTemplate":"https:\/\/stourm.news\/?s={search_term_string}"},"query-input":{"@type":"PropertyValueSpecification","valueRequired":true,"valueName":"search_term_string"}}],"inLanguage":"fr-FR"},{"@type":"Organization","@id":"https:\/\/stourm.news\/#organization","name":"Stourm","url":"https:\/\/stourm.news\/","logo":{"@type":"ImageObject","inLanguage":"fr-FR","@id":"https:\/\/stourm.news\/#\/schema\/logo\/image\/","url":"https:\/\/stourm.news\/wp-content\/uploads\/2025\/11\/cropped-Capture-decran-2025-11-28-a-15.19.07.png","contentUrl":"https:\/\/stourm.news\/wp-content\/uploads\/2025\/11\/cropped-Capture-decran-2025-11-28-a-15.19.07.png","width":1855,"height":383,"caption":"Stourm"},"image":{"@id":"https:\/\/stourm.news\/#\/schema\/logo\/image\/"},"sameAs":["https:\/\/www.facebook.com\/stourmnews\/"]},{"@type":"Person","@id":"https:\/\/stourm.news\/#\/schema\/person\/c3e1dc65988632e190969234ef046cf9","name":"La r\u00e9daction","image":{"@type":"ImageObject","inLanguage":"fr-FR","@id":"https:\/\/stourm.news\/#\/schema\/person\/image\/","url":"https:\/\/secure.gravatar.com\/avatar\/7463443f194b6b5fb706b074ca0ef59a0cfcfd720cb47764b0ec5a952ce422b3?s=96&d=mm&r=g","contentUrl":"https:\/\/secure.gravatar.com\/avatar\/7463443f194b6b5fb706b074ca0ef59a0cfcfd720cb47764b0ec5a952ce422b3?s=96&d=mm&r=g","caption":"La r\u00e9daction"},"sameAs":["https:\/\/stourm.news"],"url":"https:\/\/stourm.news\/?author=1"}]}},"_links":{"self":[{"href":"https:\/\/stourm.news\/index.php?rest_route=\/wp\/v2\/posts\/5548","targetHints":{"allow":["GET"]}}],"collection":[{"href":"https:\/\/stourm.news\/index.php?rest_route=\/wp\/v2\/posts"}],"about":[{"href":"https:\/\/stourm.news\/index.php?rest_route=\/wp\/v2\/types\/post"}],"author":[{"embeddable":true,"href":"https:\/\/stourm.news\/index.php?rest_route=\/wp\/v2\/users\/1"}],"replies":[{"embeddable":true,"href":"https:\/\/stourm.news\/index.php?rest_route=%2Fwp%2Fv2%2Fcomments&post=5548"}],"version-history":[{"count":1,"href":"https:\/\/stourm.news\/index.php?rest_route=\/wp\/v2\/posts\/5548\/revisions"}],"predecessor-version":[{"id":5550,"href":"https:\/\/stourm.news\/index.php?rest_route=\/wp\/v2\/posts\/5548\/revisions\/5550"}],"wp:featuredmedia":[{"embeddable":true,"href":"https:\/\/stourm.news\/index.php?rest_route=\/wp\/v2\/media\/5549"}],"wp:attachment":[{"href":"https:\/\/stourm.news\/index.php?rest_route=%2Fwp%2Fv2%2Fmedia&parent=5548"}],"wp:term":[{"taxonomy":"category","embeddable":true,"href":"https:\/\/stourm.news\/index.php?rest_route=%2Fwp%2Fv2%2Fcategories&post=5548"},{"taxonomy":"post_tag","embeddable":true,"href":"https:\/\/stourm.news\/index.php?rest_route=%2Fwp%2Fv2%2Ftags&post=5548"}],"curies":[{"name":"wp","href":"https:\/\/api.w.org\/{rel}","templated":true}]}}