{"id":5557,"date":"2026-01-30T06:56:54","date_gmt":"2026-01-30T06:56:54","guid":{"rendered":"https:\/\/stourm.news\/?p=5557"},"modified":"2026-01-30T06:56:54","modified_gmt":"2026-01-30T06:56:54","slug":"reunion-bretonne-a-rennes-un-rendez-vous-pour-lavenir-de-la-bretagne","status":"publish","type":"post","link":"https:\/\/stourm.news\/?p=5557","title":{"rendered":"R\u00e9union bretonne \u00e0 Rennes : un rendez-vous pour l\u2019avenir de la Bretagne"},"content":{"rendered":"<p style=\"text-align: justify;\"><span style=\"font-family: arial, helvetica, sans-serif; font-size: 14pt;\">Le samedi 14 f\u00e9vrier \u00e0 17h00, le Parti National Breton (PNB) organise une r\u00e9union ouverte \u00e0 Roazhon (Rennes). Cet \u00e9v\u00e9nement accueillera Herv\u00e9 Archier, vice-pr\u00e9sident du PNB, pour pr\u00e9senter le mouvement, son programme et ses ambitions pour la Bretagne.<\/span><\/p>\n<p style=\"text-align: justify;\"><span style=\"font-family: arial, helvetica, sans-serif; font-size: 14pt;\">Au programme : une pr\u00e9sentation d\u00e9taill\u00e9e du parti, l\u2019expos\u00e9 des priorit\u00e9s politiques, les modalit\u00e9s d\u2019adh\u00e9sion et un moment d\u00e9di\u00e9 \u00e0 la fraternit\u00e9 bretonne. L\u2019objectif est clair : rassembler les Bretons attach\u00e9s \u00e0 leur identit\u00e9, leur culture et leur souverainet\u00e9, dans un esprit d\u2019unit\u00e9 et de mobilisation.<\/span><\/p>\n<p style=\"text-align: justify;\"><span style=\"font-family: arial, helvetica, sans-serif; font-size: 14pt;\">Le PNB, qui d\u00e9fend une Bretagne forte face aux d\u00e9fis actuels \u2013 ins\u00e9curit\u00e9, immigration incontr\u00f4l\u00e9e, dilution culturelle \u2013, invite tous les patriotes bretons \u00e0 venir \u00e9changer, s\u2019informer et rejoindre le combat pour \u00ab rendre la Bretagne aux Bretons \u00bb. <\/span><\/p>\n<p style=\"text-align: justify;\"><span style=\"font-family: arial, helvetica, sans-serif; font-size: 14pt;\">Herv\u00e9 Archier, figure engag\u00e9e du mouvement, portera ce message avec conviction. Que vous soyez d\u00e9j\u00e0 sympathisant ou simplement curieux, cette r\u00e9union est l\u2019occasion id\u00e9ale de d\u00e9couvrir le projet du PNB et de contribuer \u00e0 son d\u00e9veloppement. <\/span><\/p>\n<p style=\"text-align: justify;\"><span style=\"font-family: arial, helvetica, sans-serif; font-size: 14pt;\">Venez nombreux pour soutenir une Bretagne fi\u00e8re et libre !<\/span><\/p>\n<p style=\"text-align: justify;\"><span style=\"font-family: arial, helvetica, sans-serif; font-size: 14pt;\">Contact : partinationalbreton@yandex.com<\/span><\/p>\n<p><img fetchpriority=\"high\" decoding=\"async\" class=\"alignnone wp-image-5558 size-full\" src=\"https:\/\/stourm.news\/wp-content\/uploads\/2026\/01\/Reunion-bretonne.png\" alt=\"\" width=\"1080\" height=\"1350\" srcset=\"https:\/\/stourm.news\/wp-content\/uploads\/2026\/01\/Reunion-bretonne.png 1080w, https:\/\/stourm.news\/wp-content\/uploads\/2026\/01\/Reunion-bretonne-240x300.png 240w, https:\/\/stourm.news\/wp-content\/uploads\/2026\/01\/Reunion-bretonne-819x1024.png 819w, https:\/\/stourm.news\/wp-content\/uploads\/2026\/01\/Reunion-bretonne-768x960.png 768w\" sizes=\"(max-width: 1080px) 100vw, 1080px\" \/><\/p>\n","protected":false},"excerpt":{"rendered":"<p>Le samedi 14 f\u00e9vrier \u00e0 17h00, le Parti National Breton (PNB) organise une r\u00e9union ouverte \u00e0 Roazhon (Rennes). Cet \u00e9v\u00e9nement accueillera Herv\u00e9 Archier, vice-pr\u00e9sident du PNB, pour pr\u00e9senter le mouvement, son programme et ses ambitions pour la Bretagne. Au programme : une pr\u00e9sentation d\u00e9taill\u00e9e du parti, l\u2019expos\u00e9 des priorit\u00e9s politiques, les modalit\u00e9s d\u2019adh\u00e9sion et un [&hellip;]<\/p>\n","protected":false},"author":1,"featured_media":5560,"comment_status":"open","ping_status":"open","sticky":false,"template":"","format":"standard","meta":{"sb_editor_width":"","footnotes":""},"categories":[65,49],"tags":[],"class_list":["post-5557","post","type-post","status-publish","format-standard","has-post-thumbnail","hentry","category-principale","category-vie-du-parti"],"relative_dates":{"created":"3 mois ago","modified":"3 mois ago"},"yoast_head":"<!-- This site is optimized with the Yoast SEO plugin v26.3 - https:\/\/yoast.com\/wordpress\/plugins\/seo\/ -->\n<title>R\u00e9union bretonne \u00e0 Rennes : un rendez-vous pour l\u2019avenir de la Bretagne - STOURM<\/title>\n<meta name=\"robots\" content=\"index, follow, max-snippet:-1, max-image-preview:large, max-video-preview:-1\" \/>\n<link rel=\"canonical\" href=\"https:\/\/stourm.news\/?p=5557\" \/>\n<meta property=\"og:locale\" content=\"fr_FR\" \/>\n<meta property=\"og:type\" content=\"article\" \/>\n<meta property=\"og:title\" content=\"R\u00e9union bretonne \u00e0 Rennes : un rendez-vous pour l\u2019avenir de la Bretagne - STOURM\" \/>\n<meta property=\"og:description\" content=\"Le samedi 14 f\u00e9vrier \u00e0 17h00, le Parti National Breton (PNB) organise une r\u00e9union ouverte \u00e0 Roazhon (Rennes). Cet \u00e9v\u00e9nement accueillera Herv\u00e9 Archier, vice-pr\u00e9sident du PNB, pour pr\u00e9senter le mouvement, son programme et ses ambitions pour la Bretagne. Au programme : une pr\u00e9sentation d\u00e9taill\u00e9e du parti, l\u2019expos\u00e9 des priorit\u00e9s politiques, les modalit\u00e9s d\u2019adh\u00e9sion et un [&hellip;]\" \/>\n<meta property=\"og:url\" content=\"https:\/\/stourm.news\/?p=5557\" \/>\n<meta property=\"og:site_name\" content=\"STOURM\" \/>\n<meta property=\"article:publisher\" content=\"https:\/\/www.facebook.com\/stourmnews\/\" \/>\n<meta property=\"article:published_time\" content=\"2026-01-30T06:56:54+00:00\" \/>\n<meta property=\"og:image\" content=\"https:\/\/stourm.news\/wp-content\/uploads\/2026\/01\/Reunion-bretonne.png\" \/>\n\t<meta property=\"og:image:width\" content=\"1080\" \/>\n\t<meta property=\"og:image:height\" content=\"1350\" \/>\n\t<meta property=\"og:image:type\" content=\"image\/png\" \/>\n<meta name=\"author\" content=\"La r\u00e9daction\" \/>\n<meta name=\"twitter:card\" content=\"summary_large_image\" \/>\n<meta name=\"twitter:label1\" content=\"\u00c9crit par\" \/>\n\t<meta name=\"twitter:data1\" content=\"La r\u00e9daction\" \/>\n\t<meta name=\"twitter:label2\" content=\"Dur\u00e9e de lecture estim\u00e9e\" \/>\n\t<meta name=\"twitter:data2\" content=\"2 minutes\" \/>\n<script type=\"application\/ld+json\" class=\"yoast-schema-graph\">{\"@context\":\"https:\/\/schema.org\",\"@graph\":[{\"@type\":\"Article\",\"@id\":\"https:\/\/stourm.news\/?p=5557#article\",\"isPartOf\":{\"@id\":\"https:\/\/stourm.news\/?p=5557\"},\"author\":{\"name\":\"La r\u00e9daction\",\"@id\":\"https:\/\/stourm.news\/#\/schema\/person\/c3e1dc65988632e190969234ef046cf9\"},\"headline\":\"R\u00e9union bretonne \u00e0 Rennes : un rendez-vous pour l\u2019avenir de la Bretagne\",\"datePublished\":\"2026-01-30T06:56:54+00:00\",\"mainEntityOfPage\":{\"@id\":\"https:\/\/stourm.news\/?p=5557\"},\"wordCount\":202,\"commentCount\":0,\"publisher\":{\"@id\":\"https:\/\/stourm.news\/#organization\"},\"image\":{\"@id\":\"https:\/\/stourm.news\/?p=5557#primaryimage\"},\"thumbnailUrl\":\"https:\/\/stourm.news\/wp-content\/uploads\/2026\/01\/Capture-decran-2026-01-30-a-15.55.39.png\",\"articleSection\":[\"Principale\",\"Vie du Parti\"],\"inLanguage\":\"fr-FR\",\"potentialAction\":[{\"@type\":\"CommentAction\",\"name\":\"Comment\",\"target\":[\"https:\/\/stourm.news\/?p=5557#respond\"]}]},{\"@type\":\"WebPage\",\"@id\":\"https:\/\/stourm.news\/?p=5557\",\"url\":\"https:\/\/stourm.news\/?p=5557\",\"name\":\"R\u00e9union bretonne \u00e0 Rennes : un rendez-vous pour l\u2019avenir de la Bretagne - STOURM\",\"isPartOf\":{\"@id\":\"https:\/\/stourm.news\/#website\"},\"primaryImageOfPage\":{\"@id\":\"https:\/\/stourm.news\/?p=5557#primaryimage\"},\"image\":{\"@id\":\"https:\/\/stourm.news\/?p=5557#primaryimage\"},\"thumbnailUrl\":\"https:\/\/stourm.news\/wp-content\/uploads\/2026\/01\/Capture-decran-2026-01-30-a-15.55.39.png\",\"datePublished\":\"2026-01-30T06:56:54+00:00\",\"breadcrumb\":{\"@id\":\"https:\/\/stourm.news\/?p=5557#breadcrumb\"},\"inLanguage\":\"fr-FR\",\"potentialAction\":[{\"@type\":\"ReadAction\",\"target\":[\"https:\/\/stourm.news\/?p=5557\"]}]},{\"@type\":\"ImageObject\",\"inLanguage\":\"fr-FR\",\"@id\":\"https:\/\/stourm.news\/?p=5557#primaryimage\",\"url\":\"https:\/\/stourm.news\/wp-content\/uploads\/2026\/01\/Capture-decran-2026-01-30-a-15.55.39.png\",\"contentUrl\":\"https:\/\/stourm.news\/wp-content\/uploads\/2026\/01\/Capture-decran-2026-01-30-a-15.55.39.png\",\"width\":1468,\"height\":860},{\"@type\":\"BreadcrumbList\",\"@id\":\"https:\/\/stourm.news\/?p=5557#breadcrumb\",\"itemListElement\":[{\"@type\":\"ListItem\",\"position\":1,\"name\":\"Accueil\",\"item\":\"https:\/\/stourm.news\/\"},{\"@type\":\"ListItem\",\"position\":2,\"name\":\"R\u00e9union bretonne \u00e0 Rennes : un rendez-vous pour l\u2019avenir de la Bretagne\"}]},{\"@type\":\"WebSite\",\"@id\":\"https:\/\/stourm.news\/#website\",\"url\":\"https:\/\/stourm.news\/\",\"name\":\"Stourm\",\"description\":\"Kazetenn Strollad Broadel Breizh\",\"publisher\":{\"@id\":\"https:\/\/stourm.news\/#organization\"},\"potentialAction\":[{\"@type\":\"SearchAction\",\"target\":{\"@type\":\"EntryPoint\",\"urlTemplate\":\"https:\/\/stourm.news\/?s={search_term_string}\"},\"query-input\":{\"@type\":\"PropertyValueSpecification\",\"valueRequired\":true,\"valueName\":\"search_term_string\"}}],\"inLanguage\":\"fr-FR\"},{\"@type\":\"Organization\",\"@id\":\"https:\/\/stourm.news\/#organization\",\"name\":\"Stourm\",\"url\":\"https:\/\/stourm.news\/\",\"logo\":{\"@type\":\"ImageObject\",\"inLanguage\":\"fr-FR\",\"@id\":\"https:\/\/stourm.news\/#\/schema\/logo\/image\/\",\"url\":\"https:\/\/stourm.news\/wp-content\/uploads\/2025\/11\/cropped-Capture-decran-2025-11-28-a-15.19.07.png\",\"contentUrl\":\"https:\/\/stourm.news\/wp-content\/uploads\/2025\/11\/cropped-Capture-decran-2025-11-28-a-15.19.07.png\",\"width\":1855,\"height\":383,\"caption\":\"Stourm\"},\"image\":{\"@id\":\"https:\/\/stourm.news\/#\/schema\/logo\/image\/\"},\"sameAs\":[\"https:\/\/www.facebook.com\/stourmnews\/\"]},{\"@type\":\"Person\",\"@id\":\"https:\/\/stourm.news\/#\/schema\/person\/c3e1dc65988632e190969234ef046cf9\",\"name\":\"La r\u00e9daction\",\"image\":{\"@type\":\"ImageObject\",\"inLanguage\":\"fr-FR\",\"@id\":\"https:\/\/stourm.news\/#\/schema\/person\/image\/\",\"url\":\"https:\/\/secure.gravatar.com\/avatar\/7463443f194b6b5fb706b074ca0ef59a0cfcfd720cb47764b0ec5a952ce422b3?s=96&d=mm&r=g\",\"contentUrl\":\"https:\/\/secure.gravatar.com\/avatar\/7463443f194b6b5fb706b074ca0ef59a0cfcfd720cb47764b0ec5a952ce422b3?s=96&d=mm&r=g\",\"caption\":\"La r\u00e9daction\"},\"sameAs\":[\"https:\/\/stourm.news\"],\"url\":\"https:\/\/stourm.news\/?author=1\"}]}<\/script>\n<!-- \/ Yoast SEO plugin. -->","yoast_head_json":{"title":"R\u00e9union bretonne \u00e0 Rennes : un rendez-vous pour l\u2019avenir de la Bretagne - STOURM","robots":{"index":"index","follow":"follow","max-snippet":"max-snippet:-1","max-image-preview":"max-image-preview:large","max-video-preview":"max-video-preview:-1"},"canonical":"https:\/\/stourm.news\/?p=5557","og_locale":"fr_FR","og_type":"article","og_title":"R\u00e9union bretonne \u00e0 Rennes : un rendez-vous pour l\u2019avenir de la Bretagne - STOURM","og_description":"Le samedi 14 f\u00e9vrier \u00e0 17h00, le Parti National Breton (PNB) organise une r\u00e9union ouverte \u00e0 Roazhon (Rennes). Cet \u00e9v\u00e9nement accueillera Herv\u00e9 Archier, vice-pr\u00e9sident du PNB, pour pr\u00e9senter le mouvement, son programme et ses ambitions pour la Bretagne. Au programme : une pr\u00e9sentation d\u00e9taill\u00e9e du parti, l\u2019expos\u00e9 des priorit\u00e9s politiques, les modalit\u00e9s d\u2019adh\u00e9sion et un [&hellip;]","og_url":"https:\/\/stourm.news\/?p=5557","og_site_name":"STOURM","article_publisher":"https:\/\/www.facebook.com\/stourmnews\/","article_published_time":"2026-01-30T06:56:54+00:00","og_image":[{"width":1080,"height":1350,"url":"https:\/\/stourm.news\/wp-content\/uploads\/2026\/01\/Reunion-bretonne.png","type":"image\/png"}],"author":"La r\u00e9daction","twitter_card":"summary_large_image","twitter_misc":{"\u00c9crit par":"La r\u00e9daction","Dur\u00e9e de lecture estim\u00e9e":"2 minutes"},"schema":{"@context":"https:\/\/schema.org","@graph":[{"@type":"Article","@id":"https:\/\/stourm.news\/?p=5557#article","isPartOf":{"@id":"https:\/\/stourm.news\/?p=5557"},"author":{"name":"La r\u00e9daction","@id":"https:\/\/stourm.news\/#\/schema\/person\/c3e1dc65988632e190969234ef046cf9"},"headline":"R\u00e9union bretonne \u00e0 Rennes : un rendez-vous pour l\u2019avenir de la Bretagne","datePublished":"2026-01-30T06:56:54+00:00","mainEntityOfPage":{"@id":"https:\/\/stourm.news\/?p=5557"},"wordCount":202,"commentCount":0,"publisher":{"@id":"https:\/\/stourm.news\/#organization"},"image":{"@id":"https:\/\/stourm.news\/?p=5557#primaryimage"},"thumbnailUrl":"https:\/\/stourm.news\/wp-content\/uploads\/2026\/01\/Capture-decran-2026-01-30-a-15.55.39.png","articleSection":["Principale","Vie du Parti"],"inLanguage":"fr-FR","potentialAction":[{"@type":"CommentAction","name":"Comment","target":["https:\/\/stourm.news\/?p=5557#respond"]}]},{"@type":"WebPage","@id":"https:\/\/stourm.news\/?p=5557","url":"https:\/\/stourm.news\/?p=5557","name":"R\u00e9union bretonne \u00e0 Rennes : un rendez-vous pour l\u2019avenir de la Bretagne - STOURM","isPartOf":{"@id":"https:\/\/stourm.news\/#website"},"primaryImageOfPage":{"@id":"https:\/\/stourm.news\/?p=5557#primaryimage"},"image":{"@id":"https:\/\/stourm.news\/?p=5557#primaryimage"},"thumbnailUrl":"https:\/\/stourm.news\/wp-content\/uploads\/2026\/01\/Capture-decran-2026-01-30-a-15.55.39.png","datePublished":"2026-01-30T06:56:54+00:00","breadcrumb":{"@id":"https:\/\/stourm.news\/?p=5557#breadcrumb"},"inLanguage":"fr-FR","potentialAction":[{"@type":"ReadAction","target":["https:\/\/stourm.news\/?p=5557"]}]},{"@type":"ImageObject","inLanguage":"fr-FR","@id":"https:\/\/stourm.news\/?p=5557#primaryimage","url":"https:\/\/stourm.news\/wp-content\/uploads\/2026\/01\/Capture-decran-2026-01-30-a-15.55.39.png","contentUrl":"https:\/\/stourm.news\/wp-content\/uploads\/2026\/01\/Capture-decran-2026-01-30-a-15.55.39.png","width":1468,"height":860},{"@type":"BreadcrumbList","@id":"https:\/\/stourm.news\/?p=5557#breadcrumb","itemListElement":[{"@type":"ListItem","position":1,"name":"Accueil","item":"https:\/\/stourm.news\/"},{"@type":"ListItem","position":2,"name":"R\u00e9union bretonne \u00e0 Rennes : un rendez-vous pour l\u2019avenir de la Bretagne"}]},{"@type":"WebSite","@id":"https:\/\/stourm.news\/#website","url":"https:\/\/stourm.news\/","name":"Stourm","description":"Kazetenn Strollad Broadel Breizh","publisher":{"@id":"https:\/\/stourm.news\/#organization"},"potentialAction":[{"@type":"SearchAction","target":{"@type":"EntryPoint","urlTemplate":"https:\/\/stourm.news\/?s={search_term_string}"},"query-input":{"@type":"PropertyValueSpecification","valueRequired":true,"valueName":"search_term_string"}}],"inLanguage":"fr-FR"},{"@type":"Organization","@id":"https:\/\/stourm.news\/#organization","name":"Stourm","url":"https:\/\/stourm.news\/","logo":{"@type":"ImageObject","inLanguage":"fr-FR","@id":"https:\/\/stourm.news\/#\/schema\/logo\/image\/","url":"https:\/\/stourm.news\/wp-content\/uploads\/2025\/11\/cropped-Capture-decran-2025-11-28-a-15.19.07.png","contentUrl":"https:\/\/stourm.news\/wp-content\/uploads\/2025\/11\/cropped-Capture-decran-2025-11-28-a-15.19.07.png","width":1855,"height":383,"caption":"Stourm"},"image":{"@id":"https:\/\/stourm.news\/#\/schema\/logo\/image\/"},"sameAs":["https:\/\/www.facebook.com\/stourmnews\/"]},{"@type":"Person","@id":"https:\/\/stourm.news\/#\/schema\/person\/c3e1dc65988632e190969234ef046cf9","name":"La r\u00e9daction","image":{"@type":"ImageObject","inLanguage":"fr-FR","@id":"https:\/\/stourm.news\/#\/schema\/person\/image\/","url":"https:\/\/secure.gravatar.com\/avatar\/7463443f194b6b5fb706b074ca0ef59a0cfcfd720cb47764b0ec5a952ce422b3?s=96&d=mm&r=g","contentUrl":"https:\/\/secure.gravatar.com\/avatar\/7463443f194b6b5fb706b074ca0ef59a0cfcfd720cb47764b0ec5a952ce422b3?s=96&d=mm&r=g","caption":"La r\u00e9daction"},"sameAs":["https:\/\/stourm.news"],"url":"https:\/\/stourm.news\/?author=1"}]}},"_links":{"self":[{"href":"https:\/\/stourm.news\/index.php?rest_route=\/wp\/v2\/posts\/5557","targetHints":{"allow":["GET"]}}],"collection":[{"href":"https:\/\/stourm.news\/index.php?rest_route=\/wp\/v2\/posts"}],"about":[{"href":"https:\/\/stourm.news\/index.php?rest_route=\/wp\/v2\/types\/post"}],"author":[{"embeddable":true,"href":"https:\/\/stourm.news\/index.php?rest_route=\/wp\/v2\/users\/1"}],"replies":[{"embeddable":true,"href":"https:\/\/stourm.news\/index.php?rest_route=%2Fwp%2Fv2%2Fcomments&post=5557"}],"version-history":[{"count":1,"href":"https:\/\/stourm.news\/index.php?rest_route=\/wp\/v2\/posts\/5557\/revisions"}],"predecessor-version":[{"id":5559,"href":"https:\/\/stourm.news\/index.php?rest_route=\/wp\/v2\/posts\/5557\/revisions\/5559"}],"wp:featuredmedia":[{"embeddable":true,"href":"https:\/\/stourm.news\/index.php?rest_route=\/wp\/v2\/media\/5560"}],"wp:attachment":[{"href":"https:\/\/stourm.news\/index.php?rest_route=%2Fwp%2Fv2%2Fmedia&parent=5557"}],"wp:term":[{"taxonomy":"category","embeddable":true,"href":"https:\/\/stourm.news\/index.php?rest_route=%2Fwp%2Fv2%2Fcategories&post=5557"},{"taxonomy":"post_tag","embeddable":true,"href":"https:\/\/stourm.news\/index.php?rest_route=%2Fwp%2Fv2%2Ftags&post=5557"}],"curies":[{"name":"wp","href":"https:\/\/api.w.org\/{rel}","templated":true}]}}