{"id":5759,"date":"2026-03-07T07:23:25","date_gmt":"2026-03-07T07:23:25","guid":{"rendered":"https:\/\/stourm.news\/?p=5759"},"modified":"2026-03-07T07:23:25","modified_gmt":"2026-03-07T07:23:25","slug":"les-britanniques-dulster","status":"publish","type":"post","link":"https:\/\/stourm.news\/?p=5759","title":{"rendered":"Les Britanniques d&rsquo;Ulster"},"content":{"rendered":"<p style=\"text-align: justify;\"><span style=\"font-family: arial, helvetica, sans-serif; font-size: 14pt;\">L\u2019Irlande a une histoire pluris\u00e9culaire d\u2019\u00eele multiethnique. Les Irlandais natifs &#8212; les Ga\u00ebls &#8212; ont d\u2019abord \u00e9t\u00e9 envahis par les Vikings, puis par les Normands, et enfin par une nouvelle vague de colons britanniques aux XVI\u1d49 et XVII\u1d49 si\u00e8cles pour soumettre les catholiques. Les Vikings et les Normands ont fini par s\u2019assimiler, mais une grande partie des descendants des planteurs britanniques ne l\u2019ont pas fait. Ceux qui ne l\u2019ont pas fait sont connus sous le nom d\u2019Ulster-Brits. Ce groupe d\u2019environ 800 000 personnes sont des Britanniques vivant en Ulster, ou plus pr\u00e9cis\u00e9ment dans les 6 comt\u00e9s d\u2019Ulster. Ils sont britanniques \u00e0 tous \u00e9gards : ethniquement, culturellement, et m\u00eame l\u00e9galement. Le fait qu\u2019ils vivent en Irlande ne les rend pas irlandais, de la m\u00eame mani\u00e8re que le fait de ne pas vivre en Grande-Bretagne ne les rend pas moins britanniques. En r\u00e9alit\u00e9, ils s\u2019attachent \u00e0 l\u2019identit\u00e9 britannique encore plus fortement que ceux qui vivent en Grande-Bretagne. Ce nationalisme exacerb\u00e9 est une tendance courante chez les colons qui se trouvent num\u00e9riquement minoritaires face aux autochtones. C\u2019est l\u2019id\u00e9ologie qui maintient leur position de supr\u00e9matie sur les natifs et qui \u00e9rige une barri\u00e8re solide contre l\u2019assimilation \u00e0 la culture autochtone.<\/span><\/p>\n<p style=\"text-align: justify;\"><strong><span style=\"font-family: arial, helvetica, sans-serif; font-size: 14pt;\">Le d\u00e9ni irlandais de l\u2019existence de l\u2019Ulster-Brit<\/span><\/strong><\/p>\n<p style=\"text-align: justify;\"><span style=\"font-family: arial, helvetica, sans-serif; font-size: 14pt;\">La reconnaissance qu\u2019il existe un peuple Ulster-Brit dans le nord-est de l\u2019Irlande est \u00e9vidente pour tout observateur ext\u00e9rieur impartial, mais pas pour le mouvement national irlandais institutionnel. Cette vid\u00e9o de Gerry Adams datant de 1982 illustre parfaitement cet \u00e9tat d\u2019esprit des nationalistes irlandais. <\/span><\/p>\n<p><iframe title=\"Gerry Adams - Panorama Interview [1982]\" width=\"500\" height=\"281\" src=\"https:\/\/www.youtube.com\/embed\/wqsfxs8qHu8?start=506&#038;feature=oembed\" frameborder=\"0\" allow=\"accelerometer; autoplay; clipboard-write; encrypted-media; gyroscope; picture-in-picture; web-share\" referrerpolicy=\"strict-origin-when-cross-origin\" allowfullscreen><\/iframe><\/p>\n<p style=\"text-align: justify;\"><span style=\"font-family: arial, helvetica, sans-serif; font-size: 14pt;\">Gerry Adams pr\u00e9sente les Ulster-Brits comme un groupe qui ne fait que d\u00e9fendre une \u00ab opinion politique \u00bb, au m\u00eame titre que les \u00e9lecteurs de Fianna F\u00e1il pourraient \u00eatre consid\u00e9r\u00e9s comme un groupe politique. L\u2019interviewer fait ensuite remarquer l\u2019\u00e9vidence : ils constituent un peuple diff\u00e9rent. Gerry Adams semble d\u00e9concert\u00e9 par cette affirmation et construit alors une r\u00e9alit\u00e9 imaginaire et contradictoire selon laquelle ils seraient \u00ab aussi opprim\u00e9s que nous \u00bb tout en n\u2019accordant leur all\u00e9geance \u00e0 la Grande-Bretagne que \u00ab tant que la couronne anglaise prot\u00e8ge l\u2019ascendance protestante \u00bb. L\u2019Ulster-Brit serait donc \u00e0 la fois opprim\u00e9 par l\u2019\u00c9tat britannique et b\u00e9n\u00e9ficiaire d\u2019une position d\u2019ascendance gr\u00e2ce \u00e0 cet \u00c9tat. Alors, laquelle des deux est-ce ? Ce d\u00e9ni ethnique de l\u2019Ulster-Brit est tr\u00e8s r\u00e9pandu tout au long de l\u2019histoire du mouvement national. Accepter que les Ulster-Brits existent en tant que peuple distinct sur notre \u00eele est connu sous le nom de \u00ab th\u00e9orie des deux nations \u00bb. John Redmond qualifiait cette th\u00e9orie d\u2019\u00ab abomination et de blasph\u00e8me \u00bb. Se\u00e1n Lemass la qualifiait d\u2019\u00ab absurde \u00bb. Tom\u00e1s Mac Giolla y voyait une capitulation face \u00e0 \u00ab l\u2019imp\u00e9rialisme britannique \u00bb. Seuls quelques penseurs nationalistes, comme Desmond Fennell, acceptent la r\u00e9alit\u00e9 de l\u2019Ulster-Brit. <\/span><\/p>\n<p style=\"text-align: justify;\"><strong><span style=\"font-family: arial, helvetica, sans-serif; font-size: 14pt;\">La formation de l\u2019identit\u00e9 Ulster-Brit<\/span><\/strong><\/p>\n<p style=\"text-align: justify;\"><span style=\"font-family: arial, helvetica, sans-serif; font-size: 14pt;\">L\u2019Ulster-Brit est le produit de ses racines historiques en Grande-Bretagne et des changements politiques survenus en Irlande au cours des 250 derni\u00e8res ann\u00e9es. Avant la partition, on pouvait arguer qu\u2019il existait trois peuples en Irlande : le Ga\u00ebl natif, l\u2019Anglo-Irlandais et l\u2019Ulster-Scot. Le Ga\u00ebl natif \u00e9tait majoritaire partout sauf dans le nord-est de l\u2019\u00eele et avait conserv\u00e9 sa foi catholique malgr\u00e9 des si\u00e8cles de pers\u00e9cution et d\u2019oppression britanniques. Les Anglo-Irlandais descendaient d\u2019Angleterre et formaient la caste sup\u00e9rieure de la soci\u00e9t\u00e9 irlandaise pendant des si\u00e8cles. Ils \u00e9taient dispers\u00e9s dans toute l\u2019Irlande car la richesse \u00e9tait li\u00e9e \u00e0 la terre, mais ils maintenaient une forte pr\u00e9sence dans la r\u00e9gion de Dublin en raison de son statut de centre du pouvoir politique en Irlande. Les Anglo-Irlandais suivaient un sch\u00e9ma colonial plus classique, comme en Afrique : une minorit\u00e9 dispers\u00e9e dans toutes les r\u00e9gions du pays et une identit\u00e9 mono-classe, exclusivement dans les hautes sph\u00e8res. \u00c0 l\u2019inverse, les Ulster-Scots suivaient le sch\u00e9ma colonial de peuplement observ\u00e9 en Australie ou en Am\u00e9rique du Nord : \u00e9viction ethnique des autochtones de la terre et majorit\u00e9 dans une r\u00e9gion donn\u00e9e. Gr\u00e2ce \u00e0 ce sch\u00e9ma, les Ulster-Scots occupaient des positions dans toutes les classes sociales, des agriculteurs et ouvriers industriels aux classes sup\u00e9rieures \u2014 bien que les Anglo-Irlandais occupaient de mani\u00e8re disproportionn\u00e9e les plus hautes sph\u00e8res. Les Ulster-Scots, comme leur nom l\u2019indique, descendaient d\u2019\u00c9cosse et s\u2019\u00e9taient install\u00e9s dans la r\u00e9gion d\u2019Ulster. Les Ulster-Scots et les Ga\u00ebls natifs furent un temps alli\u00e9s contre les Anglo-Irlandais lors de la r\u00e9bellion irlandaise de 1798. Les deux groupes \u00e9taient des citoyens de seconde zone face aux Anglo-Irlandais et cherchaient \u00e0 cr\u00e9er une alliance verte-orange pour renverser le bleu. Cette r\u00e9bellion \u00e9choua et l\u2019alliance ne fut jamais reform\u00e9e. Lorsque le mouvement national prit de l\u2019ampleur au XIXe si\u00e8cle, les Ulster-Scots, n\u2019\u00e9tant plus opprim\u00e9s par les Anglo-Irlandais, revinrent \u00e0 leurs loyaut\u00e9s ethniques britanniques. L\u2019\u00c9cossais comprit que l\u2019Anglais lui \u00e9tait plus proche que le Ga\u00ebl. Cette nouvelle alliance orange-bleue voulait maintenir l\u2019union avec la Grande-Bretagne pour toute l\u2019Irlande, mais dut finalement se contenter des 6 comt\u00e9s du nord-est. Ils pass\u00e8rent d\u2019unionistes irlandais \u00e0 unionistes d\u2019Ulster. Depuis la partition, les Anglo-Irlandais et les Ulster-Scots ont entam\u00e9 un lent processus d\u2019assimilation et de m\u00e9lange pour former un nouveau peuple que nous connaissons aujourd\u2019hui sous le nom d\u2019Ulster-Brit. Les anciennes distinctions entre ces deux groupes ethniques ont commenc\u00e9 \u00e0 s\u2019estomper, ne laissant que leurs all\u00e9geances religieuses \u00e0 l\u2019\u00c9glise anglicane ou presbyt\u00e9rienne comme vestige de leur lign\u00e9e. L\u2019ancienne direction anglo-irlandaise du peuple Ulster-Brit s\u2019est bien maintenue tout au long du XX\u1d49 si\u00e8cle. Quatre des six Premiers ministres d\u2019Irlande du Nord \u00e9taient issus de souche anglo-irlandaise, et les deux autres, James Craig et J. M. Andrews, \u00e9taient profond\u00e9ment anglicis\u00e9s. Tous deux, Craig et Andrews, avaient un accent distinctement anglo-irlandais.<\/span><\/p>\n<p style=\"text-align: justify;\"><strong><span style=\"font-family: arial, helvetica, sans-serif; font-size: 14pt;\">La politique de l\u2019Ulster-Brit<\/span><\/strong><\/p>\n<p style=\"text-align: justify;\"><span style=\"font-family: arial, helvetica, sans-serif; font-size: 14pt;\">La politique des Ulster-Brits, comme celle de tous les peuples, s\u2019\u00e9tend sur un spectre. Leur politique traditionnelle a tourn\u00e9 autour d\u2019un anticatholicisme farouche, d\u2019un triomphalisme envers la population native, d\u2019une supr\u00e9matie britannique, d\u2019un m\u00e9pris minimal pour les libert\u00e9s civiles appliqu\u00e9es aux natifs, et d\u2019une croyance in\u00e9branlable en l\u2019union avec la Grande-Bretagne. Les d\u00e9veloppements r\u00e9cents de cette culture supr\u00e9maciste pour s\u2019adapter aux circonstances contemporaines incluent des politiques comme le maintien du d\u00e9ni des droits linguistiques de la population native et leur tentative de bloquer le financement public des sports irlandais. Un sondage r\u00e9cent a demand\u00e9 aux Ulster-Brits si l\u2019installation de panneaux de rue en langue irlandaise dans leur quartier les rendrait plus ou moins enclins \u00e0 d\u00e9m\u00e9nager. Une majorit\u00e9 a r\u00e9pondu qu\u2019ils seraient plus enclins \u00e0 d\u00e9m\u00e9nager. Il s\u2019agit d\u2019un niveau extr\u00eame de x\u00e9nophobie totalement sans \u00e9quivalent ailleurs dans le monde europ\u00e9en. Aucun autre peuple colonisateur dans le monde europ\u00e9en \u00e9largi ne manifesterait un tel m\u00e9pris pour les cultures natives, aussi primitives soient-elles. M\u00eame dans notre culture actuelle d\u2019hyper-conscience de toutes les formes de haine raciale, qu\u2019elles soient r\u00e9elles ou imaginaires, l\u2019opinion raciste flagrante exprim\u00e9e par une majorit\u00e9 d\u2019Ulster-Brits \u00e0 l\u2019encontre du peuple irlandais natif passe compl\u00e8tement inaper\u00e7ue. L\u2019\u00e9tat de d\u00e9labrement du Casement Park est l\u2019un des exemples les plus clairs de l\u2019insistance des Ulster-Brits \u00e0 refuser que l\u2019\u00c9tat soutienne le sport pratiqu\u00e9 par les natifs. Ces exemples montrent que les Ulster-Brits s\u2019accrochent encore \u00e0 l\u2019ancienne strat\u00e9gie d\u2019opprimer les natifs pour maintenir l\u2019union. La strat\u00e9gie inverse \u2014 tendre la main aux Irlandais natifs, leur faire voir les avantages de l\u2019union en les traitant en \u00e9gaux et en r\u00e9parant les injustices du pass\u00e9 \u2014 est largement ignor\u00e9e. Une partie croissante de la population Ulster-Brit adopte une approche plus conciliante envers la population native, ce que l\u2019on observe dans la r\u00e9cente mont\u00e9e du parti Alliance. Leur part des voix est pass\u00e9e de 6,6 % en 2014 \u00e0 13,3 % en 2023. Le parti Alliance a \u00e9t\u00e9 fond\u00e9 par des Ulster-Brits en 1970 comme alternative \u00e0 la politique de supr\u00e9matie britannique typique des Ulster-Brits jusque-l\u00e0. Le spectre politique des Ulster-Brits va du parti lib\u00e9ral Alliance d\u2019un c\u00f4t\u00e9 aux partis supr\u00e9macistes de l\u2019Ulster Unionist Party, du Democratic Unionist Party et de la Traditional Unionist Voice de l\u2019autre \u2014 l\u2019UUP \u00e9tant le moins et le TUV le plus supr\u00e9maciste. <\/span><\/p>\n<p style=\"text-align: justify;\"><strong><span style=\"font-family: arial, helvetica, sans-serif; font-size: 14pt;\">L\u2019avenir de l\u2019Ulster-Brit<\/span><\/strong><\/p>\n<p style=\"text-align: justify;\"><span style=\"font-family: arial, helvetica, sans-serif; font-size: 14pt;\">Les Ulster-Brits continueront avec leur m\u00e9pris \u00e9troit et r\u00e9trograde pour tout ce qui est irlandais jusqu\u2019au jour o\u00f9 ils se r\u00e9veilleront dans une Irlande unifi\u00e9e. Ce jour-l\u00e0, ils esp\u00e9reront que les Irlandais ne les traiteront pas de la m\u00eame mani\u00e8re qu\u2019ils ont trait\u00e9 les Irlandais pendant les 800 derni\u00e8res ann\u00e9es. Les Irlandais ne les traiteront pas seulement en \u00e9gaux, mais ils se plieront probablement en quatre pour excuser leur pass\u00e9 de supr\u00e9matie et de terrorisme, et feront tout leur possible pour les promouvoir \u00e0 des postes de pouvoir. Ceux des Ulster-Brits qui ne pourront pas accepter que les natifs contr\u00f4lent \u00e0 nouveau leur pays fuiront vers leurs co-ethniques en Grande-Bretagne. Ceux qui resteront seront les lib\u00e9raux les plus enclins \u00e0 s\u2019assimiler \u00e0 la soci\u00e9t\u00e9 irlandaise. Un si\u00e8cle apr\u00e8s l\u2019unification, l\u2019Ulster-Brit en tant que groupe pourrait ne plus exister et sera absorb\u00e9 par le Ga\u00ebl, comme les Vikings et les Normands du pass\u00e9. <\/span><\/p>\n<p style=\"text-align: right;\"><strong><span style=\"font-family: arial, helvetica, sans-serif; font-size: 14pt;\">Cenn\u00e9tig<\/span><\/strong><\/p>\n<p style=\"text-align: right;\"><strong><a href=\"https:\/\/meonjournal.com\/read\/ulster-brit\"><span style=\"font-family: arial, helvetica, sans-serif; font-size: 14pt;\">Source : Meonjournal<\/span><\/a><\/strong><\/p>\n","protected":false},"excerpt":{"rendered":"<p>L\u2019Irlande a une histoire pluris\u00e9culaire d\u2019\u00eele multiethnique. Les Irlandais natifs &#8212; les Ga\u00ebls &#8212; ont d\u2019abord \u00e9t\u00e9 envahis par les Vikings, puis par les Normands, et enfin par une nouvelle vague de colons britanniques aux XVI\u1d49 et XVII\u1d49 si\u00e8cles pour soumettre les catholiques. Les Vikings et les Normands ont fini par s\u2019assimiler, mais une grande [&hellip;]<\/p>\n","protected":false},"author":1,"featured_media":5761,"comment_status":"open","ping_status":"open","sticky":false,"template":"","format":"standard","meta":{"sb_editor_width":"","footnotes":""},"categories":[75,65],"tags":[],"class_list":["post-5759","post","type-post","status-publish","format-standard","has-post-thumbnail","hentry","category-histoire","category-principale"],"relative_dates":{"created":"2 mois ago","modified":"2 mois ago"},"yoast_head":"<!-- This site is optimized with the Yoast SEO plugin v26.3 - https:\/\/yoast.com\/wordpress\/plugins\/seo\/ -->\n<title>Les Britanniques d&#039;Ulster - STOURM<\/title>\n<meta name=\"robots\" content=\"index, follow, max-snippet:-1, max-image-preview:large, max-video-preview:-1\" \/>\n<link rel=\"canonical\" href=\"https:\/\/stourm.news\/?p=5759\" \/>\n<meta property=\"og:locale\" content=\"fr_FR\" \/>\n<meta property=\"og:type\" content=\"article\" \/>\n<meta property=\"og:title\" content=\"Les Britanniques d&#039;Ulster - STOURM\" \/>\n<meta property=\"og:description\" content=\"L\u2019Irlande a une histoire pluris\u00e9culaire d\u2019\u00eele multiethnique. Les Irlandais natifs &#8212; les Ga\u00ebls &#8212; ont d\u2019abord \u00e9t\u00e9 envahis par les Vikings, puis par les Normands, et enfin par une nouvelle vague de colons britanniques aux XVI\u1d49 et XVII\u1d49 si\u00e8cles pour soumettre les catholiques. Les Vikings et les Normands ont fini par s\u2019assimiler, mais une grande [&hellip;]\" \/>\n<meta property=\"og:url\" content=\"https:\/\/stourm.news\/?p=5759\" \/>\n<meta property=\"og:site_name\" content=\"STOURM\" \/>\n<meta property=\"article:publisher\" content=\"https:\/\/www.facebook.com\/stourmnews\/\" \/>\n<meta property=\"article:published_time\" content=\"2026-03-07T07:23:25+00:00\" \/>\n<meta name=\"author\" content=\"La r\u00e9daction\" \/>\n<meta name=\"twitter:card\" content=\"summary_large_image\" \/>\n<meta name=\"twitter:label1\" content=\"\u00c9crit par\" \/>\n\t<meta name=\"twitter:data1\" content=\"La r\u00e9daction\" \/>\n\t<meta name=\"twitter:label2\" content=\"Dur\u00e9e de lecture estim\u00e9e\" \/>\n\t<meta name=\"twitter:data2\" content=\"8 minutes\" \/>\n<script type=\"application\/ld+json\" class=\"yoast-schema-graph\">{\"@context\":\"https:\/\/schema.org\",\"@graph\":[{\"@type\":\"Article\",\"@id\":\"https:\/\/stourm.news\/?p=5759#article\",\"isPartOf\":{\"@id\":\"https:\/\/stourm.news\/?p=5759\"},\"author\":{\"name\":\"La r\u00e9daction\",\"@id\":\"https:\/\/stourm.news\/#\/schema\/person\/c3e1dc65988632e190969234ef046cf9\"},\"headline\":\"Les Britanniques d&rsquo;Ulster\",\"datePublished\":\"2026-03-07T07:23:25+00:00\",\"mainEntityOfPage\":{\"@id\":\"https:\/\/stourm.news\/?p=5759\"},\"wordCount\":1653,\"commentCount\":0,\"publisher\":{\"@id\":\"https:\/\/stourm.news\/#organization\"},\"image\":{\"@id\":\"https:\/\/stourm.news\/?p=5759#primaryimage\"},\"thumbnailUrl\":\"https:\/\/stourm.news\/wp-content\/uploads\/2026\/03\/eec17993-88a3-4aac-a1f5-94c43e43e1311.webp\",\"articleSection\":[\"Histoire\",\"Principale\"],\"inLanguage\":\"fr-FR\",\"potentialAction\":[{\"@type\":\"CommentAction\",\"name\":\"Comment\",\"target\":[\"https:\/\/stourm.news\/?p=5759#respond\"]}]},{\"@type\":\"WebPage\",\"@id\":\"https:\/\/stourm.news\/?p=5759\",\"url\":\"https:\/\/stourm.news\/?p=5759\",\"name\":\"Les Britanniques d'Ulster - STOURM\",\"isPartOf\":{\"@id\":\"https:\/\/stourm.news\/#website\"},\"primaryImageOfPage\":{\"@id\":\"https:\/\/stourm.news\/?p=5759#primaryimage\"},\"image\":{\"@id\":\"https:\/\/stourm.news\/?p=5759#primaryimage\"},\"thumbnailUrl\":\"https:\/\/stourm.news\/wp-content\/uploads\/2026\/03\/eec17993-88a3-4aac-a1f5-94c43e43e1311.webp\",\"datePublished\":\"2026-03-07T07:23:25+00:00\",\"breadcrumb\":{\"@id\":\"https:\/\/stourm.news\/?p=5759#breadcrumb\"},\"inLanguage\":\"fr-FR\",\"potentialAction\":[{\"@type\":\"ReadAction\",\"target\":[\"https:\/\/stourm.news\/?p=5759\"]}]},{\"@type\":\"ImageObject\",\"inLanguage\":\"fr-FR\",\"@id\":\"https:\/\/stourm.news\/?p=5759#primaryimage\",\"url\":\"https:\/\/stourm.news\/wp-content\/uploads\/2026\/03\/eec17993-88a3-4aac-a1f5-94c43e43e1311.webp\",\"contentUrl\":\"https:\/\/stourm.news\/wp-content\/uploads\/2026\/03\/eec17993-88a3-4aac-a1f5-94c43e43e1311.webp\",\"width\":1116,\"height\":756},{\"@type\":\"BreadcrumbList\",\"@id\":\"https:\/\/stourm.news\/?p=5759#breadcrumb\",\"itemListElement\":[{\"@type\":\"ListItem\",\"position\":1,\"name\":\"Accueil\",\"item\":\"https:\/\/stourm.news\/\"},{\"@type\":\"ListItem\",\"position\":2,\"name\":\"Les Britanniques d&rsquo;Ulster\"}]},{\"@type\":\"WebSite\",\"@id\":\"https:\/\/stourm.news\/#website\",\"url\":\"https:\/\/stourm.news\/\",\"name\":\"Stourm\",\"description\":\"Kazetenn Strollad Broadel Breizh\",\"publisher\":{\"@id\":\"https:\/\/stourm.news\/#organization\"},\"potentialAction\":[{\"@type\":\"SearchAction\",\"target\":{\"@type\":\"EntryPoint\",\"urlTemplate\":\"https:\/\/stourm.news\/?s={search_term_string}\"},\"query-input\":{\"@type\":\"PropertyValueSpecification\",\"valueRequired\":true,\"valueName\":\"search_term_string\"}}],\"inLanguage\":\"fr-FR\"},{\"@type\":\"Organization\",\"@id\":\"https:\/\/stourm.news\/#organization\",\"name\":\"Stourm\",\"url\":\"https:\/\/stourm.news\/\",\"logo\":{\"@type\":\"ImageObject\",\"inLanguage\":\"fr-FR\",\"@id\":\"https:\/\/stourm.news\/#\/schema\/logo\/image\/\",\"url\":\"https:\/\/stourm.news\/wp-content\/uploads\/2025\/11\/cropped-Capture-decran-2025-11-28-a-15.19.07.png\",\"contentUrl\":\"https:\/\/stourm.news\/wp-content\/uploads\/2025\/11\/cropped-Capture-decran-2025-11-28-a-15.19.07.png\",\"width\":1855,\"height\":383,\"caption\":\"Stourm\"},\"image\":{\"@id\":\"https:\/\/stourm.news\/#\/schema\/logo\/image\/\"},\"sameAs\":[\"https:\/\/www.facebook.com\/stourmnews\/\"]},{\"@type\":\"Person\",\"@id\":\"https:\/\/stourm.news\/#\/schema\/person\/c3e1dc65988632e190969234ef046cf9\",\"name\":\"La r\u00e9daction\",\"image\":{\"@type\":\"ImageObject\",\"inLanguage\":\"fr-FR\",\"@id\":\"https:\/\/stourm.news\/#\/schema\/person\/image\/\",\"url\":\"https:\/\/secure.gravatar.com\/avatar\/7463443f194b6b5fb706b074ca0ef59a0cfcfd720cb47764b0ec5a952ce422b3?s=96&d=mm&r=g\",\"contentUrl\":\"https:\/\/secure.gravatar.com\/avatar\/7463443f194b6b5fb706b074ca0ef59a0cfcfd720cb47764b0ec5a952ce422b3?s=96&d=mm&r=g\",\"caption\":\"La r\u00e9daction\"},\"sameAs\":[\"https:\/\/stourm.news\"],\"url\":\"https:\/\/stourm.news\/?author=1\"}]}<\/script>\n<!-- \/ Yoast SEO plugin. -->","yoast_head_json":{"title":"Les Britanniques d'Ulster - STOURM","robots":{"index":"index","follow":"follow","max-snippet":"max-snippet:-1","max-image-preview":"max-image-preview:large","max-video-preview":"max-video-preview:-1"},"canonical":"https:\/\/stourm.news\/?p=5759","og_locale":"fr_FR","og_type":"article","og_title":"Les Britanniques d'Ulster - STOURM","og_description":"L\u2019Irlande a une histoire pluris\u00e9culaire d\u2019\u00eele multiethnique. Les Irlandais natifs &#8212; les Ga\u00ebls &#8212; ont d\u2019abord \u00e9t\u00e9 envahis par les Vikings, puis par les Normands, et enfin par une nouvelle vague de colons britanniques aux XVI\u1d49 et XVII\u1d49 si\u00e8cles pour soumettre les catholiques. Les Vikings et les Normands ont fini par s\u2019assimiler, mais une grande [&hellip;]","og_url":"https:\/\/stourm.news\/?p=5759","og_site_name":"STOURM","article_publisher":"https:\/\/www.facebook.com\/stourmnews\/","article_published_time":"2026-03-07T07:23:25+00:00","author":"La r\u00e9daction","twitter_card":"summary_large_image","twitter_misc":{"\u00c9crit par":"La r\u00e9daction","Dur\u00e9e de lecture estim\u00e9e":"8 minutes"},"schema":{"@context":"https:\/\/schema.org","@graph":[{"@type":"Article","@id":"https:\/\/stourm.news\/?p=5759#article","isPartOf":{"@id":"https:\/\/stourm.news\/?p=5759"},"author":{"name":"La r\u00e9daction","@id":"https:\/\/stourm.news\/#\/schema\/person\/c3e1dc65988632e190969234ef046cf9"},"headline":"Les Britanniques d&rsquo;Ulster","datePublished":"2026-03-07T07:23:25+00:00","mainEntityOfPage":{"@id":"https:\/\/stourm.news\/?p=5759"},"wordCount":1653,"commentCount":0,"publisher":{"@id":"https:\/\/stourm.news\/#organization"},"image":{"@id":"https:\/\/stourm.news\/?p=5759#primaryimage"},"thumbnailUrl":"https:\/\/stourm.news\/wp-content\/uploads\/2026\/03\/eec17993-88a3-4aac-a1f5-94c43e43e1311.webp","articleSection":["Histoire","Principale"],"inLanguage":"fr-FR","potentialAction":[{"@type":"CommentAction","name":"Comment","target":["https:\/\/stourm.news\/?p=5759#respond"]}]},{"@type":"WebPage","@id":"https:\/\/stourm.news\/?p=5759","url":"https:\/\/stourm.news\/?p=5759","name":"Les Britanniques d'Ulster - STOURM","isPartOf":{"@id":"https:\/\/stourm.news\/#website"},"primaryImageOfPage":{"@id":"https:\/\/stourm.news\/?p=5759#primaryimage"},"image":{"@id":"https:\/\/stourm.news\/?p=5759#primaryimage"},"thumbnailUrl":"https:\/\/stourm.news\/wp-content\/uploads\/2026\/03\/eec17993-88a3-4aac-a1f5-94c43e43e1311.webp","datePublished":"2026-03-07T07:23:25+00:00","breadcrumb":{"@id":"https:\/\/stourm.news\/?p=5759#breadcrumb"},"inLanguage":"fr-FR","potentialAction":[{"@type":"ReadAction","target":["https:\/\/stourm.news\/?p=5759"]}]},{"@type":"ImageObject","inLanguage":"fr-FR","@id":"https:\/\/stourm.news\/?p=5759#primaryimage","url":"https:\/\/stourm.news\/wp-content\/uploads\/2026\/03\/eec17993-88a3-4aac-a1f5-94c43e43e1311.webp","contentUrl":"https:\/\/stourm.news\/wp-content\/uploads\/2026\/03\/eec17993-88a3-4aac-a1f5-94c43e43e1311.webp","width":1116,"height":756},{"@type":"BreadcrumbList","@id":"https:\/\/stourm.news\/?p=5759#breadcrumb","itemListElement":[{"@type":"ListItem","position":1,"name":"Accueil","item":"https:\/\/stourm.news\/"},{"@type":"ListItem","position":2,"name":"Les Britanniques d&rsquo;Ulster"}]},{"@type":"WebSite","@id":"https:\/\/stourm.news\/#website","url":"https:\/\/stourm.news\/","name":"Stourm","description":"Kazetenn Strollad Broadel Breizh","publisher":{"@id":"https:\/\/stourm.news\/#organization"},"potentialAction":[{"@type":"SearchAction","target":{"@type":"EntryPoint","urlTemplate":"https:\/\/stourm.news\/?s={search_term_string}"},"query-input":{"@type":"PropertyValueSpecification","valueRequired":true,"valueName":"search_term_string"}}],"inLanguage":"fr-FR"},{"@type":"Organization","@id":"https:\/\/stourm.news\/#organization","name":"Stourm","url":"https:\/\/stourm.news\/","logo":{"@type":"ImageObject","inLanguage":"fr-FR","@id":"https:\/\/stourm.news\/#\/schema\/logo\/image\/","url":"https:\/\/stourm.news\/wp-content\/uploads\/2025\/11\/cropped-Capture-decran-2025-11-28-a-15.19.07.png","contentUrl":"https:\/\/stourm.news\/wp-content\/uploads\/2025\/11\/cropped-Capture-decran-2025-11-28-a-15.19.07.png","width":1855,"height":383,"caption":"Stourm"},"image":{"@id":"https:\/\/stourm.news\/#\/schema\/logo\/image\/"},"sameAs":["https:\/\/www.facebook.com\/stourmnews\/"]},{"@type":"Person","@id":"https:\/\/stourm.news\/#\/schema\/person\/c3e1dc65988632e190969234ef046cf9","name":"La r\u00e9daction","image":{"@type":"ImageObject","inLanguage":"fr-FR","@id":"https:\/\/stourm.news\/#\/schema\/person\/image\/","url":"https:\/\/secure.gravatar.com\/avatar\/7463443f194b6b5fb706b074ca0ef59a0cfcfd720cb47764b0ec5a952ce422b3?s=96&d=mm&r=g","contentUrl":"https:\/\/secure.gravatar.com\/avatar\/7463443f194b6b5fb706b074ca0ef59a0cfcfd720cb47764b0ec5a952ce422b3?s=96&d=mm&r=g","caption":"La r\u00e9daction"},"sameAs":["https:\/\/stourm.news"],"url":"https:\/\/stourm.news\/?author=1"}]}},"_links":{"self":[{"href":"https:\/\/stourm.news\/index.php?rest_route=\/wp\/v2\/posts\/5759","targetHints":{"allow":["GET"]}}],"collection":[{"href":"https:\/\/stourm.news\/index.php?rest_route=\/wp\/v2\/posts"}],"about":[{"href":"https:\/\/stourm.news\/index.php?rest_route=\/wp\/v2\/types\/post"}],"author":[{"embeddable":true,"href":"https:\/\/stourm.news\/index.php?rest_route=\/wp\/v2\/users\/1"}],"replies":[{"embeddable":true,"href":"https:\/\/stourm.news\/index.php?rest_route=%2Fwp%2Fv2%2Fcomments&post=5759"}],"version-history":[{"count":1,"href":"https:\/\/stourm.news\/index.php?rest_route=\/wp\/v2\/posts\/5759\/revisions"}],"predecessor-version":[{"id":5762,"href":"https:\/\/stourm.news\/index.php?rest_route=\/wp\/v2\/posts\/5759\/revisions\/5762"}],"wp:featuredmedia":[{"embeddable":true,"href":"https:\/\/stourm.news\/index.php?rest_route=\/wp\/v2\/media\/5761"}],"wp:attachment":[{"href":"https:\/\/stourm.news\/index.php?rest_route=%2Fwp%2Fv2%2Fmedia&parent=5759"}],"wp:term":[{"taxonomy":"category","embeddable":true,"href":"https:\/\/stourm.news\/index.php?rest_route=%2Fwp%2Fv2%2Fcategories&post=5759"},{"taxonomy":"post_tag","embeddable":true,"href":"https:\/\/stourm.news\/index.php?rest_route=%2Fwp%2Fv2%2Ftags&post=5759"}],"curies":[{"name":"wp","href":"https:\/\/api.w.org\/{rel}","templated":true}]}}