{"id":6093,"date":"2026-04-26T07:14:55","date_gmt":"2026-04-26T07:14:55","guid":{"rendered":"https:\/\/stourm.news\/?p=6093"},"modified":"2026-04-26T07:14:55","modified_gmt":"2026-04-26T07:14:55","slug":"26-avril-1379-formation-a-rennes-de-la-ligue-pour-lindependance-de-la-bretagne","status":"publish","type":"post","link":"https:\/\/stourm.news\/?p=6093","title":{"rendered":"26 avril 1379 : formation \u00e0 Rennes de la ligue pour l&rsquo;ind\u00e9pendance de la Bretagne"},"content":{"rendered":"<p style=\"text-align: justify;\"><span style=\"font-family: arial, helvetica, sans-serif; font-size: 14pt;\">Au printemps 1379, la Bretagne vit l\u2019un des \u00e9pisodes les plus embl\u00e9matiques de sa longue lutte pour son ind\u00e9pendance. Le duch\u00e9, sorti \u00e9puis\u00e9 de la Guerre de Succession (1341-1365) et du trait\u00e9 de Gu\u00e9rande (1365), se retrouve au c\u0153ur de la Guerre de Cent Ans. Jean IV de Montfort, duc depuis 1365, a fui en Angleterre en 1373 apr\u00e8s un coup d&rsquo;\u00e9tat foment\u00e9 par le roi Charles V. Le monarque fran\u00e7ais, profitant de l\u2019absence du duc, confisque le duch\u00e9 en d\u00e9cembre 1378 et le place sous administration directe du duc d\u2019Anjou. Une occupation militaire fran\u00e7aise s\u2019installe. Cette annexion brutale, per\u00e7ue comme une atteinte aux libert\u00e9s bretonnes, provoque un sursaut unanime de la nation.<\/span><\/p>\n<p style=\"text-align: justify;\"><span style=\"font-family: arial, helvetica, sans-serif; font-size: 14pt;\">Les 26 et 27 avril 1379, \u00e0 Rennes, une assembl\u00e9e exceptionnelle r\u00e9unit une quarantaine \u00e0 une soixantaine de barons et chevaliers. Ils signent un acte de conf\u00e9d\u00e9ration, \u00e9galement appel\u00e9 \u00ab Ligue de la noblesse \u00bb ou \u00ab Association contre l\u2019annexion \u00bb. Cet acte solennel engage les participants par serment mutuel \u00e0 d\u00e9fendre le droit ducal et l\u2019ind\u00e9pendance du duch\u00e9. <\/span><\/p>\n<p style=\"text-align: justify;\"><strong><span style=\"font-family: arial, helvetica, sans-serif; font-size: 14pt;\">Nombre et profil g\u00e9n\u00e9ral des ligueurs<\/span><\/strong><\/p>\n<p style=\"text-align: justify;\"><span style=\"font-family: arial, helvetica, sans-serif; font-size: 14pt;\">Les historiens estiment qu\u2019environ 66 ligueurs (barons, chevaliers bannerets et seigneurs) sont connus par les documents et chroniques.<\/span><\/p>\n<p style=\"text-align: justify;\"><span style=\"font-family: arial, helvetica, sans-serif; font-size: 14pt;\">Un chiffre cl\u00e9 : 34 d\u2019entre eux avaient servi sous les ordres de Bertrand du Guesclin lors des campagnes pr\u00e9c\u00e9dentes (notamment pendant la Guerre de Succession ou dans les guerres contre les Anglais). <\/span><span style=\"font-family: arial, helvetica, sans-serif; font-size: 14pt;\">Tous (ou presque) \u00e9taient des vassaux directs de Jeanne de Penthi\u00e8vre. Cela montre le caract\u00e8re national de la ligue : anciens penthi\u00e8vristes (partisans de Charles de Blois) et montfortistes s\u2019unissent contre l\u2019annexion fran\u00e7aise.<\/span><\/p>\n<p style=\"text-align: justify;\"><strong><span style=\"font-family: arial, helvetica, sans-serif; font-size: 14pt;\">Figures principales et signataires notables<\/span><\/strong><\/p>\n<p style=\"text-align: justify;\"><span style=\"font-family: arial, helvetica, sans-serif; font-size: 14pt;\">Jeanne de Penthi\u00e8vre elle-m\u00eame : elle soutient activement la ligue, m\u00eame si elle n\u2019est pas une \u00ab signataire \u00bb au sens strict (en tant que duchesse). Son ralliement est d\u00e9cisif et symbolique. Son fils Henri participe \u00e9galement.<\/span><\/p>\n<p style=\"text-align: justify;\"><span style=\"font-family: arial, helvetica, sans-serif; font-size: 14pt;\">Jean Ier de Rohan (vicomte de Rohan) : l\u2019une des plus hautes figures de la noblesse bretonne, souvent cit\u00e9 en t\u00eate des barons.<\/span><\/p>\n<p style=\"text-align: justify;\"><span style=\"font-family: arial, helvetica, sans-serif; font-size: 14pt;\">Le sire de Beaumanoir (famille de Beaumanoir) : figure embl\u00e9matique, mentionn\u00e9e dans de nombreuses sources.<\/span><\/p>\n<p style=\"text-align: justify;\"><span style=\"font-family: arial, helvetica, sans-serif; font-size: 14pt;\">Olivier V de Montauban : seigneur de Montauban, La Gacilly, etc. Il signe explicitement l\u2019acte d\u2019association le 25 ou 26 ao\u00fbt 1379 (selon les variantes chronologiques). Il avait combattu aux c\u00f4t\u00e9s de Du Guesclin.<\/span><\/p>\n<p style=\"text-align: justify;\"><span style=\"font-family: arial, helvetica, sans-serif; font-size: 14pt;\">Autres seigneurs cit\u00e9s dans les assembl\u00e9es li\u00e9es \u00e0 la ligue (ao\u00fbt 1379 \u00e0 Dinan, par exemple) : les sires de Montfort, de Malestroit, de Co\u00ebtmeur, du Ch\u00e2tel, de Rostrenen, de Pont-l\u2019Abb\u00e9, etc.<\/span><\/p>\n<p style=\"text-align: justify;\"><span style=\"font-family: arial, helvetica, sans-serif; font-size: 14pt;\">La ligue nomme un gouvernement provisoire. <\/span><span style=\"font-family: arial, helvetica, sans-serif; font-size: 14pt;\">Quatre mar\u00e9chaux (chefs militaires) : Amaury de Fontenay, \u00c9tienne Gouyon (ou Goyon), Eustache de La Houssaie, Geoffroy de K\u00e9rimel. Ils sont charg\u00e9s d\u2019organiser la d\u00e9fense et la r\u00e9sistance. <\/span><span style=\"font-family: arial, helvetica, sans-serif; font-size: 14pt;\">Des responsables civils compl\u00e8tent ce coll\u00e8ge.<\/span><\/p>\n<p style=\"text-align: justify;\"><span style=\"font-family: arial, helvetica, sans-serif; font-size: 14pt;\">Une taxe d\u2019un franc par foyer est lev\u00e9e pour financer l\u2019effort du gouvernement d&rsquo;union nationale.<\/span><\/p>\n<p style=\"text-align: justify;\"><strong><span style=\"font-family: arial, helvetica, sans-serif; font-size: 14pt;\">Union nationale<\/span><\/strong><\/p>\n<p style=\"text-align: justify;\"><span style=\"font-family: arial, helvetica, sans-serif; font-size: 14pt;\">La plupart appartiennent \u00e0 la haute et moyenne noblesse bretonne (bannerets et chevaliers). Beaucoup poss\u00e8dent des terres dans l\u2019ouest et le centre de la Bretagne. Leur engagement commun refl\u00e8te un attachement profond aux libert\u00e9s de la Bretagne : coutumes, lois propres, ind\u00e9pendance par rapport \u00e0 la couronne fran\u00e7aise. L\u2019annexion brutale par Charles V (d\u00e9cembre 1378) et l\u2019administration du duc d\u2019Anjou ont \u00e9t\u00e9 ressenties comme une spoliation collective, touchant autant les anciens partisans de Jeanne que ceux de Jean IV. Bertrand du Guesclin, bien que serviteur du roi de France, ne s\u2019oppose pas frontalement \u00e0 la ligue, faute de soutien politique. Il refuse de combattre ses amis et reste en retrait, ce qui t\u00e9moigne de la l\u00e9gitimit\u00e9 du mouvement m\u00eame parmi les proches du pouvoir royal.<\/span><\/p>\n<p style=\"text-align: justify;\"><span style=\"font-family: arial, helvetica, sans-serif; font-size: 14pt;\">Le gouvernement breton d\u00e9cide imm\u00e9diatement de rappeler Jean IV d\u2019exil et envoient une ambassade \u00e0 Londres.\u00a0<\/span><span style=\"font-family: arial, helvetica, sans-serif; font-size: 14pt;\">Jean IV, d\u2019abord prudent, accepte l\u2019invitation apr\u00e8s une seconde ambassade. Le 3 ao\u00fbt 1379, il d\u00e9barque triomphalement \u00e0 Dinard (ou Saint-Servan, pr\u00e8s de Saint-Malo encore tenu par les Fran\u00e7ais). Une foule enthousiaste l\u2019acclame. En quelques semaines, le duch\u00e9 est repris sans bataille. Une tr\u00eave est sign\u00e9e entre la Bretagne et la France en octobre. Le second trait\u00e9 de Gu\u00e9rande (1380) r\u00e9tablira officiellement Jean IV tout en confirmant l&rsquo;ind\u00e9pendance bretonne. Cet \u00e9pisode, souvent m\u00e9connu hors de Bretagne, illustre parfaitement la force de l\u2019identit\u00e9 ducale au XIVe si\u00e8cle. <\/span><\/p>\n<p style=\"text-align: right;\"><strong><span style=\"font-family: arial, helvetica, sans-serif; font-size: 14pt;\">Olier Kerdrel<\/span><\/strong><\/p>\n","protected":false},"excerpt":{"rendered":"<p>Au printemps 1379, la Bretagne vit l\u2019un des \u00e9pisodes les plus embl\u00e9matiques de sa longue lutte pour son ind\u00e9pendance. Le duch\u00e9, sorti \u00e9puis\u00e9 de la Guerre de Succession (1341-1365) et du trait\u00e9 de Gu\u00e9rande (1365), se retrouve au c\u0153ur de la Guerre de Cent Ans. Jean IV de Montfort, duc depuis 1365, a fui en [&hellip;]<\/p>\n","protected":false},"author":1,"featured_media":6094,"comment_status":"open","ping_status":"open","sticky":false,"template":"","format":"standard","meta":{"sb_editor_width":"","footnotes":""},"categories":[50,65],"tags":[],"class_list":["post-6093","post","type-post","status-publish","format-standard","has-post-thumbnail","hentry","category-histoire-de-bretagne","category-principale"],"relative_dates":{"created":"3 heures ago","modified":"3 heures ago"},"yoast_head":"<!-- This site is optimized with the Yoast SEO plugin v26.3 - https:\/\/yoast.com\/wordpress\/plugins\/seo\/ -->\n<title>26 avril 1379 : formation \u00e0 Rennes de la ligue pour l&#039;ind\u00e9pendance de la Bretagne - STOURM<\/title>\n<meta name=\"robots\" content=\"index, follow, max-snippet:-1, max-image-preview:large, max-video-preview:-1\" \/>\n<link rel=\"canonical\" href=\"https:\/\/stourm.news\/?p=6093\" \/>\n<meta property=\"og:locale\" content=\"fr_FR\" \/>\n<meta property=\"og:type\" content=\"article\" \/>\n<meta property=\"og:title\" content=\"26 avril 1379 : formation \u00e0 Rennes de la ligue pour l&#039;ind\u00e9pendance de la Bretagne - STOURM\" \/>\n<meta property=\"og:description\" content=\"Au printemps 1379, la Bretagne vit l\u2019un des \u00e9pisodes les plus embl\u00e9matiques de sa longue lutte pour son ind\u00e9pendance. Le duch\u00e9, sorti \u00e9puis\u00e9 de la Guerre de Succession (1341-1365) et du trait\u00e9 de Gu\u00e9rande (1365), se retrouve au c\u0153ur de la Guerre de Cent Ans. Jean IV de Montfort, duc depuis 1365, a fui en [&hellip;]\" \/>\n<meta property=\"og:url\" content=\"https:\/\/stourm.news\/?p=6093\" \/>\n<meta property=\"og:site_name\" content=\"STOURM\" \/>\n<meta property=\"article:publisher\" content=\"https:\/\/www.facebook.com\/stourmnews\/\" \/>\n<meta property=\"article:published_time\" content=\"2026-04-26T07:14:55+00:00\" \/>\n<meta name=\"author\" content=\"La r\u00e9daction\" \/>\n<meta name=\"twitter:card\" content=\"summary_large_image\" \/>\n<meta name=\"twitter:label1\" content=\"\u00c9crit par\" \/>\n\t<meta name=\"twitter:data1\" content=\"La r\u00e9daction\" \/>\n\t<meta name=\"twitter:label2\" content=\"Dur\u00e9e de lecture estim\u00e9e\" \/>\n\t<meta name=\"twitter:data2\" content=\"4 minutes\" \/>\n<script type=\"application\/ld+json\" class=\"yoast-schema-graph\">{\"@context\":\"https:\/\/schema.org\",\"@graph\":[{\"@type\":\"Article\",\"@id\":\"https:\/\/stourm.news\/?p=6093#article\",\"isPartOf\":{\"@id\":\"https:\/\/stourm.news\/?p=6093\"},\"author\":{\"name\":\"La r\u00e9daction\",\"@id\":\"https:\/\/stourm.news\/#\/schema\/person\/c3e1dc65988632e190969234ef046cf9\"},\"headline\":\"26 avril 1379 : formation \u00e0 Rennes de la ligue pour l&rsquo;ind\u00e9pendance de la Bretagne\",\"datePublished\":\"2026-04-26T07:14:55+00:00\",\"mainEntityOfPage\":{\"@id\":\"https:\/\/stourm.news\/?p=6093\"},\"wordCount\":766,\"commentCount\":0,\"publisher\":{\"@id\":\"https:\/\/stourm.news\/#organization\"},\"image\":{\"@id\":\"https:\/\/stourm.news\/?p=6093#primaryimage\"},\"thumbnailUrl\":\"https:\/\/stourm.news\/wp-content\/uploads\/2026\/04\/lugh3437_medieval_knights_in_shining_armor_and_heraldic_surco_aba5046f-ad1e-43e1-9215-c3cf6c38a29d_2.png\",\"articleSection\":[\"Histoire de Bretagne\",\"Principale\"],\"inLanguage\":\"fr-FR\",\"potentialAction\":[{\"@type\":\"CommentAction\",\"name\":\"Comment\",\"target\":[\"https:\/\/stourm.news\/?p=6093#respond\"]}]},{\"@type\":\"WebPage\",\"@id\":\"https:\/\/stourm.news\/?p=6093\",\"url\":\"https:\/\/stourm.news\/?p=6093\",\"name\":\"26 avril 1379 : formation \u00e0 Rennes de la ligue pour l'ind\u00e9pendance de la Bretagne - STOURM\",\"isPartOf\":{\"@id\":\"https:\/\/stourm.news\/#website\"},\"primaryImageOfPage\":{\"@id\":\"https:\/\/stourm.news\/?p=6093#primaryimage\"},\"image\":{\"@id\":\"https:\/\/stourm.news\/?p=6093#primaryimage\"},\"thumbnailUrl\":\"https:\/\/stourm.news\/wp-content\/uploads\/2026\/04\/lugh3437_medieval_knights_in_shining_armor_and_heraldic_surco_aba5046f-ad1e-43e1-9215-c3cf6c38a29d_2.png\",\"datePublished\":\"2026-04-26T07:14:55+00:00\",\"breadcrumb\":{\"@id\":\"https:\/\/stourm.news\/?p=6093#breadcrumb\"},\"inLanguage\":\"fr-FR\",\"potentialAction\":[{\"@type\":\"ReadAction\",\"target\":[\"https:\/\/stourm.news\/?p=6093\"]}]},{\"@type\":\"ImageObject\",\"inLanguage\":\"fr-FR\",\"@id\":\"https:\/\/stourm.news\/?p=6093#primaryimage\",\"url\":\"https:\/\/stourm.news\/wp-content\/uploads\/2026\/04\/lugh3437_medieval_knights_in_shining_armor_and_heraldic_surco_aba5046f-ad1e-43e1-9215-c3cf6c38a29d_2.png\",\"contentUrl\":\"https:\/\/stourm.news\/wp-content\/uploads\/2026\/04\/lugh3437_medieval_knights_in_shining_armor_and_heraldic_surco_aba5046f-ad1e-43e1-9215-c3cf6c38a29d_2.png\",\"width\":1456,\"height\":816},{\"@type\":\"BreadcrumbList\",\"@id\":\"https:\/\/stourm.news\/?p=6093#breadcrumb\",\"itemListElement\":[{\"@type\":\"ListItem\",\"position\":1,\"name\":\"Accueil\",\"item\":\"https:\/\/stourm.news\/\"},{\"@type\":\"ListItem\",\"position\":2,\"name\":\"26 avril 1379 : formation \u00e0 Rennes de la ligue pour l&rsquo;ind\u00e9pendance de la Bretagne\"}]},{\"@type\":\"WebSite\",\"@id\":\"https:\/\/stourm.news\/#website\",\"url\":\"https:\/\/stourm.news\/\",\"name\":\"Stourm\",\"description\":\"Kazetenn Strollad Broadel Breizh\",\"publisher\":{\"@id\":\"https:\/\/stourm.news\/#organization\"},\"potentialAction\":[{\"@type\":\"SearchAction\",\"target\":{\"@type\":\"EntryPoint\",\"urlTemplate\":\"https:\/\/stourm.news\/?s={search_term_string}\"},\"query-input\":{\"@type\":\"PropertyValueSpecification\",\"valueRequired\":true,\"valueName\":\"search_term_string\"}}],\"inLanguage\":\"fr-FR\"},{\"@type\":\"Organization\",\"@id\":\"https:\/\/stourm.news\/#organization\",\"name\":\"Stourm\",\"url\":\"https:\/\/stourm.news\/\",\"logo\":{\"@type\":\"ImageObject\",\"inLanguage\":\"fr-FR\",\"@id\":\"https:\/\/stourm.news\/#\/schema\/logo\/image\/\",\"url\":\"https:\/\/stourm.news\/wp-content\/uploads\/2025\/11\/cropped-Capture-decran-2025-11-28-a-15.19.07.png\",\"contentUrl\":\"https:\/\/stourm.news\/wp-content\/uploads\/2025\/11\/cropped-Capture-decran-2025-11-28-a-15.19.07.png\",\"width\":1855,\"height\":383,\"caption\":\"Stourm\"},\"image\":{\"@id\":\"https:\/\/stourm.news\/#\/schema\/logo\/image\/\"},\"sameAs\":[\"https:\/\/www.facebook.com\/stourmnews\/\"]},{\"@type\":\"Person\",\"@id\":\"https:\/\/stourm.news\/#\/schema\/person\/c3e1dc65988632e190969234ef046cf9\",\"name\":\"La r\u00e9daction\",\"image\":{\"@type\":\"ImageObject\",\"inLanguage\":\"fr-FR\",\"@id\":\"https:\/\/stourm.news\/#\/schema\/person\/image\/\",\"url\":\"https:\/\/secure.gravatar.com\/avatar\/7463443f194b6b5fb706b074ca0ef59a0cfcfd720cb47764b0ec5a952ce422b3?s=96&d=mm&r=g\",\"contentUrl\":\"https:\/\/secure.gravatar.com\/avatar\/7463443f194b6b5fb706b074ca0ef59a0cfcfd720cb47764b0ec5a952ce422b3?s=96&d=mm&r=g\",\"caption\":\"La r\u00e9daction\"},\"sameAs\":[\"https:\/\/stourm.news\"],\"url\":\"https:\/\/stourm.news\/?author=1\"}]}<\/script>\n<!-- \/ Yoast SEO plugin. -->","yoast_head_json":{"title":"26 avril 1379 : formation \u00e0 Rennes de la ligue pour l'ind\u00e9pendance de la Bretagne - STOURM","robots":{"index":"index","follow":"follow","max-snippet":"max-snippet:-1","max-image-preview":"max-image-preview:large","max-video-preview":"max-video-preview:-1"},"canonical":"https:\/\/stourm.news\/?p=6093","og_locale":"fr_FR","og_type":"article","og_title":"26 avril 1379 : formation \u00e0 Rennes de la ligue pour l'ind\u00e9pendance de la Bretagne - STOURM","og_description":"Au printemps 1379, la Bretagne vit l\u2019un des \u00e9pisodes les plus embl\u00e9matiques de sa longue lutte pour son ind\u00e9pendance. Le duch\u00e9, sorti \u00e9puis\u00e9 de la Guerre de Succession (1341-1365) et du trait\u00e9 de Gu\u00e9rande (1365), se retrouve au c\u0153ur de la Guerre de Cent Ans. Jean IV de Montfort, duc depuis 1365, a fui en [&hellip;]","og_url":"https:\/\/stourm.news\/?p=6093","og_site_name":"STOURM","article_publisher":"https:\/\/www.facebook.com\/stourmnews\/","article_published_time":"2026-04-26T07:14:55+00:00","author":"La r\u00e9daction","twitter_card":"summary_large_image","twitter_misc":{"\u00c9crit par":"La r\u00e9daction","Dur\u00e9e de lecture estim\u00e9e":"4 minutes"},"schema":{"@context":"https:\/\/schema.org","@graph":[{"@type":"Article","@id":"https:\/\/stourm.news\/?p=6093#article","isPartOf":{"@id":"https:\/\/stourm.news\/?p=6093"},"author":{"name":"La r\u00e9daction","@id":"https:\/\/stourm.news\/#\/schema\/person\/c3e1dc65988632e190969234ef046cf9"},"headline":"26 avril 1379 : formation \u00e0 Rennes de la ligue pour l&rsquo;ind\u00e9pendance de la Bretagne","datePublished":"2026-04-26T07:14:55+00:00","mainEntityOfPage":{"@id":"https:\/\/stourm.news\/?p=6093"},"wordCount":766,"commentCount":0,"publisher":{"@id":"https:\/\/stourm.news\/#organization"},"image":{"@id":"https:\/\/stourm.news\/?p=6093#primaryimage"},"thumbnailUrl":"https:\/\/stourm.news\/wp-content\/uploads\/2026\/04\/lugh3437_medieval_knights_in_shining_armor_and_heraldic_surco_aba5046f-ad1e-43e1-9215-c3cf6c38a29d_2.png","articleSection":["Histoire de Bretagne","Principale"],"inLanguage":"fr-FR","potentialAction":[{"@type":"CommentAction","name":"Comment","target":["https:\/\/stourm.news\/?p=6093#respond"]}]},{"@type":"WebPage","@id":"https:\/\/stourm.news\/?p=6093","url":"https:\/\/stourm.news\/?p=6093","name":"26 avril 1379 : formation \u00e0 Rennes de la ligue pour l'ind\u00e9pendance de la Bretagne - STOURM","isPartOf":{"@id":"https:\/\/stourm.news\/#website"},"primaryImageOfPage":{"@id":"https:\/\/stourm.news\/?p=6093#primaryimage"},"image":{"@id":"https:\/\/stourm.news\/?p=6093#primaryimage"},"thumbnailUrl":"https:\/\/stourm.news\/wp-content\/uploads\/2026\/04\/lugh3437_medieval_knights_in_shining_armor_and_heraldic_surco_aba5046f-ad1e-43e1-9215-c3cf6c38a29d_2.png","datePublished":"2026-04-26T07:14:55+00:00","breadcrumb":{"@id":"https:\/\/stourm.news\/?p=6093#breadcrumb"},"inLanguage":"fr-FR","potentialAction":[{"@type":"ReadAction","target":["https:\/\/stourm.news\/?p=6093"]}]},{"@type":"ImageObject","inLanguage":"fr-FR","@id":"https:\/\/stourm.news\/?p=6093#primaryimage","url":"https:\/\/stourm.news\/wp-content\/uploads\/2026\/04\/lugh3437_medieval_knights_in_shining_armor_and_heraldic_surco_aba5046f-ad1e-43e1-9215-c3cf6c38a29d_2.png","contentUrl":"https:\/\/stourm.news\/wp-content\/uploads\/2026\/04\/lugh3437_medieval_knights_in_shining_armor_and_heraldic_surco_aba5046f-ad1e-43e1-9215-c3cf6c38a29d_2.png","width":1456,"height":816},{"@type":"BreadcrumbList","@id":"https:\/\/stourm.news\/?p=6093#breadcrumb","itemListElement":[{"@type":"ListItem","position":1,"name":"Accueil","item":"https:\/\/stourm.news\/"},{"@type":"ListItem","position":2,"name":"26 avril 1379 : formation \u00e0 Rennes de la ligue pour l&rsquo;ind\u00e9pendance de la Bretagne"}]},{"@type":"WebSite","@id":"https:\/\/stourm.news\/#website","url":"https:\/\/stourm.news\/","name":"Stourm","description":"Kazetenn Strollad Broadel Breizh","publisher":{"@id":"https:\/\/stourm.news\/#organization"},"potentialAction":[{"@type":"SearchAction","target":{"@type":"EntryPoint","urlTemplate":"https:\/\/stourm.news\/?s={search_term_string}"},"query-input":{"@type":"PropertyValueSpecification","valueRequired":true,"valueName":"search_term_string"}}],"inLanguage":"fr-FR"},{"@type":"Organization","@id":"https:\/\/stourm.news\/#organization","name":"Stourm","url":"https:\/\/stourm.news\/","logo":{"@type":"ImageObject","inLanguage":"fr-FR","@id":"https:\/\/stourm.news\/#\/schema\/logo\/image\/","url":"https:\/\/stourm.news\/wp-content\/uploads\/2025\/11\/cropped-Capture-decran-2025-11-28-a-15.19.07.png","contentUrl":"https:\/\/stourm.news\/wp-content\/uploads\/2025\/11\/cropped-Capture-decran-2025-11-28-a-15.19.07.png","width":1855,"height":383,"caption":"Stourm"},"image":{"@id":"https:\/\/stourm.news\/#\/schema\/logo\/image\/"},"sameAs":["https:\/\/www.facebook.com\/stourmnews\/"]},{"@type":"Person","@id":"https:\/\/stourm.news\/#\/schema\/person\/c3e1dc65988632e190969234ef046cf9","name":"La r\u00e9daction","image":{"@type":"ImageObject","inLanguage":"fr-FR","@id":"https:\/\/stourm.news\/#\/schema\/person\/image\/","url":"https:\/\/secure.gravatar.com\/avatar\/7463443f194b6b5fb706b074ca0ef59a0cfcfd720cb47764b0ec5a952ce422b3?s=96&d=mm&r=g","contentUrl":"https:\/\/secure.gravatar.com\/avatar\/7463443f194b6b5fb706b074ca0ef59a0cfcfd720cb47764b0ec5a952ce422b3?s=96&d=mm&r=g","caption":"La r\u00e9daction"},"sameAs":["https:\/\/stourm.news"],"url":"https:\/\/stourm.news\/?author=1"}]}},"_links":{"self":[{"href":"https:\/\/stourm.news\/index.php?rest_route=\/wp\/v2\/posts\/6093","targetHints":{"allow":["GET"]}}],"collection":[{"href":"https:\/\/stourm.news\/index.php?rest_route=\/wp\/v2\/posts"}],"about":[{"href":"https:\/\/stourm.news\/index.php?rest_route=\/wp\/v2\/types\/post"}],"author":[{"embeddable":true,"href":"https:\/\/stourm.news\/index.php?rest_route=\/wp\/v2\/users\/1"}],"replies":[{"embeddable":true,"href":"https:\/\/stourm.news\/index.php?rest_route=%2Fwp%2Fv2%2Fcomments&post=6093"}],"version-history":[{"count":1,"href":"https:\/\/stourm.news\/index.php?rest_route=\/wp\/v2\/posts\/6093\/revisions"}],"predecessor-version":[{"id":6095,"href":"https:\/\/stourm.news\/index.php?rest_route=\/wp\/v2\/posts\/6093\/revisions\/6095"}],"wp:featuredmedia":[{"embeddable":true,"href":"https:\/\/stourm.news\/index.php?rest_route=\/wp\/v2\/media\/6094"}],"wp:attachment":[{"href":"https:\/\/stourm.news\/index.php?rest_route=%2Fwp%2Fv2%2Fmedia&parent=6093"}],"wp:term":[{"taxonomy":"category","embeddable":true,"href":"https:\/\/stourm.news\/index.php?rest_route=%2Fwp%2Fv2%2Fcategories&post=6093"},{"taxonomy":"post_tag","embeddable":true,"href":"https:\/\/stourm.news\/index.php?rest_route=%2Fwp%2Fv2%2Ftags&post=6093"}],"curies":[{"name":"wp","href":"https:\/\/api.w.org\/{rel}","templated":true}]}}