{"id":6104,"date":"2026-04-30T07:29:24","date_gmt":"2026-04-30T07:29:24","guid":{"rendered":"https:\/\/stourm.news\/?p=6104"},"modified":"2026-04-30T07:29:24","modified_gmt":"2026-04-30T07:29:24","slug":"corse-mobilisation-des-ecoles-immersives-contre-les-attaque-de-letat-francais","status":"publish","type":"post","link":"https:\/\/stourm.news\/?p=6104","title":{"rendered":"Corse : mobilisation des \u00e9coles immersives contre les attaque de l&rsquo;\u00c9tat fran\u00e7ais"},"content":{"rendered":"<p style=\"text-align: justify;\"><span style=\"font-family: arial, helvetica, sans-serif; font-size: 14pt;\">L\u2019enseignement immersif en langue corse subit depuis des ann\u00e9es une v\u00e9ritable guerre d\u2019usure orchestr\u00e9e par l\u2019\u00c9tat fran\u00e7ais. Port\u00e9 par le r\u00e9seau Scola Corsa, \u00e9quivalent corse du r\u00e9seau Diwan, ce mod\u00e8le plonge les enfants d\u00e8s la maternelle dans un bain linguistique o\u00f9 le corse est la langue unique d\u2019enseignement et de vie quotidienne. Le fran\u00e7ais n\u2019est introduit que progressivement, \u00e0 partir du CE1. Cette m\u00e9thode, reconnue comme la plus efficace pour sauver les langues menac\u00e9es, fait pourtant l\u2019objet d\u2019une hostilit\u00e9 visc\u00e9rale des milieux fran\u00e7ais, qui y voient une menace intol\u00e9rable contre l&rsquo;unit\u00e9 de l&rsquo;Hexagone.<\/span><\/p>\n<p style=\"text-align: justify;\"><strong><span style=\"font-family: arial, helvetica, sans-serif; font-size: large;\">Une langue en p\u00e9ril face \u00e0 la francisation d&rsquo;\u00e9tat<\/span><\/strong><\/p>\n<p style=\"text-align: justify;\"><span style=\"font-family: arial, helvetica, sans-serif; font-size: 14pt;\">Le corse est class\u00e9 \u00ab en danger s\u00e9rieux \u00bb par l\u2019UNESCO. Sans immersion pr\u00e9coce et intensive, il est condamn\u00e9 \u00e0 dispara\u00eetre lentement, \u00e9touff\u00e9 par des d\u00e9cennies de francisation brutale. L\u2019\u00c9tat fran\u00e7ais multiplie les obstacles. Pour Paris, toute affirmation linguistique des nationalit\u00e9s qu&rsquo;il occupe et administre sent le \u00ab s\u00e9paratisme \u00bb. <\/span><span style=\"font-family: arial, helvetica, sans-serif; font-size: 14pt;\">En avril 2026, l\u2019ancien ministre de l&rsquo;\u00c9ducation fran\u00e7ais Jean-Michel Blanquer a lanc\u00e9 une charge particuli\u00e8rement odieuse. Sur X, il a qualifi\u00e9 les \u00e9coles immersives corses d\u2019\u00ab ill\u00e9gales et inconstitutionnelles \u00bb, les accusant d\u2019\u00eatre des \u00ab ferments de s\u00e9paratisme \u00bb au c\u0153ur du syst\u00e8me \u00e9ducatif. Pire, il a os\u00e9 inventer des histoires de \u00ab d\u00e9lation \u00bb entre enfants, o\u00f9 des \u00e9l\u00e8ves seraient charg\u00e9s de d\u00e9noncer ceux qui parleraient fran\u00e7ais en r\u00e9cr\u00e9ation. Ces propos ont provoqu\u00e9 un toll\u00e9 l\u00e9gitime en Corse. Ils r\u00e9v\u00e8lent le m\u00e9pris profond d\u2019une certaine \u00e9lite parisienne pour tout ce qui \u00e9chappe \u00e0 son contr\u00f4le culturel absolu. Ces attaques ne sont pas isol\u00e9es. Elles s\u2019inscrivent dans un syst\u00e8me h\u00e9rit\u00e9 de l&rsquo;imp\u00e9rialisme fran\u00e7ais qui refuse obstin\u00e9ment l\u2019id\u00e9e m\u00eame qu\u2019une langue autre que le fran\u00e7ais puisse structurer l\u2019\u00e9ducation d\u2019un enfant.<\/span><\/p>\n<blockquote class=\"twitter-tweet\">\n<p dir=\"ltr\" lang=\"fr\">Ce mercredi 29 avril, la mobilisation de soutien \u00e0 Scola corsa se poursuit dans les lyc\u00e9es de Corse. L&rsquo;existence du r\u00e9seau d&rsquo;\u00e9coles immersives en langue corse serait en effet \u00ab\u00a0menac\u00e9e \u00e0 court terme\u00a0\u00bb. La veille, des rassemblements ont eu lieu devant les deux pr\u00e9fectures de l&rsquo;\u00eele. <a href=\"https:\/\/t.co\/QbQHuQ52vn\">pic.twitter.com\/QbQHuQ52vn<\/a><\/p>\n<p>\u2014 France 3 Corse (@FTViaStella) <a href=\"https:\/\/twitter.com\/FTViaStella\/status\/2049512278483972206?ref_src=twsrc%5Etfw\">April 29, 2026<\/a><\/p><\/blockquote>\n<p><script async src=\"https:\/\/platform.twitter.com\/widgets.js\" charset=\"utf-8\"><\/script><\/p>\n<p style=\"text-align: justify;\"><strong><span style=\"font-family: arial, helvetica, sans-serif; font-size: 14pt;\">Sabotage juridique et financier<\/span><\/strong><\/p>\n<p style=\"text-align: justify;\"><span style=\"font-family: arial, helvetica, sans-serif; font-size: 14pt;\">La censure constitutionnelle de 2021 contre la loi Molac a \u00e9t\u00e9 un coup de poignard dans le dos des r\u00e9seaux immersifs. En d\u00e9clarant l\u2019immersion initiale contraire \u00e0 la Constitution, le Conseil constitutionnel a plong\u00e9 Scola Corsa et ses homologues dans une ins\u00e9curit\u00e9 juridique permanente. Aujourd\u2019hui, la situation est critique. La Collectivit\u00e9 de Corse, sous l\u2019impulsion de Gilles Simeoni, a vot\u00e9 \u00e0 l\u2019unanimit\u00e9 une subvention vitale de plus de 1,3 million d\u2019euros pour soutenir les cinq \u00e9coles du r\u00e9seau, qui accueillent environ 200 \u00e9l\u00e8ves et emploient 33 personnes. Le pr\u00e9fet a imm\u00e9diatement ripost\u00e9 en saisissant le tribunal administratif pour contester cette aide, mena\u00e7ant purement et simplement de couper les vivres \u00e0 l\u2019enseignement immersif associatif. Pr\u00e8s de 60 % du budget est en jeu. Sans contractualisation des 11 postes d\u2019enseignants r\u00e9clam\u00e9s, c\u2019est la survie m\u00eame de Scola Corsa qui est menac\u00e9e \u00e0 court terme. Face \u00e0 ce sabotage, les mobilisations se multiplient : blocages de lyc\u00e9es, rassemblements massifs devant les pr\u00e9fectures, motions de soutien unanimes. Le peuple corse refuse de se laisser d\u00e9pouiller de son droit l\u00e9gitime \u00e0 transmettre sa langue.<\/span><\/p>\n<p>&nbsp;<\/p>\n<p style=\"text-align: justify;\"><strong><span style=\"font-family: arial, helvetica, sans-serif; font-size: 14pt;\">L\u2019hypocrisie flagrante de la R\u00e9publique<\/span><\/strong><\/p>\n<p style=\"text-align: justify;\"><span style=\"font-family: arial, helvetica, sans-serif; font-size: 14pt;\">La France ne chante les m\u00e9rites de la diversit\u00e9 linguistique que pour la d\u00e9fense de sa langue d&rsquo;\u00e9tat face \u00e0 l&rsquo;anglais. Sur les territoires qu&rsquo;elle administre, elle sabote dans les faits la transmission des autres langues. Cette duplicit\u00e9 r\u00e9v\u00e8le une conception purement imp\u00e9rialiste de ce qu&rsquo;est une langue : un outil au service de son \u00c9tat. La situation de Diwan en Bretagne s\u2019inscrit dans les m\u00eames termes, avec la m\u00eame brutalit\u00e9 et la m\u00eame hypocrisie. Ce r\u00e9seau pionnier de l\u2019immersion en breton, n\u00e9 en 1977, endure depuis pr\u00e8s de cinquante ans les m\u00eames attaques perfides : refus syst\u00e9matique de contractualisation pleine, censures constitutionnelles, contr\u00f4les tatillons, accusations calomnieuses. Comme pour Scola Corsa, l\u2019\u00c9tat fran\u00e7ais alterne promesses creuses et coups de force administratifs, maintenant ces \u00e9coles dans une pr\u00e9carit\u00e9 asphyxiante malgr\u00e9 leurs r\u00e9sultats p\u00e9dagogiques exceptionnels. Dans les deux cas, ce n\u2019est pas seulement une m\u00e9thode \u00e9ducative qui est vis\u00e9e, mais bien les langues des nations de l&rsquo;Hexagone, cibl\u00e9e par la francisation d&rsquo;\u00e9tat. <\/span><\/p>\n<p style=\"text-align: right;\"><strong><span style=\"font-family: arial, helvetica, sans-serif; font-size: 14pt;\">Budig Gourmaelon<\/span><\/strong><\/p>\n","protected":false},"excerpt":{"rendered":"<p>L\u2019enseignement immersif en langue corse subit depuis des ann\u00e9es une v\u00e9ritable guerre d\u2019usure orchestr\u00e9e par l\u2019\u00c9tat fran\u00e7ais. Port\u00e9 par le r\u00e9seau Scola Corsa, \u00e9quivalent corse du r\u00e9seau Diwan, ce mod\u00e8le plonge les enfants d\u00e8s la maternelle dans un bain linguistique o\u00f9 le corse est la langue unique d\u2019enseignement et de vie quotidienne. Le fran\u00e7ais n\u2019est [&hellip;]<\/p>\n","protected":false},"author":1,"featured_media":6106,"comment_status":"open","ping_status":"open","sticky":false,"template":"","format":"standard","meta":{"sb_editor_width":"","footnotes":""},"categories":[66,48,65],"tags":[],"class_list":["post-6104","post","type-post","status-publish","format-standard","has-post-thumbnail","hentry","category-international","category-occupation-francaise","category-principale"],"relative_dates":{"created":"3 heures ago","modified":"3 heures ago"},"yoast_head":"<!-- This site is optimized with the Yoast SEO plugin v26.3 - https:\/\/yoast.com\/wordpress\/plugins\/seo\/ -->\n<title>Corse : mobilisation des \u00e9coles immersives contre les attaque de l&#039;\u00c9tat fran\u00e7ais - STOURM<\/title>\n<meta name=\"robots\" content=\"index, follow, max-snippet:-1, max-image-preview:large, max-video-preview:-1\" \/>\n<link rel=\"canonical\" href=\"https:\/\/stourm.news\/?p=6104\" \/>\n<meta property=\"og:locale\" content=\"fr_FR\" \/>\n<meta property=\"og:type\" content=\"article\" \/>\n<meta property=\"og:title\" content=\"Corse : mobilisation des \u00e9coles immersives contre les attaque de l&#039;\u00c9tat fran\u00e7ais - STOURM\" \/>\n<meta property=\"og:description\" content=\"L\u2019enseignement immersif en langue corse subit depuis des ann\u00e9es une v\u00e9ritable guerre d\u2019usure orchestr\u00e9e par l\u2019\u00c9tat fran\u00e7ais. Port\u00e9 par le r\u00e9seau Scola Corsa, \u00e9quivalent corse du r\u00e9seau Diwan, ce mod\u00e8le plonge les enfants d\u00e8s la maternelle dans un bain linguistique o\u00f9 le corse est la langue unique d\u2019enseignement et de vie quotidienne. Le fran\u00e7ais n\u2019est [&hellip;]\" \/>\n<meta property=\"og:url\" content=\"https:\/\/stourm.news\/?p=6104\" \/>\n<meta property=\"og:site_name\" content=\"STOURM\" \/>\n<meta property=\"article:publisher\" content=\"https:\/\/www.facebook.com\/stourmnews\/\" \/>\n<meta property=\"article:published_time\" content=\"2026-04-30T07:29:24+00:00\" \/>\n<meta name=\"author\" content=\"La r\u00e9daction\" \/>\n<meta name=\"twitter:card\" content=\"summary_large_image\" \/>\n<meta name=\"twitter:label1\" content=\"\u00c9crit par\" \/>\n\t<meta name=\"twitter:data1\" content=\"La r\u00e9daction\" \/>\n\t<meta name=\"twitter:label2\" content=\"Dur\u00e9e de lecture estim\u00e9e\" \/>\n\t<meta name=\"twitter:data2\" content=\"4 minutes\" \/>\n<script type=\"application\/ld+json\" class=\"yoast-schema-graph\">{\"@context\":\"https:\/\/schema.org\",\"@graph\":[{\"@type\":\"Article\",\"@id\":\"https:\/\/stourm.news\/?p=6104#article\",\"isPartOf\":{\"@id\":\"https:\/\/stourm.news\/?p=6104\"},\"author\":{\"name\":\"La r\u00e9daction\",\"@id\":\"https:\/\/stourm.news\/#\/schema\/person\/c3e1dc65988632e190969234ef046cf9\"},\"headline\":\"Corse : mobilisation des \u00e9coles immersives contre les attaque de l&rsquo;\u00c9tat fran\u00e7ais\",\"datePublished\":\"2026-04-30T07:29:24+00:00\",\"mainEntityOfPage\":{\"@id\":\"https:\/\/stourm.news\/?p=6104\"},\"wordCount\":801,\"commentCount\":0,\"publisher\":{\"@id\":\"https:\/\/stourm.news\/#organization\"},\"image\":{\"@id\":\"https:\/\/stourm.news\/?p=6104#primaryimage\"},\"thumbnailUrl\":\"https:\/\/stourm.news\/wp-content\/uploads\/2026\/04\/96302420-67169567.jpg\",\"articleSection\":[\"International\",\"Occupation fran\u00e7aise\",\"Principale\"],\"inLanguage\":\"fr-FR\",\"potentialAction\":[{\"@type\":\"CommentAction\",\"name\":\"Comment\",\"target\":[\"https:\/\/stourm.news\/?p=6104#respond\"]}]},{\"@type\":\"WebPage\",\"@id\":\"https:\/\/stourm.news\/?p=6104\",\"url\":\"https:\/\/stourm.news\/?p=6104\",\"name\":\"Corse : mobilisation des \u00e9coles immersives contre les attaque de l'\u00c9tat fran\u00e7ais - STOURM\",\"isPartOf\":{\"@id\":\"https:\/\/stourm.news\/#website\"},\"primaryImageOfPage\":{\"@id\":\"https:\/\/stourm.news\/?p=6104#primaryimage\"},\"image\":{\"@id\":\"https:\/\/stourm.news\/?p=6104#primaryimage\"},\"thumbnailUrl\":\"https:\/\/stourm.news\/wp-content\/uploads\/2026\/04\/96302420-67169567.jpg\",\"datePublished\":\"2026-04-30T07:29:24+00:00\",\"breadcrumb\":{\"@id\":\"https:\/\/stourm.news\/?p=6104#breadcrumb\"},\"inLanguage\":\"fr-FR\",\"potentialAction\":[{\"@type\":\"ReadAction\",\"target\":[\"https:\/\/stourm.news\/?p=6104\"]}]},{\"@type\":\"ImageObject\",\"inLanguage\":\"fr-FR\",\"@id\":\"https:\/\/stourm.news\/?p=6104#primaryimage\",\"url\":\"https:\/\/stourm.news\/wp-content\/uploads\/2026\/04\/96302420-67169567.jpg\",\"contentUrl\":\"https:\/\/stourm.news\/wp-content\/uploads\/2026\/04\/96302420-67169567.jpg\",\"width\":1772,\"height\":1181},{\"@type\":\"BreadcrumbList\",\"@id\":\"https:\/\/stourm.news\/?p=6104#breadcrumb\",\"itemListElement\":[{\"@type\":\"ListItem\",\"position\":1,\"name\":\"Accueil\",\"item\":\"https:\/\/stourm.news\/\"},{\"@type\":\"ListItem\",\"position\":2,\"name\":\"Corse : mobilisation des \u00e9coles immersives contre les attaque de l&rsquo;\u00c9tat fran\u00e7ais\"}]},{\"@type\":\"WebSite\",\"@id\":\"https:\/\/stourm.news\/#website\",\"url\":\"https:\/\/stourm.news\/\",\"name\":\"Stourm\",\"description\":\"Kazetenn Strollad Broadel Breizh\",\"publisher\":{\"@id\":\"https:\/\/stourm.news\/#organization\"},\"potentialAction\":[{\"@type\":\"SearchAction\",\"target\":{\"@type\":\"EntryPoint\",\"urlTemplate\":\"https:\/\/stourm.news\/?s={search_term_string}\"},\"query-input\":{\"@type\":\"PropertyValueSpecification\",\"valueRequired\":true,\"valueName\":\"search_term_string\"}}],\"inLanguage\":\"fr-FR\"},{\"@type\":\"Organization\",\"@id\":\"https:\/\/stourm.news\/#organization\",\"name\":\"Stourm\",\"url\":\"https:\/\/stourm.news\/\",\"logo\":{\"@type\":\"ImageObject\",\"inLanguage\":\"fr-FR\",\"@id\":\"https:\/\/stourm.news\/#\/schema\/logo\/image\/\",\"url\":\"https:\/\/stourm.news\/wp-content\/uploads\/2025\/11\/cropped-Capture-decran-2025-11-28-a-15.19.07.png\",\"contentUrl\":\"https:\/\/stourm.news\/wp-content\/uploads\/2025\/11\/cropped-Capture-decran-2025-11-28-a-15.19.07.png\",\"width\":1855,\"height\":383,\"caption\":\"Stourm\"},\"image\":{\"@id\":\"https:\/\/stourm.news\/#\/schema\/logo\/image\/\"},\"sameAs\":[\"https:\/\/www.facebook.com\/stourmnews\/\"]},{\"@type\":\"Person\",\"@id\":\"https:\/\/stourm.news\/#\/schema\/person\/c3e1dc65988632e190969234ef046cf9\",\"name\":\"La r\u00e9daction\",\"image\":{\"@type\":\"ImageObject\",\"inLanguage\":\"fr-FR\",\"@id\":\"https:\/\/stourm.news\/#\/schema\/person\/image\/\",\"url\":\"https:\/\/secure.gravatar.com\/avatar\/7463443f194b6b5fb706b074ca0ef59a0cfcfd720cb47764b0ec5a952ce422b3?s=96&d=mm&r=g\",\"contentUrl\":\"https:\/\/secure.gravatar.com\/avatar\/7463443f194b6b5fb706b074ca0ef59a0cfcfd720cb47764b0ec5a952ce422b3?s=96&d=mm&r=g\",\"caption\":\"La r\u00e9daction\"},\"sameAs\":[\"https:\/\/stourm.news\"],\"url\":\"https:\/\/stourm.news\/?author=1\"}]}<\/script>\n<!-- \/ Yoast SEO plugin. -->","yoast_head_json":{"title":"Corse : mobilisation des \u00e9coles immersives contre les attaque de l'\u00c9tat fran\u00e7ais - STOURM","robots":{"index":"index","follow":"follow","max-snippet":"max-snippet:-1","max-image-preview":"max-image-preview:large","max-video-preview":"max-video-preview:-1"},"canonical":"https:\/\/stourm.news\/?p=6104","og_locale":"fr_FR","og_type":"article","og_title":"Corse : mobilisation des \u00e9coles immersives contre les attaque de l'\u00c9tat fran\u00e7ais - STOURM","og_description":"L\u2019enseignement immersif en langue corse subit depuis des ann\u00e9es une v\u00e9ritable guerre d\u2019usure orchestr\u00e9e par l\u2019\u00c9tat fran\u00e7ais. Port\u00e9 par le r\u00e9seau Scola Corsa, \u00e9quivalent corse du r\u00e9seau Diwan, ce mod\u00e8le plonge les enfants d\u00e8s la maternelle dans un bain linguistique o\u00f9 le corse est la langue unique d\u2019enseignement et de vie quotidienne. Le fran\u00e7ais n\u2019est [&hellip;]","og_url":"https:\/\/stourm.news\/?p=6104","og_site_name":"STOURM","article_publisher":"https:\/\/www.facebook.com\/stourmnews\/","article_published_time":"2026-04-30T07:29:24+00:00","author":"La r\u00e9daction","twitter_card":"summary_large_image","twitter_misc":{"\u00c9crit par":"La r\u00e9daction","Dur\u00e9e de lecture estim\u00e9e":"4 minutes"},"schema":{"@context":"https:\/\/schema.org","@graph":[{"@type":"Article","@id":"https:\/\/stourm.news\/?p=6104#article","isPartOf":{"@id":"https:\/\/stourm.news\/?p=6104"},"author":{"name":"La r\u00e9daction","@id":"https:\/\/stourm.news\/#\/schema\/person\/c3e1dc65988632e190969234ef046cf9"},"headline":"Corse : mobilisation des \u00e9coles immersives contre les attaque de l&rsquo;\u00c9tat fran\u00e7ais","datePublished":"2026-04-30T07:29:24+00:00","mainEntityOfPage":{"@id":"https:\/\/stourm.news\/?p=6104"},"wordCount":801,"commentCount":0,"publisher":{"@id":"https:\/\/stourm.news\/#organization"},"image":{"@id":"https:\/\/stourm.news\/?p=6104#primaryimage"},"thumbnailUrl":"https:\/\/stourm.news\/wp-content\/uploads\/2026\/04\/96302420-67169567.jpg","articleSection":["International","Occupation fran\u00e7aise","Principale"],"inLanguage":"fr-FR","potentialAction":[{"@type":"CommentAction","name":"Comment","target":["https:\/\/stourm.news\/?p=6104#respond"]}]},{"@type":"WebPage","@id":"https:\/\/stourm.news\/?p=6104","url":"https:\/\/stourm.news\/?p=6104","name":"Corse : mobilisation des \u00e9coles immersives contre les attaque de l'\u00c9tat fran\u00e7ais - STOURM","isPartOf":{"@id":"https:\/\/stourm.news\/#website"},"primaryImageOfPage":{"@id":"https:\/\/stourm.news\/?p=6104#primaryimage"},"image":{"@id":"https:\/\/stourm.news\/?p=6104#primaryimage"},"thumbnailUrl":"https:\/\/stourm.news\/wp-content\/uploads\/2026\/04\/96302420-67169567.jpg","datePublished":"2026-04-30T07:29:24+00:00","breadcrumb":{"@id":"https:\/\/stourm.news\/?p=6104#breadcrumb"},"inLanguage":"fr-FR","potentialAction":[{"@type":"ReadAction","target":["https:\/\/stourm.news\/?p=6104"]}]},{"@type":"ImageObject","inLanguage":"fr-FR","@id":"https:\/\/stourm.news\/?p=6104#primaryimage","url":"https:\/\/stourm.news\/wp-content\/uploads\/2026\/04\/96302420-67169567.jpg","contentUrl":"https:\/\/stourm.news\/wp-content\/uploads\/2026\/04\/96302420-67169567.jpg","width":1772,"height":1181},{"@type":"BreadcrumbList","@id":"https:\/\/stourm.news\/?p=6104#breadcrumb","itemListElement":[{"@type":"ListItem","position":1,"name":"Accueil","item":"https:\/\/stourm.news\/"},{"@type":"ListItem","position":2,"name":"Corse : mobilisation des \u00e9coles immersives contre les attaque de l&rsquo;\u00c9tat fran\u00e7ais"}]},{"@type":"WebSite","@id":"https:\/\/stourm.news\/#website","url":"https:\/\/stourm.news\/","name":"Stourm","description":"Kazetenn Strollad Broadel Breizh","publisher":{"@id":"https:\/\/stourm.news\/#organization"},"potentialAction":[{"@type":"SearchAction","target":{"@type":"EntryPoint","urlTemplate":"https:\/\/stourm.news\/?s={search_term_string}"},"query-input":{"@type":"PropertyValueSpecification","valueRequired":true,"valueName":"search_term_string"}}],"inLanguage":"fr-FR"},{"@type":"Organization","@id":"https:\/\/stourm.news\/#organization","name":"Stourm","url":"https:\/\/stourm.news\/","logo":{"@type":"ImageObject","inLanguage":"fr-FR","@id":"https:\/\/stourm.news\/#\/schema\/logo\/image\/","url":"https:\/\/stourm.news\/wp-content\/uploads\/2025\/11\/cropped-Capture-decran-2025-11-28-a-15.19.07.png","contentUrl":"https:\/\/stourm.news\/wp-content\/uploads\/2025\/11\/cropped-Capture-decran-2025-11-28-a-15.19.07.png","width":1855,"height":383,"caption":"Stourm"},"image":{"@id":"https:\/\/stourm.news\/#\/schema\/logo\/image\/"},"sameAs":["https:\/\/www.facebook.com\/stourmnews\/"]},{"@type":"Person","@id":"https:\/\/stourm.news\/#\/schema\/person\/c3e1dc65988632e190969234ef046cf9","name":"La r\u00e9daction","image":{"@type":"ImageObject","inLanguage":"fr-FR","@id":"https:\/\/stourm.news\/#\/schema\/person\/image\/","url":"https:\/\/secure.gravatar.com\/avatar\/7463443f194b6b5fb706b074ca0ef59a0cfcfd720cb47764b0ec5a952ce422b3?s=96&d=mm&r=g","contentUrl":"https:\/\/secure.gravatar.com\/avatar\/7463443f194b6b5fb706b074ca0ef59a0cfcfd720cb47764b0ec5a952ce422b3?s=96&d=mm&r=g","caption":"La r\u00e9daction"},"sameAs":["https:\/\/stourm.news"],"url":"https:\/\/stourm.news\/?author=1"}]}},"_links":{"self":[{"href":"https:\/\/stourm.news\/index.php?rest_route=\/wp\/v2\/posts\/6104","targetHints":{"allow":["GET"]}}],"collection":[{"href":"https:\/\/stourm.news\/index.php?rest_route=\/wp\/v2\/posts"}],"about":[{"href":"https:\/\/stourm.news\/index.php?rest_route=\/wp\/v2\/types\/post"}],"author":[{"embeddable":true,"href":"https:\/\/stourm.news\/index.php?rest_route=\/wp\/v2\/users\/1"}],"replies":[{"embeddable":true,"href":"https:\/\/stourm.news\/index.php?rest_route=%2Fwp%2Fv2%2Fcomments&post=6104"}],"version-history":[{"count":2,"href":"https:\/\/stourm.news\/index.php?rest_route=\/wp\/v2\/posts\/6104\/revisions"}],"predecessor-version":[{"id":6107,"href":"https:\/\/stourm.news\/index.php?rest_route=\/wp\/v2\/posts\/6104\/revisions\/6107"}],"wp:featuredmedia":[{"embeddable":true,"href":"https:\/\/stourm.news\/index.php?rest_route=\/wp\/v2\/media\/6106"}],"wp:attachment":[{"href":"https:\/\/stourm.news\/index.php?rest_route=%2Fwp%2Fv2%2Fmedia&parent=6104"}],"wp:term":[{"taxonomy":"category","embeddable":true,"href":"https:\/\/stourm.news\/index.php?rest_route=%2Fwp%2Fv2%2Fcategories&post=6104"},{"taxonomy":"post_tag","embeddable":true,"href":"https:\/\/stourm.news\/index.php?rest_route=%2Fwp%2Fv2%2Ftags&post=6104"}],"curies":[{"name":"wp","href":"https:\/\/api.w.org\/{rel}","templated":true}]}}