{"id":6108,"date":"2026-04-30T07:52:12","date_gmt":"2026-04-30T07:52:12","guid":{"rendered":"https:\/\/stourm.news\/?p=6108"},"modified":"2026-04-30T07:59:41","modified_gmt":"2026-04-30T07:59:41","slug":"nantes-un-mort-lors-dun-reglement-de-comptes-entre-gangs-ethniques","status":"publish","type":"post","link":"https:\/\/stourm.news\/?p=6108","title":{"rendered":"Nantes : un mort lors d&rsquo;un r\u00e8glement de comptes entre gangs ethniques"},"content":{"rendered":"<p style=\"text-align: justify;\"><span style=\"font-family: arial, helvetica, sans-serif; font-size: 14pt;\">Mardi 28 avril 2026, vers 22h30, une fusillade a \u00e9clat\u00e9 square Augustin-Fresnel, au c\u0153ur du quartier de la Botti\u00e8re \u00e0 Naoned (Nantes) indique <strong><a href=\"https:\/\/www.ouest-france.fr\/pays-de-la-loire\/nantes-44000\/tirs-mortels-dans-le-quartier-de-la-bottiere-a-nantes-la-meilleure-reponse-cest-doccuper-lespace-985c649a-43b2-11f1-8cf9-6b934ab86a27\">Ouest-France<\/a><\/strong>. Un individu a \u00e9t\u00e9 abattu d\u2019une balle dans la t\u00eate. Un second individu est gri\u00e8vement bless\u00e9, touch\u00e9 au moins six fois, notamment aux jambes. Le tireur, arm\u00e9 d\u2019un pistolet, a pris la fuite. Le parquet confirme un r\u00e8glement de comptes li\u00e9 au narcotrafic. Les deux victimes, des allog\u00e8nes connus des services de police, \u00e9taient clairement cibl\u00e9es dans une guerre pour le contr\u00f4le d\u2019un point de deal. <\/span><\/p>\n<p style=\"text-align: justify;\"><span style=\"font-family: arial, helvetica, sans-serif; font-size: 14pt;\">La Botti\u00e8re, pr\u00e9sent\u00e9e par la gauche loyaliste comme un \u00ab \u00e9co-quartier \u00bb paisible avec son square r\u00e9am\u00e9nag\u00e9, est devenue un terrain de chasse pour les gangs ethniques qui se disputent violemment le march\u00e9 de la drogue. Ces r\u00e8glements de comptes entre bandes, souvent issues de l\u2019immigration africaine ou maghr\u00e9bine et organis\u00e9es sur des bases communautaires, imposent leur loi. Ce drame n\u2019est pas un fait divers isol\u00e9, mais l\u2019expression brutale d\u2019une balkanisation ethnique des villes bretonnes sous l&rsquo;effet de l&rsquo;immigration de masse impos\u00e9e par l&rsquo;\u00c9tat fran\u00e7ais en Bretagne.<\/span><\/p>\n<p style=\"text-align: justify;\"><span style=\"font-family: arial, helvetica, sans-serif; font-size: 14pt;\">La maire socialiste de Nantes, Johanna Rolland, a r\u00e9agi sur X en saluant les forces de l\u2019ordre et en d\u00e9clarant que <strong>\u00ab la meilleure r\u00e9ponse, c\u2019est d\u2019occuper l\u2019espace \u00bb<\/strong>. Une formule creuse et ridicule face \u00e0 des gangs arm\u00e9s qui r\u00e8glent leurs affaires \u00e0 coups de balles en pleine rue. <\/span><\/p>\n<p style=\"text-align: right;\"><strong><span style=\"font-family: arial, helvetica, sans-serif; font-size: 14pt;\">Ewen Broc&rsquo;han<\/span><\/strong><\/p>\n","protected":false},"excerpt":{"rendered":"<p>Mardi 28 avril 2026, vers 22h30, une fusillade a \u00e9clat\u00e9 square Augustin-Fresnel, au c\u0153ur du quartier de la Botti\u00e8re \u00e0 Naoned (Nantes) indique Ouest-France. Un individu a \u00e9t\u00e9 abattu d\u2019une balle dans la t\u00eate. Un second individu est gri\u00e8vement bless\u00e9, touch\u00e9 au moins six fois, notamment aux jambes. Le tireur, arm\u00e9 d\u2019un pistolet, a pris [&hellip;]<\/p>\n","protected":false},"author":1,"featured_media":6109,"comment_status":"open","ping_status":"open","sticky":false,"template":"","format":"standard","meta":{"sb_editor_width":"","footnotes":""},"categories":[37,42,65,62],"tags":[],"class_list":["post-6108","post","type-post","status-publish","format-standard","has-post-thumbnail","hentry","category-homicide","category-loire-atlantique","category-principale","category-revue-de-presse"],"relative_dates":{"created":"3 heures ago","modified":"2 heures ago"},"yoast_head":"<!-- This site is optimized with the Yoast SEO plugin v26.3 - https:\/\/yoast.com\/wordpress\/plugins\/seo\/ -->\n<title>Nantes : un mort lors d&#039;un r\u00e8glement de comptes entre gangs ethniques - STOURM<\/title>\n<meta name=\"robots\" content=\"index, follow, max-snippet:-1, max-image-preview:large, max-video-preview:-1\" \/>\n<link rel=\"canonical\" href=\"https:\/\/stourm.news\/?p=6108\" \/>\n<meta property=\"og:locale\" content=\"fr_FR\" \/>\n<meta property=\"og:type\" content=\"article\" \/>\n<meta property=\"og:title\" content=\"Nantes : un mort lors d&#039;un r\u00e8glement de comptes entre gangs ethniques - STOURM\" \/>\n<meta property=\"og:description\" content=\"Mardi 28 avril 2026, vers 22h30, une fusillade a \u00e9clat\u00e9 square Augustin-Fresnel, au c\u0153ur du quartier de la Botti\u00e8re \u00e0 Naoned (Nantes) indique Ouest-France. Un individu a \u00e9t\u00e9 abattu d\u2019une balle dans la t\u00eate. Un second individu est gri\u00e8vement bless\u00e9, touch\u00e9 au moins six fois, notamment aux jambes. Le tireur, arm\u00e9 d\u2019un pistolet, a pris [&hellip;]\" \/>\n<meta property=\"og:url\" content=\"https:\/\/stourm.news\/?p=6108\" \/>\n<meta property=\"og:site_name\" content=\"STOURM\" \/>\n<meta property=\"article:publisher\" content=\"https:\/\/www.facebook.com\/stourmnews\/\" \/>\n<meta property=\"article:published_time\" content=\"2026-04-30T07:52:12+00:00\" \/>\n<meta property=\"article:modified_time\" content=\"2026-04-30T07:59:41+00:00\" \/>\n<meta property=\"og:image\" content=\"https:\/\/stourm.news\/wp-content\/uploads\/2026\/04\/1444x920_a-nantes-le-09-decembre-2014-une-operation-de-fouille-de-caves-est-menee-par-la-police-dans-les.webp\" \/>\n\t<meta property=\"og:image:width\" content=\"1444\" \/>\n\t<meta property=\"og:image:height\" content=\"920\" \/>\n\t<meta property=\"og:image:type\" content=\"image\/webp\" \/>\n<meta name=\"author\" content=\"La r\u00e9daction\" \/>\n<meta name=\"twitter:card\" content=\"summary_large_image\" \/>\n<meta name=\"twitter:label1\" content=\"\u00c9crit par\" \/>\n\t<meta name=\"twitter:data1\" content=\"La r\u00e9daction\" \/>\n\t<meta name=\"twitter:label2\" content=\"Dur\u00e9e de lecture estim\u00e9e\" \/>\n\t<meta name=\"twitter:data2\" content=\"2 minutes\" \/>\n<script type=\"application\/ld+json\" class=\"yoast-schema-graph\">{\"@context\":\"https:\/\/schema.org\",\"@graph\":[{\"@type\":\"Article\",\"@id\":\"https:\/\/stourm.news\/?p=6108#article\",\"isPartOf\":{\"@id\":\"https:\/\/stourm.news\/?p=6108\"},\"author\":{\"name\":\"La r\u00e9daction\",\"@id\":\"https:\/\/stourm.news\/#\/schema\/person\/c3e1dc65988632e190969234ef046cf9\"},\"headline\":\"Nantes : un mort lors d&rsquo;un r\u00e8glement de comptes entre gangs ethniques\",\"datePublished\":\"2026-04-30T07:52:12+00:00\",\"dateModified\":\"2026-04-30T07:59:41+00:00\",\"mainEntityOfPage\":{\"@id\":\"https:\/\/stourm.news\/?p=6108\"},\"wordCount\":271,\"commentCount\":0,\"publisher\":{\"@id\":\"https:\/\/stourm.news\/#organization\"},\"image\":{\"@id\":\"https:\/\/stourm.news\/?p=6108#primaryimage\"},\"thumbnailUrl\":\"https:\/\/stourm.news\/wp-content\/uploads\/2026\/04\/1444x920_a-nantes-le-09-decembre-2014-une-operation-de-fouille-de-caves-est-menee-par-la-police-dans-les.webp\",\"articleSection\":[\"Homicide\",\"Loire-Atlantique\",\"Principale\",\"Revue de presse\"],\"inLanguage\":\"fr-FR\",\"potentialAction\":[{\"@type\":\"CommentAction\",\"name\":\"Comment\",\"target\":[\"https:\/\/stourm.news\/?p=6108#respond\"]}]},{\"@type\":\"WebPage\",\"@id\":\"https:\/\/stourm.news\/?p=6108\",\"url\":\"https:\/\/stourm.news\/?p=6108\",\"name\":\"Nantes : un mort lors d'un r\u00e8glement de comptes entre gangs ethniques - STOURM\",\"isPartOf\":{\"@id\":\"https:\/\/stourm.news\/#website\"},\"primaryImageOfPage\":{\"@id\":\"https:\/\/stourm.news\/?p=6108#primaryimage\"},\"image\":{\"@id\":\"https:\/\/stourm.news\/?p=6108#primaryimage\"},\"thumbnailUrl\":\"https:\/\/stourm.news\/wp-content\/uploads\/2026\/04\/1444x920_a-nantes-le-09-decembre-2014-une-operation-de-fouille-de-caves-est-menee-par-la-police-dans-les.webp\",\"datePublished\":\"2026-04-30T07:52:12+00:00\",\"dateModified\":\"2026-04-30T07:59:41+00:00\",\"breadcrumb\":{\"@id\":\"https:\/\/stourm.news\/?p=6108#breadcrumb\"},\"inLanguage\":\"fr-FR\",\"potentialAction\":[{\"@type\":\"ReadAction\",\"target\":[\"https:\/\/stourm.news\/?p=6108\"]}]},{\"@type\":\"ImageObject\",\"inLanguage\":\"fr-FR\",\"@id\":\"https:\/\/stourm.news\/?p=6108#primaryimage\",\"url\":\"https:\/\/stourm.news\/wp-content\/uploads\/2026\/04\/1444x920_a-nantes-le-09-decembre-2014-une-operation-de-fouille-de-caves-est-menee-par-la-police-dans-les.webp\",\"contentUrl\":\"https:\/\/stourm.news\/wp-content\/uploads\/2026\/04\/1444x920_a-nantes-le-09-decembre-2014-une-operation-de-fouille-de-caves-est-menee-par-la-police-dans-les.webp\",\"width\":1444,\"height\":920},{\"@type\":\"BreadcrumbList\",\"@id\":\"https:\/\/stourm.news\/?p=6108#breadcrumb\",\"itemListElement\":[{\"@type\":\"ListItem\",\"position\":1,\"name\":\"Accueil\",\"item\":\"https:\/\/stourm.news\/\"},{\"@type\":\"ListItem\",\"position\":2,\"name\":\"Nantes : un mort lors d&rsquo;un r\u00e8glement de comptes entre gangs ethniques\"}]},{\"@type\":\"WebSite\",\"@id\":\"https:\/\/stourm.news\/#website\",\"url\":\"https:\/\/stourm.news\/\",\"name\":\"Stourm\",\"description\":\"Kazetenn Strollad Broadel Breizh\",\"publisher\":{\"@id\":\"https:\/\/stourm.news\/#organization\"},\"potentialAction\":[{\"@type\":\"SearchAction\",\"target\":{\"@type\":\"EntryPoint\",\"urlTemplate\":\"https:\/\/stourm.news\/?s={search_term_string}\"},\"query-input\":{\"@type\":\"PropertyValueSpecification\",\"valueRequired\":true,\"valueName\":\"search_term_string\"}}],\"inLanguage\":\"fr-FR\"},{\"@type\":\"Organization\",\"@id\":\"https:\/\/stourm.news\/#organization\",\"name\":\"Stourm\",\"url\":\"https:\/\/stourm.news\/\",\"logo\":{\"@type\":\"ImageObject\",\"inLanguage\":\"fr-FR\",\"@id\":\"https:\/\/stourm.news\/#\/schema\/logo\/image\/\",\"url\":\"https:\/\/stourm.news\/wp-content\/uploads\/2025\/11\/cropped-Capture-decran-2025-11-28-a-15.19.07.png\",\"contentUrl\":\"https:\/\/stourm.news\/wp-content\/uploads\/2025\/11\/cropped-Capture-decran-2025-11-28-a-15.19.07.png\",\"width\":1855,\"height\":383,\"caption\":\"Stourm\"},\"image\":{\"@id\":\"https:\/\/stourm.news\/#\/schema\/logo\/image\/\"},\"sameAs\":[\"https:\/\/www.facebook.com\/stourmnews\/\"]},{\"@type\":\"Person\",\"@id\":\"https:\/\/stourm.news\/#\/schema\/person\/c3e1dc65988632e190969234ef046cf9\",\"name\":\"La r\u00e9daction\",\"image\":{\"@type\":\"ImageObject\",\"inLanguage\":\"fr-FR\",\"@id\":\"https:\/\/stourm.news\/#\/schema\/person\/image\/\",\"url\":\"https:\/\/secure.gravatar.com\/avatar\/7463443f194b6b5fb706b074ca0ef59a0cfcfd720cb47764b0ec5a952ce422b3?s=96&d=mm&r=g\",\"contentUrl\":\"https:\/\/secure.gravatar.com\/avatar\/7463443f194b6b5fb706b074ca0ef59a0cfcfd720cb47764b0ec5a952ce422b3?s=96&d=mm&r=g\",\"caption\":\"La r\u00e9daction\"},\"sameAs\":[\"https:\/\/stourm.news\"],\"url\":\"https:\/\/stourm.news\/?author=1\"}]}<\/script>\n<!-- \/ Yoast SEO plugin. -->","yoast_head_json":{"title":"Nantes : un mort lors d'un r\u00e8glement de comptes entre gangs ethniques - STOURM","robots":{"index":"index","follow":"follow","max-snippet":"max-snippet:-1","max-image-preview":"max-image-preview:large","max-video-preview":"max-video-preview:-1"},"canonical":"https:\/\/stourm.news\/?p=6108","og_locale":"fr_FR","og_type":"article","og_title":"Nantes : un mort lors d'un r\u00e8glement de comptes entre gangs ethniques - STOURM","og_description":"Mardi 28 avril 2026, vers 22h30, une fusillade a \u00e9clat\u00e9 square Augustin-Fresnel, au c\u0153ur du quartier de la Botti\u00e8re \u00e0 Naoned (Nantes) indique Ouest-France. Un individu a \u00e9t\u00e9 abattu d\u2019une balle dans la t\u00eate. Un second individu est gri\u00e8vement bless\u00e9, touch\u00e9 au moins six fois, notamment aux jambes. Le tireur, arm\u00e9 d\u2019un pistolet, a pris [&hellip;]","og_url":"https:\/\/stourm.news\/?p=6108","og_site_name":"STOURM","article_publisher":"https:\/\/www.facebook.com\/stourmnews\/","article_published_time":"2026-04-30T07:52:12+00:00","article_modified_time":"2026-04-30T07:59:41+00:00","og_image":[{"width":1444,"height":920,"url":"https:\/\/stourm.news\/wp-content\/uploads\/2026\/04\/1444x920_a-nantes-le-09-decembre-2014-une-operation-de-fouille-de-caves-est-menee-par-la-police-dans-les.webp","type":"image\/webp"}],"author":"La r\u00e9daction","twitter_card":"summary_large_image","twitter_misc":{"\u00c9crit par":"La r\u00e9daction","Dur\u00e9e de lecture estim\u00e9e":"2 minutes"},"schema":{"@context":"https:\/\/schema.org","@graph":[{"@type":"Article","@id":"https:\/\/stourm.news\/?p=6108#article","isPartOf":{"@id":"https:\/\/stourm.news\/?p=6108"},"author":{"name":"La r\u00e9daction","@id":"https:\/\/stourm.news\/#\/schema\/person\/c3e1dc65988632e190969234ef046cf9"},"headline":"Nantes : un mort lors d&rsquo;un r\u00e8glement de comptes entre gangs ethniques","datePublished":"2026-04-30T07:52:12+00:00","dateModified":"2026-04-30T07:59:41+00:00","mainEntityOfPage":{"@id":"https:\/\/stourm.news\/?p=6108"},"wordCount":271,"commentCount":0,"publisher":{"@id":"https:\/\/stourm.news\/#organization"},"image":{"@id":"https:\/\/stourm.news\/?p=6108#primaryimage"},"thumbnailUrl":"https:\/\/stourm.news\/wp-content\/uploads\/2026\/04\/1444x920_a-nantes-le-09-decembre-2014-une-operation-de-fouille-de-caves-est-menee-par-la-police-dans-les.webp","articleSection":["Homicide","Loire-Atlantique","Principale","Revue de presse"],"inLanguage":"fr-FR","potentialAction":[{"@type":"CommentAction","name":"Comment","target":["https:\/\/stourm.news\/?p=6108#respond"]}]},{"@type":"WebPage","@id":"https:\/\/stourm.news\/?p=6108","url":"https:\/\/stourm.news\/?p=6108","name":"Nantes : un mort lors d'un r\u00e8glement de comptes entre gangs ethniques - STOURM","isPartOf":{"@id":"https:\/\/stourm.news\/#website"},"primaryImageOfPage":{"@id":"https:\/\/stourm.news\/?p=6108#primaryimage"},"image":{"@id":"https:\/\/stourm.news\/?p=6108#primaryimage"},"thumbnailUrl":"https:\/\/stourm.news\/wp-content\/uploads\/2026\/04\/1444x920_a-nantes-le-09-decembre-2014-une-operation-de-fouille-de-caves-est-menee-par-la-police-dans-les.webp","datePublished":"2026-04-30T07:52:12+00:00","dateModified":"2026-04-30T07:59:41+00:00","breadcrumb":{"@id":"https:\/\/stourm.news\/?p=6108#breadcrumb"},"inLanguage":"fr-FR","potentialAction":[{"@type":"ReadAction","target":["https:\/\/stourm.news\/?p=6108"]}]},{"@type":"ImageObject","inLanguage":"fr-FR","@id":"https:\/\/stourm.news\/?p=6108#primaryimage","url":"https:\/\/stourm.news\/wp-content\/uploads\/2026\/04\/1444x920_a-nantes-le-09-decembre-2014-une-operation-de-fouille-de-caves-est-menee-par-la-police-dans-les.webp","contentUrl":"https:\/\/stourm.news\/wp-content\/uploads\/2026\/04\/1444x920_a-nantes-le-09-decembre-2014-une-operation-de-fouille-de-caves-est-menee-par-la-police-dans-les.webp","width":1444,"height":920},{"@type":"BreadcrumbList","@id":"https:\/\/stourm.news\/?p=6108#breadcrumb","itemListElement":[{"@type":"ListItem","position":1,"name":"Accueil","item":"https:\/\/stourm.news\/"},{"@type":"ListItem","position":2,"name":"Nantes : un mort lors d&rsquo;un r\u00e8glement de comptes entre gangs ethniques"}]},{"@type":"WebSite","@id":"https:\/\/stourm.news\/#website","url":"https:\/\/stourm.news\/","name":"Stourm","description":"Kazetenn Strollad Broadel Breizh","publisher":{"@id":"https:\/\/stourm.news\/#organization"},"potentialAction":[{"@type":"SearchAction","target":{"@type":"EntryPoint","urlTemplate":"https:\/\/stourm.news\/?s={search_term_string}"},"query-input":{"@type":"PropertyValueSpecification","valueRequired":true,"valueName":"search_term_string"}}],"inLanguage":"fr-FR"},{"@type":"Organization","@id":"https:\/\/stourm.news\/#organization","name":"Stourm","url":"https:\/\/stourm.news\/","logo":{"@type":"ImageObject","inLanguage":"fr-FR","@id":"https:\/\/stourm.news\/#\/schema\/logo\/image\/","url":"https:\/\/stourm.news\/wp-content\/uploads\/2025\/11\/cropped-Capture-decran-2025-11-28-a-15.19.07.png","contentUrl":"https:\/\/stourm.news\/wp-content\/uploads\/2025\/11\/cropped-Capture-decran-2025-11-28-a-15.19.07.png","width":1855,"height":383,"caption":"Stourm"},"image":{"@id":"https:\/\/stourm.news\/#\/schema\/logo\/image\/"},"sameAs":["https:\/\/www.facebook.com\/stourmnews\/"]},{"@type":"Person","@id":"https:\/\/stourm.news\/#\/schema\/person\/c3e1dc65988632e190969234ef046cf9","name":"La r\u00e9daction","image":{"@type":"ImageObject","inLanguage":"fr-FR","@id":"https:\/\/stourm.news\/#\/schema\/person\/image\/","url":"https:\/\/secure.gravatar.com\/avatar\/7463443f194b6b5fb706b074ca0ef59a0cfcfd720cb47764b0ec5a952ce422b3?s=96&d=mm&r=g","contentUrl":"https:\/\/secure.gravatar.com\/avatar\/7463443f194b6b5fb706b074ca0ef59a0cfcfd720cb47764b0ec5a952ce422b3?s=96&d=mm&r=g","caption":"La r\u00e9daction"},"sameAs":["https:\/\/stourm.news"],"url":"https:\/\/stourm.news\/?author=1"}]}},"_links":{"self":[{"href":"https:\/\/stourm.news\/index.php?rest_route=\/wp\/v2\/posts\/6108","targetHints":{"allow":["GET"]}}],"collection":[{"href":"https:\/\/stourm.news\/index.php?rest_route=\/wp\/v2\/posts"}],"about":[{"href":"https:\/\/stourm.news\/index.php?rest_route=\/wp\/v2\/types\/post"}],"author":[{"embeddable":true,"href":"https:\/\/stourm.news\/index.php?rest_route=\/wp\/v2\/users\/1"}],"replies":[{"embeddable":true,"href":"https:\/\/stourm.news\/index.php?rest_route=%2Fwp%2Fv2%2Fcomments&post=6108"}],"version-history":[{"count":2,"href":"https:\/\/stourm.news\/index.php?rest_route=\/wp\/v2\/posts\/6108\/revisions"}],"predecessor-version":[{"id":6112,"href":"https:\/\/stourm.news\/index.php?rest_route=\/wp\/v2\/posts\/6108\/revisions\/6112"}],"wp:featuredmedia":[{"embeddable":true,"href":"https:\/\/stourm.news\/index.php?rest_route=\/wp\/v2\/media\/6109"}],"wp:attachment":[{"href":"https:\/\/stourm.news\/index.php?rest_route=%2Fwp%2Fv2%2Fmedia&parent=6108"}],"wp:term":[{"taxonomy":"category","embeddable":true,"href":"https:\/\/stourm.news\/index.php?rest_route=%2Fwp%2Fv2%2Fcategories&post=6108"},{"taxonomy":"post_tag","embeddable":true,"href":"https:\/\/stourm.news\/index.php?rest_route=%2Fwp%2Fv2%2Ftags&post=6108"}],"curies":[{"name":"wp","href":"https:\/\/api.w.org\/{rel}","templated":true}]}}