{"id":6113,"date":"2026-04-30T14:47:21","date_gmt":"2026-04-30T14:47:21","guid":{"rendered":"https:\/\/stourm.news\/?p=6113"},"modified":"2026-04-30T14:49:47","modified_gmt":"2026-04-30T14:49:47","slug":"la-hongrie-rempart-inflexible-de-la-langue-magyare-une-lecon-amere-pour-la-bretagne-editorial","status":"publish","type":"post","link":"https:\/\/stourm.news\/?p=6113","title":{"rendered":"La Hongrie, rempart inflexible de la langue magyare : une le\u00e7on am\u00e8re pour la Bretagne (\u00c9ditorial)"},"content":{"rendered":"<p style=\"text-align: justify;\"><span style=\"font-family: arial, helvetica, sans-serif; font-size: 14pt;\">La Hongrie offre un exemple rare de fermet\u00e9 nationale. Elle d\u00e9fend activement sa langue et ses minorit\u00e9s hongroises \u00e9tablies de l\u2019autre c\u00f4t\u00e9 de ses fronti\u00e8res, tandis que les politiciens bretons des grands partis fran\u00e7ais abandonnent honteusement la langue bretonne. Le r\u00e9cent message de Magyar P\u00e9ter illustre parfaitement cette d\u00e9termination. Il annonce des consultations avec le pr\u00e9sident ukrainien Volodymyr Zelenskyy d\u00e9but juin 2026 \u00e0 Berehove (Beregsz\u00e1sz), ville \u00e0 majorit\u00e9 hongroise en Transcarpatie (Ukraine actuelle). Il exige la fin des restrictions impos\u00e9es depuis plus de dix ans : enseignement sup\u00e9rieur en hongrois, examens dans la langue maternelle, usage du magyar dans l\u2019administration, les tribunaux et la vie publique, y compris dans les communes \u00e0 forte pr\u00e9sence hongroise. P\u00e9ter Magyar d\u00e9nonce les concessions ukrainiennes de 2025 comme insuffisantes et promet le soutien total de la m\u00e8re-patrie pour que ces Hongrois restent chez eux en tant que citoyens \u00e9gaux et respect\u00e9s.<\/span><\/p>\n<p style=\"text-align: justify;\"><strong><span style=\"font-family: arial, helvetica, sans-serif; font-size: 14pt;\">Une politique d\u2019\u00c9tat magyare combative<\/span><\/strong><\/p>\n<p style=\"text-align: justify;\"><span style=\"font-family: arial, helvetica, sans-serif; font-size: 14pt;\">Depuis Viktor Orb\u00e1n, Budapest a fait de la protection des Magyars d\u2019outre-fronti\u00e8res une priorit\u00e9 absolue. Malgr\u00e9 le traumatisme de la partition du Trait\u00e9 de Trianon, la Hongrie finance \u00e9coles, m\u00e9dias, universit\u00e9s et associations pour les minorit\u00e9s hongroises \u00e9tablies dans les pays voisins. Elle revendique des droits linguistiques concrets : immersion totale, toponymie bilingue, administration en magyar. Cette attitude refuse l\u2019assimilation forc\u00e9e port\u00e9e par le jacobinisme ukrainien, notamment en Ukraine o\u00f9 les lois linguistiques ont restreint l\u2019usage du hongrois dans l\u2019\u00e9ducation et l\u2019administration publique. La Hongrie conditionne m\u00eame son soutien europ\u00e9en \u00e0 des avanc\u00e9es r\u00e9elles. Cette vision organique consid\u00e8re la nation comme une communaut\u00e9 ethnique, culturelle et linguistique qui transcende les fronti\u00e8res artificielles. <\/span><\/p>\n<p style=\"text-align: justify;\"><strong><span style=\"font-family: arial, helvetica, sans-serif; font-size: 14pt;\">Le breton sacrifi\u00e9 par les politiciens bretons<\/span><\/strong><\/p>\n<p style=\"text-align: justify;\"><span style=\"font-family: arial, helvetica, sans-serif; font-size: 14pt;\">Le contraste avec la Bretagne ne pourrait pas \u00eatre plus cruel. Le breton est en danger critique d\u2019extinction. Le r\u00e9seau Diwan, pionnier de l\u2019immersion depuis 1977, obtient d\u2019excellents r\u00e9sultats p\u00e9dagogiques, mais reste \u00e9trangl\u00e9 par la pr\u00e9carit\u00e9 financi\u00e8re, le refus de contractualisation pleine des enseignants, les contr\u00f4les administratifs de l&rsquo;\u00c9tat et l\u2019ins\u00e9curit\u00e9 juridique issue de la censure constitutionnelle de la loi Molac en 2021. Les \u00e9lus bretons affili\u00e9s aux partis fran\u00e7ais \u2013 socialistes, macronistes ou r\u00e9publicains \u2013 se taisent ou se contentent de v\u0153ux pieux. Ils participent aux gouvernements qui bloquent les financements, qui refusent toute reconnaissance constitutionnelle de la langue bretonne en Bretagne et qui maintiennent l&rsquo;odieux dogme de l&rsquo;imp\u00e9rialisme linguistique fran\u00e7ais. Aucun combat s\u00e9rieux pour g\u00e9n\u00e9raliser l\u2019immersion, pour autoriser le breton dans l\u2019administration locale ou pour une v\u00e9ritable politique de transmission. Ces politiciens inutiles et incomp\u00e9tents pr\u00e9f\u00e8rent une carri\u00e8re parisienne \u00e0 la survie de notre langue nationale.<\/span><\/p>\n<p style=\"text-align: justify;\"><strong><span style=\"font-family: arial, helvetica, sans-serif; font-size: 14pt;\">Une trahison flagrante<\/span><\/strong><\/p>\n<p style=\"text-align: justify;\"><span style=\"font-family: arial, helvetica, sans-serif; font-size: 14pt;\">Cette passivit\u00e9 n\u2019est pas qu&rsquo;une simple n\u00e9gligence : c\u2019est une capitulation. <\/span><span style=\"font-family: arial, helvetica, sans-serif; font-size: 14pt;\">Pendant que la Hongrie mobilise son \u00c9tat pour d\u00e9fendre quelques centaines de milliers de Magyars en Transcarpatie, les politiciens bretons ne font strictement rien \u2013 ou presque \u2013 pour la langue de leur propre langue. La Hongrie nous rappelle qu\u2019une nation digne de ce nom prot\u00e8ge sa langue, la transmet activement et la revendique partout o\u00f9 vivent ses enfants. Le combat hongrois pour la langue magyare aux fronti\u00e8res constitue un mod\u00e8le de dignit\u00e9 et de responsabilit\u00e9 nationale. Face \u00e0 lui, l\u2019inaction coupable des politiciens bretons appara\u00eet comme une trahison. Tant que ces \u00e9lus continueront \u00e0 servir l&rsquo;\u00c9tat fran\u00e7ais plut\u00f4t que leur peuple, le breton s\u2019\u00e9teindra. La Bretagne m\u00e9rite enfin des responsables qui, \u00e0 l\u2019image des Hongrois, placent la survie de leur identit\u00e9 linguistique au c\u0153ur de leur action politique, au lieu de la sacrifier sur l\u2019autel de l\u2019uniformit\u00e9 jacobine. C&rsquo;est ce que veut le Parti National Breton. <\/span><\/p>\n<p style=\"text-align: right;\"><strong><span style=\"font-family: arial, helvetica, sans-serif; font-size: 14pt;\">Budig Gourmaelon<\/span><\/strong><\/p>\n","protected":false},"excerpt":{"rendered":"<p>La Hongrie offre un exemple rare de fermet\u00e9 nationale. Elle d\u00e9fend activement sa langue et ses minorit\u00e9s hongroises \u00e9tablies de l\u2019autre c\u00f4t\u00e9 de ses fronti\u00e8res, tandis que les politiciens bretons des grands partis fran\u00e7ais abandonnent honteusement la langue bretonne. Le r\u00e9cent message de Magyar P\u00e9ter illustre parfaitement cette d\u00e9termination. Il annonce des consultations avec le [&hellip;]<\/p>\n","protected":false},"author":1,"featured_media":6114,"comment_status":"open","ping_status":"open","sticky":false,"template":"","format":"standard","meta":{"sb_editor_width":"","footnotes":""},"categories":[63,66,65],"tags":[],"class_list":["post-6113","post","type-post","status-publish","format-standard","has-post-thumbnail","hentry","category-editorial","category-international","category-principale"],"relative_dates":{"created":"3 heures ago","modified":"3 heures ago"},"yoast_head":"<!-- This site is optimized with the Yoast SEO plugin v26.3 - https:\/\/yoast.com\/wordpress\/plugins\/seo\/ -->\n<title>La Hongrie, rempart inflexible de la langue magyare : une le\u00e7on am\u00e8re pour la Bretagne (\u00c9ditorial) - STOURM<\/title>\n<meta name=\"robots\" content=\"index, follow, max-snippet:-1, max-image-preview:large, max-video-preview:-1\" \/>\n<link rel=\"canonical\" href=\"https:\/\/stourm.news\/?p=6113\" \/>\n<meta property=\"og:locale\" content=\"fr_FR\" \/>\n<meta property=\"og:type\" content=\"article\" \/>\n<meta property=\"og:title\" content=\"La Hongrie, rempart inflexible de la langue magyare : une le\u00e7on am\u00e8re pour la Bretagne (\u00c9ditorial) - STOURM\" \/>\n<meta property=\"og:description\" content=\"La Hongrie offre un exemple rare de fermet\u00e9 nationale. Elle d\u00e9fend activement sa langue et ses minorit\u00e9s hongroises \u00e9tablies de l\u2019autre c\u00f4t\u00e9 de ses fronti\u00e8res, tandis que les politiciens bretons des grands partis fran\u00e7ais abandonnent honteusement la langue bretonne. Le r\u00e9cent message de Magyar P\u00e9ter illustre parfaitement cette d\u00e9termination. Il annonce des consultations avec le [&hellip;]\" \/>\n<meta property=\"og:url\" content=\"https:\/\/stourm.news\/?p=6113\" \/>\n<meta property=\"og:site_name\" content=\"STOURM\" \/>\n<meta property=\"article:publisher\" content=\"https:\/\/www.facebook.com\/stourmnews\/\" \/>\n<meta property=\"article:published_time\" content=\"2026-04-30T14:47:21+00:00\" \/>\n<meta property=\"article:modified_time\" content=\"2026-04-30T14:49:47+00:00\" \/>\n<meta name=\"author\" content=\"La r\u00e9daction\" \/>\n<meta name=\"twitter:card\" content=\"summary_large_image\" \/>\n<meta name=\"twitter:label1\" content=\"\u00c9crit par\" \/>\n\t<meta name=\"twitter:data1\" content=\"La r\u00e9daction\" \/>\n\t<meta name=\"twitter:label2\" content=\"Dur\u00e9e de lecture estim\u00e9e\" \/>\n\t<meta name=\"twitter:data2\" content=\"3 minutes\" \/>\n<script type=\"application\/ld+json\" class=\"yoast-schema-graph\">{\"@context\":\"https:\/\/schema.org\",\"@graph\":[{\"@type\":\"Article\",\"@id\":\"https:\/\/stourm.news\/?p=6113#article\",\"isPartOf\":{\"@id\":\"https:\/\/stourm.news\/?p=6113\"},\"author\":{\"name\":\"La r\u00e9daction\",\"@id\":\"https:\/\/stourm.news\/#\/schema\/person\/c3e1dc65988632e190969234ef046cf9\"},\"headline\":\"La Hongrie, rempart inflexible de la langue magyare : une le\u00e7on am\u00e8re pour la Bretagne (\u00c9ditorial)\",\"datePublished\":\"2026-04-30T14:47:21+00:00\",\"dateModified\":\"2026-04-30T14:49:47+00:00\",\"mainEntityOfPage\":{\"@id\":\"https:\/\/stourm.news\/?p=6113\"},\"wordCount\":670,\"commentCount\":0,\"publisher\":{\"@id\":\"https:\/\/stourm.news\/#organization\"},\"image\":{\"@id\":\"https:\/\/stourm.news\/?p=6113#primaryimage\"},\"thumbnailUrl\":\"https:\/\/stourm.news\/wp-content\/uploads\/2026\/04\/418834760_965052508310555_3116821898279230889_n.jpg\",\"articleSection\":[\"Editorial\",\"International\",\"Principale\"],\"inLanguage\":\"fr-FR\",\"potentialAction\":[{\"@type\":\"CommentAction\",\"name\":\"Comment\",\"target\":[\"https:\/\/stourm.news\/?p=6113#respond\"]}]},{\"@type\":\"WebPage\",\"@id\":\"https:\/\/stourm.news\/?p=6113\",\"url\":\"https:\/\/stourm.news\/?p=6113\",\"name\":\"La Hongrie, rempart inflexible de la langue magyare : une le\u00e7on am\u00e8re pour la Bretagne (\u00c9ditorial) - STOURM\",\"isPartOf\":{\"@id\":\"https:\/\/stourm.news\/#website\"},\"primaryImageOfPage\":{\"@id\":\"https:\/\/stourm.news\/?p=6113#primaryimage\"},\"image\":{\"@id\":\"https:\/\/stourm.news\/?p=6113#primaryimage\"},\"thumbnailUrl\":\"https:\/\/stourm.news\/wp-content\/uploads\/2026\/04\/418834760_965052508310555_3116821898279230889_n.jpg\",\"datePublished\":\"2026-04-30T14:47:21+00:00\",\"dateModified\":\"2026-04-30T14:49:47+00:00\",\"breadcrumb\":{\"@id\":\"https:\/\/stourm.news\/?p=6113#breadcrumb\"},\"inLanguage\":\"fr-FR\",\"potentialAction\":[{\"@type\":\"ReadAction\",\"target\":[\"https:\/\/stourm.news\/?p=6113\"]}]},{\"@type\":\"ImageObject\",\"inLanguage\":\"fr-FR\",\"@id\":\"https:\/\/stourm.news\/?p=6113#primaryimage\",\"url\":\"https:\/\/stourm.news\/wp-content\/uploads\/2026\/04\/418834760_965052508310555_3116821898279230889_n.jpg\",\"contentUrl\":\"https:\/\/stourm.news\/wp-content\/uploads\/2026\/04\/418834760_965052508310555_3116821898279230889_n.jpg\",\"width\":2048,\"height\":1365},{\"@type\":\"BreadcrumbList\",\"@id\":\"https:\/\/stourm.news\/?p=6113#breadcrumb\",\"itemListElement\":[{\"@type\":\"ListItem\",\"position\":1,\"name\":\"Accueil\",\"item\":\"https:\/\/stourm.news\/\"},{\"@type\":\"ListItem\",\"position\":2,\"name\":\"La Hongrie, rempart inflexible de la langue magyare : une le\u00e7on am\u00e8re pour la Bretagne (\u00c9ditorial)\"}]},{\"@type\":\"WebSite\",\"@id\":\"https:\/\/stourm.news\/#website\",\"url\":\"https:\/\/stourm.news\/\",\"name\":\"Stourm\",\"description\":\"Kazetenn Strollad Broadel Breizh\",\"publisher\":{\"@id\":\"https:\/\/stourm.news\/#organization\"},\"potentialAction\":[{\"@type\":\"SearchAction\",\"target\":{\"@type\":\"EntryPoint\",\"urlTemplate\":\"https:\/\/stourm.news\/?s={search_term_string}\"},\"query-input\":{\"@type\":\"PropertyValueSpecification\",\"valueRequired\":true,\"valueName\":\"search_term_string\"}}],\"inLanguage\":\"fr-FR\"},{\"@type\":\"Organization\",\"@id\":\"https:\/\/stourm.news\/#organization\",\"name\":\"Stourm\",\"url\":\"https:\/\/stourm.news\/\",\"logo\":{\"@type\":\"ImageObject\",\"inLanguage\":\"fr-FR\",\"@id\":\"https:\/\/stourm.news\/#\/schema\/logo\/image\/\",\"url\":\"https:\/\/stourm.news\/wp-content\/uploads\/2025\/11\/cropped-Capture-decran-2025-11-28-a-15.19.07.png\",\"contentUrl\":\"https:\/\/stourm.news\/wp-content\/uploads\/2025\/11\/cropped-Capture-decran-2025-11-28-a-15.19.07.png\",\"width\":1855,\"height\":383,\"caption\":\"Stourm\"},\"image\":{\"@id\":\"https:\/\/stourm.news\/#\/schema\/logo\/image\/\"},\"sameAs\":[\"https:\/\/www.facebook.com\/stourmnews\/\"]},{\"@type\":\"Person\",\"@id\":\"https:\/\/stourm.news\/#\/schema\/person\/c3e1dc65988632e190969234ef046cf9\",\"name\":\"La r\u00e9daction\",\"image\":{\"@type\":\"ImageObject\",\"inLanguage\":\"fr-FR\",\"@id\":\"https:\/\/stourm.news\/#\/schema\/person\/image\/\",\"url\":\"https:\/\/secure.gravatar.com\/avatar\/7463443f194b6b5fb706b074ca0ef59a0cfcfd720cb47764b0ec5a952ce422b3?s=96&d=mm&r=g\",\"contentUrl\":\"https:\/\/secure.gravatar.com\/avatar\/7463443f194b6b5fb706b074ca0ef59a0cfcfd720cb47764b0ec5a952ce422b3?s=96&d=mm&r=g\",\"caption\":\"La r\u00e9daction\"},\"sameAs\":[\"https:\/\/stourm.news\"],\"url\":\"https:\/\/stourm.news\/?author=1\"}]}<\/script>\n<!-- \/ Yoast SEO plugin. -->","yoast_head_json":{"title":"La Hongrie, rempart inflexible de la langue magyare : une le\u00e7on am\u00e8re pour la Bretagne (\u00c9ditorial) - STOURM","robots":{"index":"index","follow":"follow","max-snippet":"max-snippet:-1","max-image-preview":"max-image-preview:large","max-video-preview":"max-video-preview:-1"},"canonical":"https:\/\/stourm.news\/?p=6113","og_locale":"fr_FR","og_type":"article","og_title":"La Hongrie, rempart inflexible de la langue magyare : une le\u00e7on am\u00e8re pour la Bretagne (\u00c9ditorial) - STOURM","og_description":"La Hongrie offre un exemple rare de fermet\u00e9 nationale. Elle d\u00e9fend activement sa langue et ses minorit\u00e9s hongroises \u00e9tablies de l\u2019autre c\u00f4t\u00e9 de ses fronti\u00e8res, tandis que les politiciens bretons des grands partis fran\u00e7ais abandonnent honteusement la langue bretonne. Le r\u00e9cent message de Magyar P\u00e9ter illustre parfaitement cette d\u00e9termination. Il annonce des consultations avec le [&hellip;]","og_url":"https:\/\/stourm.news\/?p=6113","og_site_name":"STOURM","article_publisher":"https:\/\/www.facebook.com\/stourmnews\/","article_published_time":"2026-04-30T14:47:21+00:00","article_modified_time":"2026-04-30T14:49:47+00:00","author":"La r\u00e9daction","twitter_card":"summary_large_image","twitter_misc":{"\u00c9crit par":"La r\u00e9daction","Dur\u00e9e de lecture estim\u00e9e":"3 minutes"},"schema":{"@context":"https:\/\/schema.org","@graph":[{"@type":"Article","@id":"https:\/\/stourm.news\/?p=6113#article","isPartOf":{"@id":"https:\/\/stourm.news\/?p=6113"},"author":{"name":"La r\u00e9daction","@id":"https:\/\/stourm.news\/#\/schema\/person\/c3e1dc65988632e190969234ef046cf9"},"headline":"La Hongrie, rempart inflexible de la langue magyare : une le\u00e7on am\u00e8re pour la Bretagne (\u00c9ditorial)","datePublished":"2026-04-30T14:47:21+00:00","dateModified":"2026-04-30T14:49:47+00:00","mainEntityOfPage":{"@id":"https:\/\/stourm.news\/?p=6113"},"wordCount":670,"commentCount":0,"publisher":{"@id":"https:\/\/stourm.news\/#organization"},"image":{"@id":"https:\/\/stourm.news\/?p=6113#primaryimage"},"thumbnailUrl":"https:\/\/stourm.news\/wp-content\/uploads\/2026\/04\/418834760_965052508310555_3116821898279230889_n.jpg","articleSection":["Editorial","International","Principale"],"inLanguage":"fr-FR","potentialAction":[{"@type":"CommentAction","name":"Comment","target":["https:\/\/stourm.news\/?p=6113#respond"]}]},{"@type":"WebPage","@id":"https:\/\/stourm.news\/?p=6113","url":"https:\/\/stourm.news\/?p=6113","name":"La Hongrie, rempart inflexible de la langue magyare : une le\u00e7on am\u00e8re pour la Bretagne (\u00c9ditorial) - STOURM","isPartOf":{"@id":"https:\/\/stourm.news\/#website"},"primaryImageOfPage":{"@id":"https:\/\/stourm.news\/?p=6113#primaryimage"},"image":{"@id":"https:\/\/stourm.news\/?p=6113#primaryimage"},"thumbnailUrl":"https:\/\/stourm.news\/wp-content\/uploads\/2026\/04\/418834760_965052508310555_3116821898279230889_n.jpg","datePublished":"2026-04-30T14:47:21+00:00","dateModified":"2026-04-30T14:49:47+00:00","breadcrumb":{"@id":"https:\/\/stourm.news\/?p=6113#breadcrumb"},"inLanguage":"fr-FR","potentialAction":[{"@type":"ReadAction","target":["https:\/\/stourm.news\/?p=6113"]}]},{"@type":"ImageObject","inLanguage":"fr-FR","@id":"https:\/\/stourm.news\/?p=6113#primaryimage","url":"https:\/\/stourm.news\/wp-content\/uploads\/2026\/04\/418834760_965052508310555_3116821898279230889_n.jpg","contentUrl":"https:\/\/stourm.news\/wp-content\/uploads\/2026\/04\/418834760_965052508310555_3116821898279230889_n.jpg","width":2048,"height":1365},{"@type":"BreadcrumbList","@id":"https:\/\/stourm.news\/?p=6113#breadcrumb","itemListElement":[{"@type":"ListItem","position":1,"name":"Accueil","item":"https:\/\/stourm.news\/"},{"@type":"ListItem","position":2,"name":"La Hongrie, rempart inflexible de la langue magyare : une le\u00e7on am\u00e8re pour la Bretagne (\u00c9ditorial)"}]},{"@type":"WebSite","@id":"https:\/\/stourm.news\/#website","url":"https:\/\/stourm.news\/","name":"Stourm","description":"Kazetenn Strollad Broadel Breizh","publisher":{"@id":"https:\/\/stourm.news\/#organization"},"potentialAction":[{"@type":"SearchAction","target":{"@type":"EntryPoint","urlTemplate":"https:\/\/stourm.news\/?s={search_term_string}"},"query-input":{"@type":"PropertyValueSpecification","valueRequired":true,"valueName":"search_term_string"}}],"inLanguage":"fr-FR"},{"@type":"Organization","@id":"https:\/\/stourm.news\/#organization","name":"Stourm","url":"https:\/\/stourm.news\/","logo":{"@type":"ImageObject","inLanguage":"fr-FR","@id":"https:\/\/stourm.news\/#\/schema\/logo\/image\/","url":"https:\/\/stourm.news\/wp-content\/uploads\/2025\/11\/cropped-Capture-decran-2025-11-28-a-15.19.07.png","contentUrl":"https:\/\/stourm.news\/wp-content\/uploads\/2025\/11\/cropped-Capture-decran-2025-11-28-a-15.19.07.png","width":1855,"height":383,"caption":"Stourm"},"image":{"@id":"https:\/\/stourm.news\/#\/schema\/logo\/image\/"},"sameAs":["https:\/\/www.facebook.com\/stourmnews\/"]},{"@type":"Person","@id":"https:\/\/stourm.news\/#\/schema\/person\/c3e1dc65988632e190969234ef046cf9","name":"La r\u00e9daction","image":{"@type":"ImageObject","inLanguage":"fr-FR","@id":"https:\/\/stourm.news\/#\/schema\/person\/image\/","url":"https:\/\/secure.gravatar.com\/avatar\/7463443f194b6b5fb706b074ca0ef59a0cfcfd720cb47764b0ec5a952ce422b3?s=96&d=mm&r=g","contentUrl":"https:\/\/secure.gravatar.com\/avatar\/7463443f194b6b5fb706b074ca0ef59a0cfcfd720cb47764b0ec5a952ce422b3?s=96&d=mm&r=g","caption":"La r\u00e9daction"},"sameAs":["https:\/\/stourm.news"],"url":"https:\/\/stourm.news\/?author=1"}]}},"_links":{"self":[{"href":"https:\/\/stourm.news\/index.php?rest_route=\/wp\/v2\/posts\/6113","targetHints":{"allow":["GET"]}}],"collection":[{"href":"https:\/\/stourm.news\/index.php?rest_route=\/wp\/v2\/posts"}],"about":[{"href":"https:\/\/stourm.news\/index.php?rest_route=\/wp\/v2\/types\/post"}],"author":[{"embeddable":true,"href":"https:\/\/stourm.news\/index.php?rest_route=\/wp\/v2\/users\/1"}],"replies":[{"embeddable":true,"href":"https:\/\/stourm.news\/index.php?rest_route=%2Fwp%2Fv2%2Fcomments&post=6113"}],"version-history":[{"count":1,"href":"https:\/\/stourm.news\/index.php?rest_route=\/wp\/v2\/posts\/6113\/revisions"}],"predecessor-version":[{"id":6115,"href":"https:\/\/stourm.news\/index.php?rest_route=\/wp\/v2\/posts\/6113\/revisions\/6115"}],"wp:featuredmedia":[{"embeddable":true,"href":"https:\/\/stourm.news\/index.php?rest_route=\/wp\/v2\/media\/6114"}],"wp:attachment":[{"href":"https:\/\/stourm.news\/index.php?rest_route=%2Fwp%2Fv2%2Fmedia&parent=6113"}],"wp:term":[{"taxonomy":"category","embeddable":true,"href":"https:\/\/stourm.news\/index.php?rest_route=%2Fwp%2Fv2%2Fcategories&post=6113"},{"taxonomy":"post_tag","embeddable":true,"href":"https:\/\/stourm.news\/index.php?rest_route=%2Fwp%2Fv2%2Ftags&post=6113"}],"curies":[{"name":"wp","href":"https:\/\/api.w.org\/{rel}","templated":true}]}}