{"id":6560,"date":"2026-09-02T00:22:11","date_gmt":"2026-09-02T00:22:11","guid":{"rendered":"https:\/\/stourm.news\/?p=6560"},"modified":"2026-09-02T00:22:11","modified_gmt":"2026-09-02T00:22:11","slug":"rennes-wacim-juge-pour-avoir-agresse-son-copain-de-beuverie","status":"publish","type":"post","link":"https:\/\/stourm.news\/?p=6560","title":{"rendered":"Rennes : Wacim jug\u00e9 pour avoir agress\u00e9 son copain de beuverie"},"content":{"rendered":"<p style=\"text-align: justify;\"><span style=\"font-family: arial, helvetica, sans-serif;\">Le 1er septembre 2026, le tribunal judiciaire de Roazhon (Rennes) a jug\u00e9 en comparution imm\u00e9diate Wacim Chnayti, 37 ans, sans domicile fixe d&rsquo;origine nord-africaine. Il \u00e9tait poursuivi pour avoir port\u00e9 des coups de couteau \u00e0 un de ses compagnons, un homme d\u2019une quarantaine d\u2019ann\u00e9es indique <a href=\"https:\/\/www.ouest-france.fr\/bretagne\/rennes-35000\/comme-sil-voulait-couper-mon-oreille-un-rennais-juge-pour-avoir-agresse-son-copain-de-beuverie-49d748c4-a606-11f1-95a1-d7cb1b3759ac\">Ouest-France<\/a>.<\/span><\/p>\n<p style=\"text-align: justify;\"><span style=\"font-family: arial, helvetica, sans-serif;\">Selon les \u00e9l\u00e9ments publics de l\u2019affaire, les faits se sont d\u00e9roul\u00e9s le dimanche 30 ao\u00fbt 2026 au niveau du 67, rue Dupont-des-Loges, \u00e0 Roazhon (Rennes). Une promeneuse a d\u00e9couvert la victime en sang. En garde \u00e0 vue puis face aux juges, Wacim Chnayti a d\u00e9clar\u00e9 ne se souvenir de rien, hormis le fait qu\u2019il \u00ab ne le supportait pas \u00bb. La victime a notamment d\u00e9crit l\u2019agression en des termes \u00e9vocateurs (\u00ab Comme s\u2019il voulait couper mon oreille \u00bb). L\u2019auteur a \u00e9t\u00e9 condamn\u00e9.\u00a0<\/span><\/p>\n","protected":false},"excerpt":{"rendered":"<p>Le 1er septembre 2026, le tribunal judiciaire de Roazhon (Rennes) a jug\u00e9 en comparution imm\u00e9diate Wacim Chnayti, 37 ans, sans domicile fixe d&rsquo;origine nord-africaine. Il \u00e9tait poursuivi pour avoir port\u00e9 des coups de couteau \u00e0 un de ses compagnons, un homme d\u2019une quarantaine d\u2019ann\u00e9es indique Ouest-France. Selon les \u00e9l\u00e9ments publics de l\u2019affaire, les faits se [&hellip;]<\/p>\n","protected":false},"author":1,"featured_media":6561,"comment_status":"open","ping_status":"open","sticky":false,"template":"","format":"standard","meta":{"sb_editor_width":"","footnotes":""},"categories":[52,41,33,65,62],"tags":[],"class_list":["post-6560","post","type-post","status-publish","format-standard","has-post-thumbnail","hentry","category-faits-divers","category-ille-et-vilaine","category-immigration","category-principale","category-revue-de-presse"],"relative_dates":{"created":"3 heures ago","modified":"3 heures ago"},"yoast_head":"<!-- This site is optimized with the Yoast SEO plugin v28.2 - https:\/\/yoast.com\/product\/yoast-seo-wordpress\/ -->\n<title>Rennes : Wacim jug\u00e9 pour avoir agress\u00e9 son copain de beuverie - STOURM<\/title>\n<meta name=\"robots\" content=\"index, follow, max-snippet:-1, max-image-preview:large, max-video-preview:-1\" \/>\n<link rel=\"canonical\" href=\"https:\/\/stourm.news\/?p=6560\" \/>\n<meta property=\"og:locale\" content=\"fr_FR\" \/>\n<meta property=\"og:type\" content=\"article\" \/>\n<meta property=\"og:title\" content=\"Rennes : Wacim jug\u00e9 pour avoir agress\u00e9 son copain de beuverie - STOURM\" \/>\n<meta property=\"og:description\" content=\"Le 1er septembre 2026, le tribunal judiciaire de Roazhon (Rennes) a jug\u00e9 en comparution imm\u00e9diate Wacim Chnayti, 37 ans, sans domicile fixe d&rsquo;origine nord-africaine. Il \u00e9tait poursuivi pour avoir port\u00e9 des coups de couteau \u00e0 un de ses compagnons, un homme d\u2019une quarantaine d\u2019ann\u00e9es indique Ouest-France. Selon les \u00e9l\u00e9ments publics de l\u2019affaire, les faits se [&hellip;]\" \/>\n<meta property=\"og:url\" content=\"https:\/\/stourm.news\/?p=6560\" \/>\n<meta property=\"og:site_name\" content=\"STOURM\" \/>\n<meta property=\"article:publisher\" content=\"https:\/\/www.facebook.com\/stourmnews\/\" \/>\n<meta property=\"article:published_time\" content=\"2026-09-02T00:22:11+00:00\" \/>\n<meta property=\"og:image\" content=\"https:\/\/stourm.news\/wp-content\/uploads\/2026\/09\/Capture-decran-2026-09-02-a-09.21.08.png\" \/>\n\t<meta property=\"og:image:width\" content=\"1182\" \/>\n\t<meta property=\"og:image:height\" content=\"678\" \/>\n\t<meta property=\"og:image:type\" content=\"image\/png\" \/>\n<meta name=\"author\" content=\"La r\u00e9daction\" \/>\n<meta name=\"twitter:card\" content=\"summary_large_image\" \/>\n<meta name=\"twitter:label1\" content=\"\u00c9crit par\" \/>\n\t<meta name=\"twitter:data1\" content=\"La r\u00e9daction\" \/>\n\t<meta name=\"twitter:label2\" content=\"Dur\u00e9e de lecture estim\u00e9e\" \/>\n\t<meta name=\"twitter:data2\" content=\"1 minute\" \/>\n<script type=\"application\/ld+json\" class=\"yoast-schema-graph\">{\"@context\":\"https:\\\/\\\/schema.org\",\"@graph\":[{\"@type\":\"Article\",\"@id\":\"https:\\\/\\\/stourm.news\\\/?p=6560#article\",\"isPartOf\":{\"@id\":\"https:\\\/\\\/stourm.news\\\/?p=6560\"},\"author\":{\"name\":\"La r\u00e9daction\",\"@id\":\"https:\\\/\\\/stourm.news\\\/#\\\/schema\\\/person\\\/c3e1dc65988632e190969234ef046cf9\"},\"headline\":\"Rennes : Wacim jug\u00e9 pour avoir agress\u00e9 son copain de beuverie\",\"datePublished\":\"2026-09-02T00:22:11+00:00\",\"mainEntityOfPage\":{\"@id\":\"https:\\\/\\\/stourm.news\\\/?p=6560\"},\"wordCount\":143,\"commentCount\":0,\"publisher\":{\"@id\":\"https:\\\/\\\/stourm.news\\\/#organization\"},\"image\":{\"@id\":\"https:\\\/\\\/stourm.news\\\/?p=6560#primaryimage\"},\"thumbnailUrl\":\"https:\\\/\\\/stourm.news\\\/wp-content\\\/uploads\\\/2026\\\/09\\\/Capture-decran-2026-09-02-a-09.21.08.png\",\"articleSection\":[\"Faits divers\",\"Ille-et-Vilaine\",\"Immigration\",\"Principale\",\"Revue de presse\"],\"inLanguage\":\"fr-FR\",\"potentialAction\":[{\"@type\":\"CommentAction\",\"name\":\"Comment\",\"target\":[\"https:\\\/\\\/stourm.news\\\/?p=6560#respond\"]}]},{\"@type\":\"WebPage\",\"@id\":\"https:\\\/\\\/stourm.news\\\/?p=6560\",\"url\":\"https:\\\/\\\/stourm.news\\\/?p=6560\",\"name\":\"Rennes : Wacim jug\u00e9 pour avoir agress\u00e9 son copain de beuverie - STOURM\",\"isPartOf\":{\"@id\":\"https:\\\/\\\/stourm.news\\\/#website\"},\"primaryImageOfPage\":{\"@id\":\"https:\\\/\\\/stourm.news\\\/?p=6560#primaryimage\"},\"image\":{\"@id\":\"https:\\\/\\\/stourm.news\\\/?p=6560#primaryimage\"},\"thumbnailUrl\":\"https:\\\/\\\/stourm.news\\\/wp-content\\\/uploads\\\/2026\\\/09\\\/Capture-decran-2026-09-02-a-09.21.08.png\",\"datePublished\":\"2026-09-02T00:22:11+00:00\",\"breadcrumb\":{\"@id\":\"https:\\\/\\\/stourm.news\\\/?p=6560#breadcrumb\"},\"inLanguage\":\"fr-FR\",\"potentialAction\":[{\"@type\":\"ReadAction\",\"target\":[\"https:\\\/\\\/stourm.news\\\/?p=6560\"]}]},{\"@type\":\"ImageObject\",\"inLanguage\":\"fr-FR\",\"@id\":\"https:\\\/\\\/stourm.news\\\/?p=6560#primaryimage\",\"url\":\"https:\\\/\\\/stourm.news\\\/wp-content\\\/uploads\\\/2026\\\/09\\\/Capture-decran-2026-09-02-a-09.21.08.png\",\"contentUrl\":\"https:\\\/\\\/stourm.news\\\/wp-content\\\/uploads\\\/2026\\\/09\\\/Capture-decran-2026-09-02-a-09.21.08.png\",\"width\":1182,\"height\":678},{\"@type\":\"BreadcrumbList\",\"@id\":\"https:\\\/\\\/stourm.news\\\/?p=6560#breadcrumb\",\"itemListElement\":[{\"@type\":\"ListItem\",\"position\":1,\"name\":\"Accueil\",\"item\":\"https:\\\/\\\/stourm.news\\\/\"},{\"@type\":\"ListItem\",\"position\":2,\"name\":\"Rennes : Wacim jug\u00e9 pour avoir agress\u00e9 son copain de beuverie\"}]},{\"@type\":\"WebSite\",\"@id\":\"https:\\\/\\\/stourm.news\\\/#website\",\"url\":\"https:\\\/\\\/stourm.news\\\/\",\"name\":\"Stourm\",\"description\":\"Kazetenn Strollad Broadel Breizh\",\"publisher\":{\"@id\":\"https:\\\/\\\/stourm.news\\\/#organization\"},\"potentialAction\":[{\"@type\":\"SearchAction\",\"target\":{\"@type\":\"EntryPoint\",\"urlTemplate\":\"https:\\\/\\\/stourm.news\\\/?s={search_term_string}\"},\"query-input\":{\"@type\":\"PropertyValueSpecification\",\"valueRequired\":true,\"valueName\":\"search_term_string\"}}],\"inLanguage\":\"fr-FR\"},{\"@type\":\"Organization\",\"@id\":\"https:\\\/\\\/stourm.news\\\/#organization\",\"name\":\"Stourm\",\"url\":\"https:\\\/\\\/stourm.news\\\/\",\"logo\":{\"@type\":\"ImageObject\",\"inLanguage\":\"fr-FR\",\"@id\":\"https:\\\/\\\/stourm.news\\\/#\\\/schema\\\/logo\\\/image\\\/\",\"url\":\"https:\\\/\\\/stourm.news\\\/wp-content\\\/uploads\\\/2025\\\/11\\\/cropped-Capture-decran-2025-11-28-a-15.19.07.png\",\"contentUrl\":\"https:\\\/\\\/stourm.news\\\/wp-content\\\/uploads\\\/2025\\\/11\\\/cropped-Capture-decran-2025-11-28-a-15.19.07.png\",\"width\":1855,\"height\":383,\"caption\":\"Stourm\"},\"image\":{\"@id\":\"https:\\\/\\\/stourm.news\\\/#\\\/schema\\\/logo\\\/image\\\/\"},\"sameAs\":[\"https:\\\/\\\/www.facebook.com\\\/stourmnews\\\/\"]},{\"@type\":\"Person\",\"@id\":\"https:\\\/\\\/stourm.news\\\/#\\\/schema\\\/person\\\/c3e1dc65988632e190969234ef046cf9\",\"name\":\"La r\u00e9daction\",\"image\":{\"@type\":\"ImageObject\",\"inLanguage\":\"fr-FR\",\"@id\":\"https:\\\/\\\/secure.gravatar.com\\\/avatar\\\/7463443f194b6b5fb706b074ca0ef59a0cfcfd720cb47764b0ec5a952ce422b3?s=96&d=mm&r=g\",\"url\":\"https:\\\/\\\/secure.gravatar.com\\\/avatar\\\/7463443f194b6b5fb706b074ca0ef59a0cfcfd720cb47764b0ec5a952ce422b3?s=96&d=mm&r=g\",\"contentUrl\":\"https:\\\/\\\/secure.gravatar.com\\\/avatar\\\/7463443f194b6b5fb706b074ca0ef59a0cfcfd720cb47764b0ec5a952ce422b3?s=96&d=mm&r=g\",\"caption\":\"La r\u00e9daction\"},\"sameAs\":[\"https:\\\/\\\/stourm.news\"],\"url\":\"https:\\\/\\\/stourm.news\\\/?author=1\"}]}<\/script>\n<!-- \/ Yoast SEO plugin. -->","yoast_head_json":{"title":"Rennes : Wacim jug\u00e9 pour avoir agress\u00e9 son copain de beuverie - STOURM","robots":{"index":"index","follow":"follow","max-snippet":"max-snippet:-1","max-image-preview":"max-image-preview:large","max-video-preview":"max-video-preview:-1"},"canonical":"https:\/\/stourm.news\/?p=6560","og_locale":"fr_FR","og_type":"article","og_title":"Rennes : Wacim jug\u00e9 pour avoir agress\u00e9 son copain de beuverie - STOURM","og_description":"Le 1er septembre 2026, le tribunal judiciaire de Roazhon (Rennes) a jug\u00e9 en comparution imm\u00e9diate Wacim Chnayti, 37 ans, sans domicile fixe d&rsquo;origine nord-africaine. Il \u00e9tait poursuivi pour avoir port\u00e9 des coups de couteau \u00e0 un de ses compagnons, un homme d\u2019une quarantaine d\u2019ann\u00e9es indique Ouest-France. Selon les \u00e9l\u00e9ments publics de l\u2019affaire, les faits se [&hellip;]","og_url":"https:\/\/stourm.news\/?p=6560","og_site_name":"STOURM","article_publisher":"https:\/\/www.facebook.com\/stourmnews\/","article_published_time":"2026-09-02T00:22:11+00:00","og_image":[{"width":1182,"height":678,"url":"https:\/\/stourm.news\/wp-content\/uploads\/2026\/09\/Capture-decran-2026-09-02-a-09.21.08.png","type":"image\/png"}],"author":"La r\u00e9daction","twitter_card":"summary_large_image","twitter_misc":{"\u00c9crit par":"La r\u00e9daction","Dur\u00e9e de lecture estim\u00e9e":"1 minute"},"schema":{"@context":"https:\/\/schema.org","@graph":[{"@type":"Article","@id":"https:\/\/stourm.news\/?p=6560#article","isPartOf":{"@id":"https:\/\/stourm.news\/?p=6560"},"author":{"name":"La r\u00e9daction","@id":"https:\/\/stourm.news\/#\/schema\/person\/c3e1dc65988632e190969234ef046cf9"},"headline":"Rennes : Wacim jug\u00e9 pour avoir agress\u00e9 son copain de beuverie","datePublished":"2026-09-02T00:22:11+00:00","mainEntityOfPage":{"@id":"https:\/\/stourm.news\/?p=6560"},"wordCount":143,"commentCount":0,"publisher":{"@id":"https:\/\/stourm.news\/#organization"},"image":{"@id":"https:\/\/stourm.news\/?p=6560#primaryimage"},"thumbnailUrl":"https:\/\/stourm.news\/wp-content\/uploads\/2026\/09\/Capture-decran-2026-09-02-a-09.21.08.png","articleSection":["Faits divers","Ille-et-Vilaine","Immigration","Principale","Revue de presse"],"inLanguage":"fr-FR","potentialAction":[{"@type":"CommentAction","name":"Comment","target":["https:\/\/stourm.news\/?p=6560#respond"]}]},{"@type":"WebPage","@id":"https:\/\/stourm.news\/?p=6560","url":"https:\/\/stourm.news\/?p=6560","name":"Rennes : Wacim jug\u00e9 pour avoir agress\u00e9 son copain de beuverie - STOURM","isPartOf":{"@id":"https:\/\/stourm.news\/#website"},"primaryImageOfPage":{"@id":"https:\/\/stourm.news\/?p=6560#primaryimage"},"image":{"@id":"https:\/\/stourm.news\/?p=6560#primaryimage"},"thumbnailUrl":"https:\/\/stourm.news\/wp-content\/uploads\/2026\/09\/Capture-decran-2026-09-02-a-09.21.08.png","datePublished":"2026-09-02T00:22:11+00:00","breadcrumb":{"@id":"https:\/\/stourm.news\/?p=6560#breadcrumb"},"inLanguage":"fr-FR","potentialAction":[{"@type":"ReadAction","target":["https:\/\/stourm.news\/?p=6560"]}]},{"@type":"ImageObject","inLanguage":"fr-FR","@id":"https:\/\/stourm.news\/?p=6560#primaryimage","url":"https:\/\/stourm.news\/wp-content\/uploads\/2026\/09\/Capture-decran-2026-09-02-a-09.21.08.png","contentUrl":"https:\/\/stourm.news\/wp-content\/uploads\/2026\/09\/Capture-decran-2026-09-02-a-09.21.08.png","width":1182,"height":678},{"@type":"BreadcrumbList","@id":"https:\/\/stourm.news\/?p=6560#breadcrumb","itemListElement":[{"@type":"ListItem","position":1,"name":"Accueil","item":"https:\/\/stourm.news\/"},{"@type":"ListItem","position":2,"name":"Rennes : Wacim jug\u00e9 pour avoir agress\u00e9 son copain de beuverie"}]},{"@type":"WebSite","@id":"https:\/\/stourm.news\/#website","url":"https:\/\/stourm.news\/","name":"Stourm","description":"Kazetenn Strollad Broadel Breizh","publisher":{"@id":"https:\/\/stourm.news\/#organization"},"potentialAction":[{"@type":"SearchAction","target":{"@type":"EntryPoint","urlTemplate":"https:\/\/stourm.news\/?s={search_term_string}"},"query-input":{"@type":"PropertyValueSpecification","valueRequired":true,"valueName":"search_term_string"}}],"inLanguage":"fr-FR"},{"@type":"Organization","@id":"https:\/\/stourm.news\/#organization","name":"Stourm","url":"https:\/\/stourm.news\/","logo":{"@type":"ImageObject","inLanguage":"fr-FR","@id":"https:\/\/stourm.news\/#\/schema\/logo\/image\/","url":"https:\/\/stourm.news\/wp-content\/uploads\/2025\/11\/cropped-Capture-decran-2025-11-28-a-15.19.07.png","contentUrl":"https:\/\/stourm.news\/wp-content\/uploads\/2025\/11\/cropped-Capture-decran-2025-11-28-a-15.19.07.png","width":1855,"height":383,"caption":"Stourm"},"image":{"@id":"https:\/\/stourm.news\/#\/schema\/logo\/image\/"},"sameAs":["https:\/\/www.facebook.com\/stourmnews\/"]},{"@type":"Person","@id":"https:\/\/stourm.news\/#\/schema\/person\/c3e1dc65988632e190969234ef046cf9","name":"La r\u00e9daction","image":{"@type":"ImageObject","inLanguage":"fr-FR","@id":"https:\/\/secure.gravatar.com\/avatar\/7463443f194b6b5fb706b074ca0ef59a0cfcfd720cb47764b0ec5a952ce422b3?s=96&d=mm&r=g","url":"https:\/\/secure.gravatar.com\/avatar\/7463443f194b6b5fb706b074ca0ef59a0cfcfd720cb47764b0ec5a952ce422b3?s=96&d=mm&r=g","contentUrl":"https:\/\/secure.gravatar.com\/avatar\/7463443f194b6b5fb706b074ca0ef59a0cfcfd720cb47764b0ec5a952ce422b3?s=96&d=mm&r=g","caption":"La r\u00e9daction"},"sameAs":["https:\/\/stourm.news"],"url":"https:\/\/stourm.news\/?author=1"}]}},"_links":{"self":[{"href":"https:\/\/stourm.news\/index.php?rest_route=\/wp\/v2\/posts\/6560","targetHints":{"allow":["GET"]}}],"collection":[{"href":"https:\/\/stourm.news\/index.php?rest_route=\/wp\/v2\/posts"}],"about":[{"href":"https:\/\/stourm.news\/index.php?rest_route=\/wp\/v2\/types\/post"}],"author":[{"embeddable":true,"href":"https:\/\/stourm.news\/index.php?rest_route=\/wp\/v2\/users\/1"}],"replies":[{"embeddable":true,"href":"https:\/\/stourm.news\/index.php?rest_route=%2Fwp%2Fv2%2Fcomments&post=6560"}],"version-history":[{"count":1,"href":"https:\/\/stourm.news\/index.php?rest_route=\/wp\/v2\/posts\/6560\/revisions"}],"predecessor-version":[{"id":6562,"href":"https:\/\/stourm.news\/index.php?rest_route=\/wp\/v2\/posts\/6560\/revisions\/6562"}],"wp:featuredmedia":[{"embeddable":true,"href":"https:\/\/stourm.news\/index.php?rest_route=\/wp\/v2\/media\/6561"}],"wp:attachment":[{"href":"https:\/\/stourm.news\/index.php?rest_route=%2Fwp%2Fv2%2Fmedia&parent=6560"}],"wp:term":[{"taxonomy":"category","embeddable":true,"href":"https:\/\/stourm.news\/index.php?rest_route=%2Fwp%2Fv2%2Fcategories&post=6560"},{"taxonomy":"post_tag","embeddable":true,"href":"https:\/\/stourm.news\/index.php?rest_route=%2Fwp%2Fv2%2Ftags&post=6560"}],"curies":[{"name":"wp","href":"https:\/\/api.w.org\/{rel}","templated":true}]}}