{"id":6563,"date":"2026-09-02T00:44:53","date_gmt":"2026-09-02T00:44:53","guid":{"rendered":"https:\/\/stourm.news\/?p=6563"},"modified":"2026-09-02T00:44:53","modified_gmt":"2026-09-02T00:44:53","slug":"cambriolages-en-serie-de-commerces-a-rennes-au-mois-daout-moubine-laza-et-laoudine-mohamed-condamnes-a-de-la-prison-ferme","status":"publish","type":"post","link":"https:\/\/stourm.news\/?p=6563","title":{"rendered":"Cambriolages en s\u00e9rie de commerces \u00e0 Rennes au mois d\u2019ao\u00fbt : Moubine Laza et Laoudine Mohamed condamn\u00e9s \u00e0 de la prison ferme"},"content":{"rendered":"<p style=\"text-align: justify;\"><span style=\"font-family: arial, helvetica, sans-serif; font-size: 14pt;\">Le lundi 31 ao\u00fbt 2026, le tribunal judiciaire de Roazhon (Rennes) a condamn\u00e9 en comparution imm\u00e9diate deux hommes \u00e0 un an de prison ferme chacun pour une s\u00e9rie de cambriolages et de d\u00e9gradations commis dans des commerces du centre-ville durant le mois d\u2019ao\u00fbt indique <a href=\"https:\/\/www.ouest-france.fr\/bretagne\/rennes-35000\/cambriolages-en-serie-de-commerces-a-rennes-au-mois-daout-deux-hommes-condamnes-a-de-la-prison-ferme-06512158-a53c-11f1-94d9-ff4da0548a19\">Ouest-France<\/a>.<\/span><\/p>\n<p style=\"text-align: justify;\"><span style=\"font-family: arial, helvetica, sans-serif; font-size: 14pt;\">Les pr\u00e9venus sont <strong>Moubine Laza<\/strong>, 28 ans, et <strong>Laoudine Mohamed<\/strong>, 27 ans. Selon les \u00e9l\u00e9ments rapport\u00e9s, ils se sont rencontr\u00e9s en prison et partagent des liens importants : une enfance pass\u00e9e sur l\u2019\u00eele de <strong>Mayotte<\/strong>, des troubles psychiatriques, un isolement social et des probl\u00e8mes d\u2019addiction. Lors de l\u2019audience, ils sont apparus parfois incoh\u00e9rents et ont m\u00eame ri, semblant ne pas pleinement mesurer la gravit\u00e9 de la situation.<\/span><\/p>\n<p style=\"text-align: justify;\"><span style=\"font-family: arial, helvetica, sans-serif; font-size: 14pt;\">Ces derni\u00e8res semaines, plusieurs commerces du centre-ville de Rennes (notamment dans le secteur de la rue d\u2019Antrain et de l\u2019hypercentre) ont \u00e9t\u00e9 victimes de vols avec effraction. Le mode op\u00e9ratoire \u00e9tait simple : bris de vitrine ou for\u00e7age de porte, puis vol des fonds de caisse et de denr\u00e9es alimentaires, accompagn\u00e9 de d\u00e9gradations. Parmi les \u00e9tablissements touch\u00e9s figure notamment le restaurant asiatique Chez M. D\u2019autres commerces (\u00e9piceries, salons de th\u00e9, cr\u00eaperies\u2026) ont \u00e9galement signal\u00e9 des faits similaires, suscitant une forte exasp\u00e9ration chez les commer\u00e7ants.<\/span><\/p>\n<p style=\"text-align: justify;\"><span style=\"font-family: arial, helvetica, sans-serif; font-size: 14pt;\">Les deux hommes, <strong>d\u00e9j\u00e0 connus<\/strong> des services de police, ont \u00e9t\u00e9 interpell\u00e9s en flagrant d\u00e9lit par la brigade anticriminalit\u00e9 (BAC) dans la nuit du mercredi 26 au jeudi 27 ao\u00fbt 2026, lors de ce qui \u00e9tait leur huiti\u00e8me cambriolage. Apr\u00e8s garde \u00e0 vue, ils ont \u00e9t\u00e9 plac\u00e9s en d\u00e9tention provisoire avant d\u2019\u00eatre jug\u00e9s.<\/span><\/p>\n<p style=\"text-align: right;\"><strong><span style=\"font-family: arial, helvetica, sans-serif; font-size: 14pt;\"> Ewen Broc&rsquo;han<\/span><\/strong><\/p>\n","protected":false},"excerpt":{"rendered":"<p>Le lundi 31 ao\u00fbt 2026, le tribunal judiciaire de Roazhon (Rennes) a condamn\u00e9 en comparution imm\u00e9diate deux hommes \u00e0 un an de prison ferme chacun pour une s\u00e9rie de cambriolages et de d\u00e9gradations commis dans des commerces du centre-ville durant le mois d\u2019ao\u00fbt indique Ouest-France. Les pr\u00e9venus sont Moubine Laza, 28 ans, et Laoudine Mohamed, [&hellip;]<\/p>\n","protected":false},"author":1,"featured_media":6564,"comment_status":"open","ping_status":"open","sticky":false,"template":"","format":"standard","meta":{"sb_editor_width":"","footnotes":""},"categories":[52,41,33,65,62],"tags":[],"class_list":["post-6563","post","type-post","status-publish","format-standard","has-post-thumbnail","hentry","category-faits-divers","category-ille-et-vilaine","category-immigration","category-principale","category-revue-de-presse"],"relative_dates":{"created":"1 jour ago","modified":"1 jour ago"},"yoast_head":"<!-- This site is optimized with the Yoast SEO plugin v28.2 - https:\/\/yoast.com\/product\/yoast-seo-wordpress\/ -->\n<title>Cambriolages en s\u00e9rie de commerces \u00e0 Rennes au mois d\u2019ao\u00fbt : Moubine Laza et Laoudine Mohamed condamn\u00e9s \u00e0 de la prison ferme - STOURM<\/title>\n<meta name=\"robots\" content=\"index, follow, max-snippet:-1, max-image-preview:large, max-video-preview:-1\" \/>\n<link rel=\"canonical\" href=\"https:\/\/stourm.news\/?p=6563\" \/>\n<meta property=\"og:locale\" content=\"fr_FR\" \/>\n<meta property=\"og:type\" content=\"article\" \/>\n<meta property=\"og:title\" content=\"Cambriolages en s\u00e9rie de commerces \u00e0 Rennes au mois d\u2019ao\u00fbt : Moubine Laza et Laoudine Mohamed condamn\u00e9s \u00e0 de la prison ferme - STOURM\" \/>\n<meta property=\"og:description\" content=\"Le lundi 31 ao\u00fbt 2026, le tribunal judiciaire de Roazhon (Rennes) a condamn\u00e9 en comparution imm\u00e9diate deux hommes \u00e0 un an de prison ferme chacun pour une s\u00e9rie de cambriolages et de d\u00e9gradations commis dans des commerces du centre-ville durant le mois d\u2019ao\u00fbt indique Ouest-France. Les pr\u00e9venus sont Moubine Laza, 28 ans, et Laoudine Mohamed, [&hellip;]\" \/>\n<meta property=\"og:url\" content=\"https:\/\/stourm.news\/?p=6563\" \/>\n<meta property=\"og:site_name\" content=\"STOURM\" \/>\n<meta property=\"article:publisher\" content=\"https:\/\/www.facebook.com\/stourmnews\/\" \/>\n<meta property=\"article:published_time\" content=\"2026-09-02T00:44:53+00:00\" \/>\n<meta property=\"og:image\" content=\"https:\/\/stourm.news\/wp-content\/uploads\/2026\/09\/Capture-decran-2026-09-02-a-09.43.27.png\" \/>\n\t<meta property=\"og:image:width\" content=\"1186\" \/>\n\t<meta property=\"og:image:height\" content=\"682\" \/>\n\t<meta property=\"og:image:type\" content=\"image\/png\" \/>\n<meta name=\"author\" content=\"La r\u00e9daction\" \/>\n<meta name=\"twitter:card\" content=\"summary_large_image\" \/>\n<meta name=\"twitter:label1\" content=\"\u00c9crit par\" \/>\n\t<meta name=\"twitter:data1\" content=\"La r\u00e9daction\" \/>\n\t<meta name=\"twitter:label2\" content=\"Dur\u00e9e de lecture estim\u00e9e\" \/>\n\t<meta name=\"twitter:data2\" content=\"2 minutes\" \/>\n<script type=\"application\/ld+json\" class=\"yoast-schema-graph\">{\"@context\":\"https:\\\/\\\/schema.org\",\"@graph\":[{\"@type\":\"Article\",\"@id\":\"https:\\\/\\\/stourm.news\\\/?p=6563#article\",\"isPartOf\":{\"@id\":\"https:\\\/\\\/stourm.news\\\/?p=6563\"},\"author\":{\"name\":\"La r\u00e9daction\",\"@id\":\"https:\\\/\\\/stourm.news\\\/#\\\/schema\\\/person\\\/c3e1dc65988632e190969234ef046cf9\"},\"headline\":\"Cambriolages en s\u00e9rie de commerces \u00e0 Rennes au mois d\u2019ao\u00fbt : Moubine Laza et Laoudine Mohamed condamn\u00e9s \u00e0 de la prison ferme\",\"datePublished\":\"2026-09-02T00:44:53+00:00\",\"mainEntityOfPage\":{\"@id\":\"https:\\\/\\\/stourm.news\\\/?p=6563\"},\"wordCount\":303,\"commentCount\":0,\"publisher\":{\"@id\":\"https:\\\/\\\/stourm.news\\\/#organization\"},\"image\":{\"@id\":\"https:\\\/\\\/stourm.news\\\/?p=6563#primaryimage\"},\"thumbnailUrl\":\"https:\\\/\\\/stourm.news\\\/wp-content\\\/uploads\\\/2026\\\/09\\\/Capture-decran-2026-09-02-a-09.43.27.png\",\"articleSection\":[\"Faits divers\",\"Ille-et-Vilaine\",\"Immigration\",\"Principale\",\"Revue de presse\"],\"inLanguage\":\"fr-FR\",\"potentialAction\":[{\"@type\":\"CommentAction\",\"name\":\"Comment\",\"target\":[\"https:\\\/\\\/stourm.news\\\/?p=6563#respond\"]}]},{\"@type\":\"WebPage\",\"@id\":\"https:\\\/\\\/stourm.news\\\/?p=6563\",\"url\":\"https:\\\/\\\/stourm.news\\\/?p=6563\",\"name\":\"Cambriolages en s\u00e9rie de commerces \u00e0 Rennes au mois d\u2019ao\u00fbt : Moubine Laza et Laoudine Mohamed condamn\u00e9s \u00e0 de la prison ferme - STOURM\",\"isPartOf\":{\"@id\":\"https:\\\/\\\/stourm.news\\\/#website\"},\"primaryImageOfPage\":{\"@id\":\"https:\\\/\\\/stourm.news\\\/?p=6563#primaryimage\"},\"image\":{\"@id\":\"https:\\\/\\\/stourm.news\\\/?p=6563#primaryimage\"},\"thumbnailUrl\":\"https:\\\/\\\/stourm.news\\\/wp-content\\\/uploads\\\/2026\\\/09\\\/Capture-decran-2026-09-02-a-09.43.27.png\",\"datePublished\":\"2026-09-02T00:44:53+00:00\",\"breadcrumb\":{\"@id\":\"https:\\\/\\\/stourm.news\\\/?p=6563#breadcrumb\"},\"inLanguage\":\"fr-FR\",\"potentialAction\":[{\"@type\":\"ReadAction\",\"target\":[\"https:\\\/\\\/stourm.news\\\/?p=6563\"]}]},{\"@type\":\"ImageObject\",\"inLanguage\":\"fr-FR\",\"@id\":\"https:\\\/\\\/stourm.news\\\/?p=6563#primaryimage\",\"url\":\"https:\\\/\\\/stourm.news\\\/wp-content\\\/uploads\\\/2026\\\/09\\\/Capture-decran-2026-09-02-a-09.43.27.png\",\"contentUrl\":\"https:\\\/\\\/stourm.news\\\/wp-content\\\/uploads\\\/2026\\\/09\\\/Capture-decran-2026-09-02-a-09.43.27.png\",\"width\":1186,\"height\":682},{\"@type\":\"BreadcrumbList\",\"@id\":\"https:\\\/\\\/stourm.news\\\/?p=6563#breadcrumb\",\"itemListElement\":[{\"@type\":\"ListItem\",\"position\":1,\"name\":\"Accueil\",\"item\":\"https:\\\/\\\/stourm.news\\\/\"},{\"@type\":\"ListItem\",\"position\":2,\"name\":\"Cambriolages en s\u00e9rie de commerces \u00e0 Rennes au mois d\u2019ao\u00fbt : Moubine Laza et Laoudine Mohamed condamn\u00e9s \u00e0 de la prison ferme\"}]},{\"@type\":\"WebSite\",\"@id\":\"https:\\\/\\\/stourm.news\\\/#website\",\"url\":\"https:\\\/\\\/stourm.news\\\/\",\"name\":\"Stourm\",\"description\":\"Kazetenn Strollad Broadel Breizh\",\"publisher\":{\"@id\":\"https:\\\/\\\/stourm.news\\\/#organization\"},\"potentialAction\":[{\"@type\":\"SearchAction\",\"target\":{\"@type\":\"EntryPoint\",\"urlTemplate\":\"https:\\\/\\\/stourm.news\\\/?s={search_term_string}\"},\"query-input\":{\"@type\":\"PropertyValueSpecification\",\"valueRequired\":true,\"valueName\":\"search_term_string\"}}],\"inLanguage\":\"fr-FR\"},{\"@type\":\"Organization\",\"@id\":\"https:\\\/\\\/stourm.news\\\/#organization\",\"name\":\"Stourm\",\"url\":\"https:\\\/\\\/stourm.news\\\/\",\"logo\":{\"@type\":\"ImageObject\",\"inLanguage\":\"fr-FR\",\"@id\":\"https:\\\/\\\/stourm.news\\\/#\\\/schema\\\/logo\\\/image\\\/\",\"url\":\"https:\\\/\\\/stourm.news\\\/wp-content\\\/uploads\\\/2025\\\/11\\\/cropped-Capture-decran-2025-11-28-a-15.19.07.png\",\"contentUrl\":\"https:\\\/\\\/stourm.news\\\/wp-content\\\/uploads\\\/2025\\\/11\\\/cropped-Capture-decran-2025-11-28-a-15.19.07.png\",\"width\":1855,\"height\":383,\"caption\":\"Stourm\"},\"image\":{\"@id\":\"https:\\\/\\\/stourm.news\\\/#\\\/schema\\\/logo\\\/image\\\/\"},\"sameAs\":[\"https:\\\/\\\/www.facebook.com\\\/stourmnews\\\/\"]},{\"@type\":\"Person\",\"@id\":\"https:\\\/\\\/stourm.news\\\/#\\\/schema\\\/person\\\/c3e1dc65988632e190969234ef046cf9\",\"name\":\"La r\u00e9daction\",\"image\":{\"@type\":\"ImageObject\",\"inLanguage\":\"fr-FR\",\"@id\":\"https:\\\/\\\/secure.gravatar.com\\\/avatar\\\/7463443f194b6b5fb706b074ca0ef59a0cfcfd720cb47764b0ec5a952ce422b3?s=96&d=mm&r=g\",\"url\":\"https:\\\/\\\/secure.gravatar.com\\\/avatar\\\/7463443f194b6b5fb706b074ca0ef59a0cfcfd720cb47764b0ec5a952ce422b3?s=96&d=mm&r=g\",\"contentUrl\":\"https:\\\/\\\/secure.gravatar.com\\\/avatar\\\/7463443f194b6b5fb706b074ca0ef59a0cfcfd720cb47764b0ec5a952ce422b3?s=96&d=mm&r=g\",\"caption\":\"La r\u00e9daction\"},\"sameAs\":[\"https:\\\/\\\/stourm.news\"],\"url\":\"https:\\\/\\\/stourm.news\\\/?author=1\"}]}<\/script>\n<!-- \/ Yoast SEO plugin. -->","yoast_head_json":{"title":"Cambriolages en s\u00e9rie de commerces \u00e0 Rennes au mois d\u2019ao\u00fbt : Moubine Laza et Laoudine Mohamed condamn\u00e9s \u00e0 de la prison ferme - STOURM","robots":{"index":"index","follow":"follow","max-snippet":"max-snippet:-1","max-image-preview":"max-image-preview:large","max-video-preview":"max-video-preview:-1"},"canonical":"https:\/\/stourm.news\/?p=6563","og_locale":"fr_FR","og_type":"article","og_title":"Cambriolages en s\u00e9rie de commerces \u00e0 Rennes au mois d\u2019ao\u00fbt : Moubine Laza et Laoudine Mohamed condamn\u00e9s \u00e0 de la prison ferme - STOURM","og_description":"Le lundi 31 ao\u00fbt 2026, le tribunal judiciaire de Roazhon (Rennes) a condamn\u00e9 en comparution imm\u00e9diate deux hommes \u00e0 un an de prison ferme chacun pour une s\u00e9rie de cambriolages et de d\u00e9gradations commis dans des commerces du centre-ville durant le mois d\u2019ao\u00fbt indique Ouest-France. Les pr\u00e9venus sont Moubine Laza, 28 ans, et Laoudine Mohamed, [&hellip;]","og_url":"https:\/\/stourm.news\/?p=6563","og_site_name":"STOURM","article_publisher":"https:\/\/www.facebook.com\/stourmnews\/","article_published_time":"2026-09-02T00:44:53+00:00","og_image":[{"width":1186,"height":682,"url":"https:\/\/stourm.news\/wp-content\/uploads\/2026\/09\/Capture-decran-2026-09-02-a-09.43.27.png","type":"image\/png"}],"author":"La r\u00e9daction","twitter_card":"summary_large_image","twitter_misc":{"\u00c9crit par":"La r\u00e9daction","Dur\u00e9e de lecture estim\u00e9e":"2 minutes"},"schema":{"@context":"https:\/\/schema.org","@graph":[{"@type":"Article","@id":"https:\/\/stourm.news\/?p=6563#article","isPartOf":{"@id":"https:\/\/stourm.news\/?p=6563"},"author":{"name":"La r\u00e9daction","@id":"https:\/\/stourm.news\/#\/schema\/person\/c3e1dc65988632e190969234ef046cf9"},"headline":"Cambriolages en s\u00e9rie de commerces \u00e0 Rennes au mois d\u2019ao\u00fbt : Moubine Laza et Laoudine Mohamed condamn\u00e9s \u00e0 de la prison ferme","datePublished":"2026-09-02T00:44:53+00:00","mainEntityOfPage":{"@id":"https:\/\/stourm.news\/?p=6563"},"wordCount":303,"commentCount":0,"publisher":{"@id":"https:\/\/stourm.news\/#organization"},"image":{"@id":"https:\/\/stourm.news\/?p=6563#primaryimage"},"thumbnailUrl":"https:\/\/stourm.news\/wp-content\/uploads\/2026\/09\/Capture-decran-2026-09-02-a-09.43.27.png","articleSection":["Faits divers","Ille-et-Vilaine","Immigration","Principale","Revue de presse"],"inLanguage":"fr-FR","potentialAction":[{"@type":"CommentAction","name":"Comment","target":["https:\/\/stourm.news\/?p=6563#respond"]}]},{"@type":"WebPage","@id":"https:\/\/stourm.news\/?p=6563","url":"https:\/\/stourm.news\/?p=6563","name":"Cambriolages en s\u00e9rie de commerces \u00e0 Rennes au mois d\u2019ao\u00fbt : Moubine Laza et Laoudine Mohamed condamn\u00e9s \u00e0 de la prison ferme - STOURM","isPartOf":{"@id":"https:\/\/stourm.news\/#website"},"primaryImageOfPage":{"@id":"https:\/\/stourm.news\/?p=6563#primaryimage"},"image":{"@id":"https:\/\/stourm.news\/?p=6563#primaryimage"},"thumbnailUrl":"https:\/\/stourm.news\/wp-content\/uploads\/2026\/09\/Capture-decran-2026-09-02-a-09.43.27.png","datePublished":"2026-09-02T00:44:53+00:00","breadcrumb":{"@id":"https:\/\/stourm.news\/?p=6563#breadcrumb"},"inLanguage":"fr-FR","potentialAction":[{"@type":"ReadAction","target":["https:\/\/stourm.news\/?p=6563"]}]},{"@type":"ImageObject","inLanguage":"fr-FR","@id":"https:\/\/stourm.news\/?p=6563#primaryimage","url":"https:\/\/stourm.news\/wp-content\/uploads\/2026\/09\/Capture-decran-2026-09-02-a-09.43.27.png","contentUrl":"https:\/\/stourm.news\/wp-content\/uploads\/2026\/09\/Capture-decran-2026-09-02-a-09.43.27.png","width":1186,"height":682},{"@type":"BreadcrumbList","@id":"https:\/\/stourm.news\/?p=6563#breadcrumb","itemListElement":[{"@type":"ListItem","position":1,"name":"Accueil","item":"https:\/\/stourm.news\/"},{"@type":"ListItem","position":2,"name":"Cambriolages en s\u00e9rie de commerces \u00e0 Rennes au mois d\u2019ao\u00fbt : Moubine Laza et Laoudine Mohamed condamn\u00e9s \u00e0 de la prison ferme"}]},{"@type":"WebSite","@id":"https:\/\/stourm.news\/#website","url":"https:\/\/stourm.news\/","name":"Stourm","description":"Kazetenn Strollad Broadel Breizh","publisher":{"@id":"https:\/\/stourm.news\/#organization"},"potentialAction":[{"@type":"SearchAction","target":{"@type":"EntryPoint","urlTemplate":"https:\/\/stourm.news\/?s={search_term_string}"},"query-input":{"@type":"PropertyValueSpecification","valueRequired":true,"valueName":"search_term_string"}}],"inLanguage":"fr-FR"},{"@type":"Organization","@id":"https:\/\/stourm.news\/#organization","name":"Stourm","url":"https:\/\/stourm.news\/","logo":{"@type":"ImageObject","inLanguage":"fr-FR","@id":"https:\/\/stourm.news\/#\/schema\/logo\/image\/","url":"https:\/\/stourm.news\/wp-content\/uploads\/2025\/11\/cropped-Capture-decran-2025-11-28-a-15.19.07.png","contentUrl":"https:\/\/stourm.news\/wp-content\/uploads\/2025\/11\/cropped-Capture-decran-2025-11-28-a-15.19.07.png","width":1855,"height":383,"caption":"Stourm"},"image":{"@id":"https:\/\/stourm.news\/#\/schema\/logo\/image\/"},"sameAs":["https:\/\/www.facebook.com\/stourmnews\/"]},{"@type":"Person","@id":"https:\/\/stourm.news\/#\/schema\/person\/c3e1dc65988632e190969234ef046cf9","name":"La r\u00e9daction","image":{"@type":"ImageObject","inLanguage":"fr-FR","@id":"https:\/\/secure.gravatar.com\/avatar\/7463443f194b6b5fb706b074ca0ef59a0cfcfd720cb47764b0ec5a952ce422b3?s=96&d=mm&r=g","url":"https:\/\/secure.gravatar.com\/avatar\/7463443f194b6b5fb706b074ca0ef59a0cfcfd720cb47764b0ec5a952ce422b3?s=96&d=mm&r=g","contentUrl":"https:\/\/secure.gravatar.com\/avatar\/7463443f194b6b5fb706b074ca0ef59a0cfcfd720cb47764b0ec5a952ce422b3?s=96&d=mm&r=g","caption":"La r\u00e9daction"},"sameAs":["https:\/\/stourm.news"],"url":"https:\/\/stourm.news\/?author=1"}]}},"_links":{"self":[{"href":"https:\/\/stourm.news\/index.php?rest_route=\/wp\/v2\/posts\/6563","targetHints":{"allow":["GET"]}}],"collection":[{"href":"https:\/\/stourm.news\/index.php?rest_route=\/wp\/v2\/posts"}],"about":[{"href":"https:\/\/stourm.news\/index.php?rest_route=\/wp\/v2\/types\/post"}],"author":[{"embeddable":true,"href":"https:\/\/stourm.news\/index.php?rest_route=\/wp\/v2\/users\/1"}],"replies":[{"embeddable":true,"href":"https:\/\/stourm.news\/index.php?rest_route=%2Fwp%2Fv2%2Fcomments&post=6563"}],"version-history":[{"count":1,"href":"https:\/\/stourm.news\/index.php?rest_route=\/wp\/v2\/posts\/6563\/revisions"}],"predecessor-version":[{"id":6565,"href":"https:\/\/stourm.news\/index.php?rest_route=\/wp\/v2\/posts\/6563\/revisions\/6565"}],"wp:featuredmedia":[{"embeddable":true,"href":"https:\/\/stourm.news\/index.php?rest_route=\/wp\/v2\/media\/6564"}],"wp:attachment":[{"href":"https:\/\/stourm.news\/index.php?rest_route=%2Fwp%2Fv2%2Fmedia&parent=6563"}],"wp:term":[{"taxonomy":"category","embeddable":true,"href":"https:\/\/stourm.news\/index.php?rest_route=%2Fwp%2Fv2%2Fcategories&post=6563"},{"taxonomy":"post_tag","embeddable":true,"href":"https:\/\/stourm.news\/index.php?rest_route=%2Fwp%2Fv2%2Ftags&post=6563"}],"curies":[{"name":"wp","href":"https:\/\/api.w.org\/{rel}","templated":true}]}}