{"id":6567,"date":"2026-09-02T02:02:31","date_gmt":"2026-09-02T02:02:31","guid":{"rendered":"https:\/\/stourm.news\/?p=6567"},"modified":"2026-09-02T02:05:14","modified_gmt":"2026-09-02T02:05:14","slug":"lijzertreffen-2026-fraternite-bretonne-et-flamande-au-coeur-de-la-flandre","status":"publish","type":"post","link":"https:\/\/stourm.news\/?p=6567","title":{"rendered":"L\u2019IJzertreffen 2026 : fraternit\u00e9 bretonne et flamande au c\u0153ur de la Flandre"},"content":{"rendered":"<p style=\"text-align: justify;\"><span style=\"font-family: arial, helvetica, sans-serif; font-size: 14pt;\">Les 22 et 23 ao\u00fbt 2026, sur les terres historiques de Steenstrate, pr\u00e8s d\u2019Ieper (Ypres) en Flandre occidentale, s\u2019est tenu l\u2019IJzertreffen. Successeur de l\u2019IJzerwake, cet \u00e9v\u00e9nement annuel perp\u00e9tue une tradition n\u00e9e des tranch\u00e9es de la Premi\u00e8re Guerre mondiale. Une d\u00e9l\u00e9gation du Parti National Breton (PNB), men\u00e9e par son pr\u00e9sident Erwan Pradier, y a pris une part active. <\/span><\/p>\n<blockquote class=\"twitter-tweet\">\n<p dir=\"ltr\" lang=\"cy\">Ur dileuridigezh eus <a href=\"https:\/\/x.com\/pnbsbb?ref_src=twsrc%5Etfw\">@pnbsbb<\/a> a gemeret perzh gant valc\u2019hder e <a href=\"https:\/\/x.com\/IJzertreffen?ref_src=twsrc%5Etfw\">@IJzertreffen<\/a>. Degemeret tomm ha kalonek gant ar vrogarourien flamank, dreist-holl re <a href=\"https:\/\/x.com\/voorpost?ref_src=twsrc%5Etfw\">@voorpost<\/a> ha <a href=\"https:\/\/x.com\/nsvnationaal?ref_src=twsrc%5Etfw\">@nsvnationaal<\/a>, hor stourmerien o deus bevet ur mare kre\u00f1v a vreudeuriezh evit un Europa ar poblo\u00f9.<a href=\"https:\/\/x.com\/hashtag\/IJzertreffen?src=hash&amp;ref_src=twsrc%5Etfw\">#IJzertreffen<\/a> <a href=\"https:\/\/t.co\/MZsjRaDC0v\">pic.twitter.com\/MZsjRaDC0v<\/a><\/p>\n<p>\u2014 Parti National Breton | Strollad Broadel Breizh (@pnbsbb) <a href=\"https:\/\/x.com\/pnbsbb\/status\/2094688584850952479?ref_src=twsrc%5Etfw\">September 1, 2026<\/a><\/p><\/blockquote>\n<p><script async src=\"https:\/\/platform.x.com\/widgets.js\" charset=\"utf-8\"><\/script><\/p>\n<p style=\"text-align: justify;\"><span style=\"font-family: arial, helvetica, sans-serif; font-size: 14pt;\">Accueillis chaleureusement par les patriotes flamands, notamment ceux de Voorpost et du NSV, les militants bretons ont v\u00e9cu un moment intense de fraternit\u00e9, symbolis\u00e9 notamment par leur pr\u00e9sence dans la parade des drapeaux. Ce rendez-vous illustre la continuit\u00e9 d\u2019un combat nationaliste partag\u00e9 entre deux peuples europ\u00e9ens attach\u00e9s \u00e0 leur identit\u00e9, leur langue et leur droit \u00e0 l\u2019autod\u00e9termination.<\/span><\/p>\n<p style=\"text-align: justify;\"><strong><span style=\"font-family: arial, helvetica, sans-serif; font-size: 14pt;\">Les racines historiques de l\u2019\u00e9v\u00e9nement<\/span><\/strong><\/p>\n<p style=\"text-align: justify;\"><span style=\"font-family: arial, helvetica, sans-serif; font-size: 14pt;\">L\u2019histoire de l\u2019IJzertreffen plonge ses racines dans le front de l\u2019Yser. Pendant la Grande Guerre, des milliers de soldats flamands, souvent command\u00e9s par des officiers francophones, ont combattu et souffert dans des conditions terribles. De cette exp\u00e9rience est n\u00e9e la Frontbeweging, qui revendiquait le respect de la langue et de la culture flamandes. Apr\u00e8s 1918, cette aspiration s\u2019est cristallis\u00e9e dans l\u2019IJzerbedevaart, p\u00e8lerinage annuel inaugur\u00e9 en 1920 pour honorer les morts flamands. Le message des frontsoldats \u2013 \u00ab Nooit meer oorlog \u00bb (plus jamais de guerre), \u00ab Zelfbestuur \u00bb (autonomie) et \u00ab Godsvrede \u00bb (tr\u00eave de Dieu) \u2013 est rest\u00e9 le fil rouge.<\/span><\/p>\n<p style=\"text-align: justify;\"><span style=\"font-family: arial, helvetica, sans-serif; font-size: 14pt;\">En 2003, une aile plus r\u00e9solument nationaliste a cr\u00e9\u00e9 l\u2019IJzerwake \u00e0 Steenstrate, pr\u00e8s du monument des fr\u00e8res Van Raemdonck, soldats flamands tomb\u00e9s en 1917. En 2025, l\u2019\u00e9v\u00e9nement a \u00e9volu\u00e9 vers une formule plus familiale et festive sous le nom d\u2019IJzertreffen, tout en conservant le c\u0153ur traditionnel : la veille solennelle (IJzerwake), les hommages, la culture populaire et l\u2019affirmation identitaire. Le lieu n\u2019est pas anodin. Steenstrate, dans le Westhoek, incarne le souvenir des combats de 1914-1918 et demeure un haut lieu de m\u00e9moire pour la cause flamande.<\/span><\/p>\n<p style=\"text-align: justify;\"><strong><span style=\"font-family: arial, helvetica, sans-serif; font-size: 14pt;\">Le programme et les organisations pr\u00e9sentes<\/span><\/strong><\/p>\n<p style=\"text-align: justify;\"><span style=\"font-family: arial, helvetica, sans-serif; font-size: 14pt;\">Le programme 2026 s\u2019est d\u00e9roul\u00e9 sur deux jours. Le samedi a offert un cadre convivial : ouverture du camping, randonn\u00e9es guid\u00e9es, parcours v\u00e9lo et moto, jeux traditionnels (volksspelen), village des enfants (kinderdorp), stands associatifs et commerciaux, musique et soir\u00e9e de chants avec le Groot Vlaams Zangorkest. Le dimanche a concentr\u00e9 les moments forts : l\u2019IJzerwake de 11h \u00e0 12h15, un panel-d\u00e9bat sur le th\u00e8me \u00ab Un climat de peur \u00bb avec Lode Goukens, Michael Verstraeten et Ferdinand Meeus (mod\u00e9r\u00e9 par Roan Asselman), la parade des drapeaux (vlaggenparade) \u00e0 14h40, des d\u00e9monstrations d\u2019artisans traditionnels (ambachtendorp), des expositions et des prestations musicales. <\/span><\/p>\n<p><img fetchpriority=\"high\" decoding=\"async\" class=\"alignnone wp-image-6580 size-full\" src=\"https:\/\/stourm.news\/wp-content\/uploads\/2026\/09\/HKESQgdXYAAEhI3.jpg\" alt=\"\" width=\"1080\" height=\"1350\" srcset=\"https:\/\/stourm.news\/wp-content\/uploads\/2026\/09\/HKESQgdXYAAEhI3.jpg 1080w, https:\/\/stourm.news\/wp-content\/uploads\/2026\/09\/HKESQgdXYAAEhI3-240x300.jpg 240w, https:\/\/stourm.news\/wp-content\/uploads\/2026\/09\/HKESQgdXYAAEhI3-819x1024.jpg 819w, https:\/\/stourm.news\/wp-content\/uploads\/2026\/09\/HKESQgdXYAAEhI3-768x960.jpg 768w\" sizes=\"(max-width: 1080px) 100vw, 1080px\" \/><\/p>\n<p style=\"text-align: justify;\"><span style=\"font-family: arial, helvetica, sans-serif; font-size: 14pt;\">Parmi les organisations pr\u00e9sentes figuraient notamment Voorpost, le NSV (Nationalistische Studentenvereniging) et d\u2019autres associations de la mouvance nationaliste flamande. Ces groupes ont contribu\u00e9 \u00e0 l\u2019ambiance fraternelle et d\u00e9termin\u00e9e qui a marqu\u00e9 le week-end.<\/span><\/p>\n<p style=\"text-align: justify;\"><strong><span style=\"font-family: arial, helvetica, sans-serif; font-size: 14pt;\">Les liens historiques entre Bretons et Flamands<\/span><\/strong><\/p>\n<p style=\"text-align: justify;\"><span style=\"font-family: arial, helvetica, sans-serif; font-size: 14pt;\">Bien avant les combats nationalistes modernes, la Bretagne et la Flandre entretenaient des relations \u00e9troites \u00e0 l\u2019\u00e9poque o\u00f9 elles jouissaient encore d\u2019une large ind\u00e9pendance. D\u00e8s le XIIe si\u00e8cle, une tradition d\u2019alliances matrimoniales unit les deux principaut\u00e9s. Au XIVe si\u00e8cle, ces liens se renforcent nettement : en 1323, Jeanne de Bretagne \u00e9pouse Robert de Cassel, fils du comte Robert de B\u00e9thune ; vers 1329, Jean de Montfort \u00e9pouse Jeanne de Flandre, s\u0153ur de Louis de Cr\u00e9cy. Ces mariages ne sont pas de pure formalit\u00e9. Pendant la guerre de Succession de Bretagne (1341-1365), le soutien flamand \u00e0 la cause des Montfort s\u2019av\u00e8re concret. Lorsque Jean de Montfort est captur\u00e9, sa femme Jeanne de Flandre l\u00e8ve une arm\u00e9e compos\u00e9e de Bretons et de Flamands pour reprendre Redon et Gu\u00e9rande. Plus tard, Jean IV trouve refuge \u00e0 plusieurs reprises \u00e0 la cour de Louis de Male, comte de Flandre, et b\u00e9n\u00e9ficie de sa m\u00e9diation face au roi de France Charles V. Sur le plan \u00e9conomique, le cabotage breton joue un r\u00f4le essentiel : les navires bretons assurent le transport du vin, des draps et d\u2019autres denr\u00e9es entre les ports bordelais, bretons et flamands. La position strat\u00e9gique de la Bretagne, contr\u00f4lant les routes maritimes de l\u2019Atlantique, int\u00e9resse directement les Flamands, dont la prosp\u00e9rit\u00e9 repose en grande partie sur le commerce textile et les \u00e9changes avec l\u2019Angleterre. \u00c0 la fin du Moyen \u00c2ge, l\u2019alliance se poursuit sous les ducs de Bourgogne, h\u00e9ritiers des comtes de Flandre. Philippe le Hardi intervient comme arbitre dans les conflits bretons et devient m\u00eame r\u00e9gent du duch\u00e9 en 1402. Les deux principaut\u00e9s resserrent leurs liens face \u00e0 l\u2019affirmation progressive de la monarchie fran\u00e7aise. En 1487 encore, des troupes flamandes d\u00e9barquent \u00e0 Saint-Malo pour soutenir les Bretons contre l\u2019invasion fran\u00e7aise. La logique strat\u00e9gique est claire : deux \u00c9tats princiers riches, ouverts sur la mer, cherchent \u00e0 pr\u00e9server leur ind\u00e9pendance face \u00e0 la pression cap\u00e9tienne puis valoisienne. En s\u2019appuyant mutuellement, et parfois sur l\u2019Angleterre, ils tentent de maintenir un \u00e9quilibre favorable \u00e0 leur ind\u00e9pendance. Ces relations entre \u00c9tats breton et flamand constituent un pr\u00e9c\u00e9dent significatif des solidarit\u00e9s qui se retrouvent encore aujourd\u2019hui. <\/span><\/p>\n<p style=\"text-align: justify;\"><strong><span style=\"font-family: arial, helvetica, sans-serif; font-size: 14pt;\">Les liens dans le combat nationaliste moderne<\/span><\/strong><\/p>\n<p style=\"text-align: justify;\"><span style=\"font-family: arial, helvetica, sans-serif; font-size: 14pt;\">Les relations entre nationalistes bretons et flamands ne datent pas d\u2019hier. D\u00e8s les ann\u00e9es 1920, le mouvement breton s\u2019int\u00e9resse au r\u00e9veil flamand. En juillet 1921, Olier Mordrel \u00e9crit dans Breiz Atao sur \u00ab le r\u00e9veil flamand \u00bb. En f\u00e9vrier 1925, Mordrel, Morvan Marchal et le chanteur Emile Cueff se rendent en Belgique pour rencontrer des \u00e9tudiants nationalistes flamands. Le congr\u00e8s de Rosporden des 10 et 11 septembre 1927 constitue un moment cl\u00e9 : des repr\u00e9sentants flamands y assistent aux c\u00f4t\u00e9s d\u2019Alsaciens, de Corses et de Celtes. Breiz Atao et les militants de l\u2019\u00e9poque d\u00e9fendent une Europe des peuples o\u00f9 chaque nation pourrait s\u2019\u00e9panouir librement. <\/span><\/p>\n<p style=\"text-align: justify;\"><strong><span style=\"font-family: arial, helvetica, sans-serif; font-size: 14pt;\">L\u2019accueil chaleureux et la participation des Bretons<\/span><\/strong><\/p>\n<p style=\"text-align: justify;\"><span style=\"font-family: arial, helvetica, sans-serif; font-size: 14pt;\">La d\u00e9l\u00e9gation du PNB a \u00e9t\u00e9 re\u00e7ue avec une chaleur sinc\u00e8re. Les militants de Voorpost et du NSV ont multipli\u00e9 les gestes de fraternit\u00e9, soulignant la communaut\u00e9 de destin entre les deux peuples. Erwan Pradier, pr\u00e9sident du Parti National Breton, a incarn\u00e9 cette pr\u00e9sence en compagnie des autres militants du Parti. Les Bretons ont pris part avec \u00e9motion \u00e0 la parade des drapeaux du dimanche apr\u00e8s-midi. Les Gwenn-ha-Du claquaient au vent aux c\u00f4t\u00e9s des drapeaux flamands, symbole fort d\u2019une Europe des nations souveraines.<\/span><\/p>\n<p><img decoding=\"async\" class=\"alignnone wp-image-6568 size-full\" src=\"https:\/\/stourm.news\/wp-content\/uploads\/2026\/09\/signal-2026-08-25-02-41-35-628_002-1-scaled.jpg\" alt=\"\" width=\"1920\" height=\"2560\" srcset=\"https:\/\/stourm.news\/wp-content\/uploads\/2026\/09\/signal-2026-08-25-02-41-35-628_002-1-scaled.jpg 1920w, https:\/\/stourm.news\/wp-content\/uploads\/2026\/09\/signal-2026-08-25-02-41-35-628_002-1-225x300.jpg 225w, https:\/\/stourm.news\/wp-content\/uploads\/2026\/09\/signal-2026-08-25-02-41-35-628_002-1-768x1024.jpg 768w, https:\/\/stourm.news\/wp-content\/uploads\/2026\/09\/signal-2026-08-25-02-41-35-628_002-1-1152x1536.jpg 1152w, https:\/\/stourm.news\/wp-content\/uploads\/2026\/09\/signal-2026-08-25-02-41-35-628_002-1-1536x2048.jpg 1536w\" sizes=\"(max-width: 1920px) 100vw, 1920px\" \/><\/p>\n<p><img decoding=\"async\" class=\"alignnone wp-image-6569 size-full\" src=\"https:\/\/stourm.news\/wp-content\/uploads\/2026\/09\/signal-2026-08-25-02-41-35-628_027-scaled.jpg\" alt=\"\" width=\"1920\" height=\"2560\" srcset=\"https:\/\/stourm.news\/wp-content\/uploads\/2026\/09\/signal-2026-08-25-02-41-35-628_027-scaled.jpg 1920w, https:\/\/stourm.news\/wp-content\/uploads\/2026\/09\/signal-2026-08-25-02-41-35-628_027-225x300.jpg 225w, https:\/\/stourm.news\/wp-content\/uploads\/2026\/09\/signal-2026-08-25-02-41-35-628_027-768x1024.jpg 768w, https:\/\/stourm.news\/wp-content\/uploads\/2026\/09\/signal-2026-08-25-02-41-35-628_027-1152x1536.jpg 1152w, https:\/\/stourm.news\/wp-content\/uploads\/2026\/09\/signal-2026-08-25-02-41-35-628_027-1536x2048.jpg 1536w\" sizes=\"(max-width: 1920px) 100vw, 1920px\" \/><\/p>\n<p><img loading=\"lazy\" decoding=\"async\" class=\"alignnone wp-image-6570 size-full\" src=\"https:\/\/stourm.news\/wp-content\/uploads\/2026\/09\/IMG_8324-scaled.jpg\" alt=\"\" width=\"2560\" height=\"1920\" srcset=\"https:\/\/stourm.news\/wp-content\/uploads\/2026\/09\/IMG_8324-scaled.jpg 2560w, https:\/\/stourm.news\/wp-content\/uploads\/2026\/09\/IMG_8324-300x225.jpg 300w, https:\/\/stourm.news\/wp-content\/uploads\/2026\/09\/IMG_8324-1024x768.jpg 1024w, https:\/\/stourm.news\/wp-content\/uploads\/2026\/09\/IMG_8324-768x576.jpg 768w, https:\/\/stourm.news\/wp-content\/uploads\/2026\/09\/IMG_8324-1536x1152.jpg 1536w, https:\/\/stourm.news\/wp-content\/uploads\/2026\/09\/IMG_8324-2048x1536.jpg 2048w\" sizes=\"(max-width: 2560px) 100vw, 2560px\" \/><\/p>\n<p><img loading=\"lazy\" decoding=\"async\" class=\"alignnone wp-image-6571 size-full\" src=\"https:\/\/stourm.news\/wp-content\/uploads\/2026\/09\/IMG_8198-scaled.jpg\" alt=\"\" width=\"2560\" height=\"1920\" srcset=\"https:\/\/stourm.news\/wp-content\/uploads\/2026\/09\/IMG_8198-scaled.jpg 2560w, https:\/\/stourm.news\/wp-content\/uploads\/2026\/09\/IMG_8198-300x225.jpg 300w, https:\/\/stourm.news\/wp-content\/uploads\/2026\/09\/IMG_8198-1024x768.jpg 1024w, https:\/\/stourm.news\/wp-content\/uploads\/2026\/09\/IMG_8198-768x576.jpg 768w, https:\/\/stourm.news\/wp-content\/uploads\/2026\/09\/IMG_8198-1536x1152.jpg 1536w, https:\/\/stourm.news\/wp-content\/uploads\/2026\/09\/IMG_8198-2048x1536.jpg 2048w\" sizes=\"(max-width: 2560px) 100vw, 2560px\" \/><\/p>\n<p><img loading=\"lazy\" decoding=\"async\" class=\"alignnone wp-image-6572 size-full\" src=\"https:\/\/stourm.news\/wp-content\/uploads\/2026\/09\/IMG_8182-scaled.jpg\" alt=\"\" width=\"2560\" height=\"1920\" srcset=\"https:\/\/stourm.news\/wp-content\/uploads\/2026\/09\/IMG_8182-scaled.jpg 2560w, https:\/\/stourm.news\/wp-content\/uploads\/2026\/09\/IMG_8182-300x225.jpg 300w, https:\/\/stourm.news\/wp-content\/uploads\/2026\/09\/IMG_8182-1024x768.jpg 1024w, https:\/\/stourm.news\/wp-content\/uploads\/2026\/09\/IMG_8182-768x576.jpg 768w, https:\/\/stourm.news\/wp-content\/uploads\/2026\/09\/IMG_8182-1536x1152.jpg 1536w, https:\/\/stourm.news\/wp-content\/uploads\/2026\/09\/IMG_8182-2048x1536.jpg 2048w\" sizes=\"(max-width: 2560px) 100vw, 2560px\" \/><\/p>\n<p><img loading=\"lazy\" decoding=\"async\" class=\"alignnone wp-image-6573 size-full\" src=\"https:\/\/stourm.news\/wp-content\/uploads\/2026\/09\/IMG_8389-scaled.jpg\" alt=\"\" width=\"1920\" height=\"2560\" srcset=\"https:\/\/stourm.news\/wp-content\/uploads\/2026\/09\/IMG_8389-scaled.jpg 1920w, https:\/\/stourm.news\/wp-content\/uploads\/2026\/09\/IMG_8389-225x300.jpg 225w, https:\/\/stourm.news\/wp-content\/uploads\/2026\/09\/IMG_8389-768x1024.jpg 768w, https:\/\/stourm.news\/wp-content\/uploads\/2026\/09\/IMG_8389-1152x1536.jpg 1152w, https:\/\/stourm.news\/wp-content\/uploads\/2026\/09\/IMG_8389-1536x2048.jpg 1536w\" sizes=\"(max-width: 1920px) 100vw, 1920px\" \/><\/p>\n<p><img loading=\"lazy\" decoding=\"async\" class=\"alignnone wp-image-6575 size-full\" src=\"https:\/\/stourm.news\/wp-content\/uploads\/2026\/09\/IMG_8373-scaled.jpg\" alt=\"\" width=\"2560\" height=\"1920\" srcset=\"https:\/\/stourm.news\/wp-content\/uploads\/2026\/09\/IMG_8373-scaled.jpg 2560w, https:\/\/stourm.news\/wp-content\/uploads\/2026\/09\/IMG_8373-300x225.jpg 300w, https:\/\/stourm.news\/wp-content\/uploads\/2026\/09\/IMG_8373-1024x768.jpg 1024w, https:\/\/stourm.news\/wp-content\/uploads\/2026\/09\/IMG_8373-768x576.jpg 768w, https:\/\/stourm.news\/wp-content\/uploads\/2026\/09\/IMG_8373-1536x1152.jpg 1536w, https:\/\/stourm.news\/wp-content\/uploads\/2026\/09\/IMG_8373-2048x1536.jpg 2048w\" sizes=\"(max-width: 2560px) 100vw, 2560px\" \/><\/p>\n<p><img loading=\"lazy\" decoding=\"async\" class=\"alignnone wp-image-6577 size-full\" src=\"https:\/\/stourm.news\/wp-content\/uploads\/2026\/09\/IMG_8233-scaled.jpg\" alt=\"\" width=\"1920\" height=\"2560\" srcset=\"https:\/\/stourm.news\/wp-content\/uploads\/2026\/09\/IMG_8233-scaled.jpg 1920w, https:\/\/stourm.news\/wp-content\/uploads\/2026\/09\/IMG_8233-225x300.jpg 225w, https:\/\/stourm.news\/wp-content\/uploads\/2026\/09\/IMG_8233-768x1024.jpg 768w, https:\/\/stourm.news\/wp-content\/uploads\/2026\/09\/IMG_8233-1152x1536.jpg 1152w, https:\/\/stourm.news\/wp-content\/uploads\/2026\/09\/IMG_8233-1536x2048.jpg 1536w\" sizes=\"(max-width: 1920px) 100vw, 1920px\" \/><\/p>\n<p><img loading=\"lazy\" decoding=\"async\" class=\"alignnone wp-image-6579 size-full\" src=\"https:\/\/stourm.news\/wp-content\/uploads\/2026\/09\/IMG_8291-scaled.jpg\" alt=\"\" width=\"2560\" height=\"1920\" srcset=\"https:\/\/stourm.news\/wp-content\/uploads\/2026\/09\/IMG_8291-scaled.jpg 2560w, https:\/\/stourm.news\/wp-content\/uploads\/2026\/09\/IMG_8291-300x225.jpg 300w, https:\/\/stourm.news\/wp-content\/uploads\/2026\/09\/IMG_8291-1024x768.jpg 1024w, https:\/\/stourm.news\/wp-content\/uploads\/2026\/09\/IMG_8291-768x576.jpg 768w, https:\/\/stourm.news\/wp-content\/uploads\/2026\/09\/IMG_8291-1536x1152.jpg 1536w, https:\/\/stourm.news\/wp-content\/uploads\/2026\/09\/IMG_8291-2048x1536.jpg 2048w\" sizes=\"(max-width: 2560px) 100vw, 2560px\" \/><\/p>\n<p style=\"text-align: justify;\"><span style=\"font-family: arial, helvetica, sans-serif; font-size: 14pt;\">Les militants du PNB ont exprim\u00e9 leur profonde satisfaction. Ils ont salu\u00e9 l\u2019organisation impeccable, l\u2019atmosph\u00e8re familiale et patriotique, et surtout la qualit\u00e9 des \u00e9changes. Les remerciements adress\u00e9s aux h\u00f4tes flamands ont \u00e9t\u00e9 chaleureux et sinc\u00e8res : \u00ab Merci aux patriotes flamands pour cet accueil fraternel. Notre combat est commun. \u00bbUne note positive pour l\u2019avenirL\u2019IJzertreffen 2026 restera dans les m\u00e9moires comme un moment de communion authentique. Loin des pol\u00e9miques m\u00e9diatiques, Bretons et Flamands ont r\u00e9affirm\u00e9 leur attachement \u00e0 leurs racines, \u00e0 leur langue et \u00e0 leur droit \u00e0 disposer d\u2019eux-m\u00eames. Dans une Europe o\u00f9 les identit\u00e9s sont souvent malmen\u00e9es, de telles rencontres rappellent que la fraternit\u00e9 des peuples libres demeure possible et n\u00e9cessaire.<\/span><\/p>\n<p style=\"text-align: justify;\"><span style=\"font-family: arial, helvetica, sans-serif; font-size: 14pt;\">Le Parti National Breton repart de Steenstrate plus d\u00e9termin\u00e9 que jamais. L\u2019invitation a \u00e9t\u00e9 lanc\u00e9e : les patriotes flamands seront les bienvenus en Bretagne. Ensemble, pour une Europe des peuples, o\u00f9 chaque nation pourra enfin vivre pleinement sa destin\u00e9e. <\/span><\/p>\n<p style=\"text-align: justify;\"><span style=\"font-family: arial, helvetica, sans-serif; font-size: 14pt;\">Breizh atav ! Vlaanderen vooruit ! <\/span><\/p>\n<p style=\"text-align: right;\"><strong><span style=\"font-family: arial, helvetica, sans-serif; font-size: 14pt;\">Budig Gourmaelon<\/span><\/strong><\/p>\n","protected":false},"excerpt":{"rendered":"<p>Les 22 et 23 ao\u00fbt 2026, sur les terres historiques de Steenstrate, pr\u00e8s d\u2019Ieper (Ypres) en Flandre occidentale, s\u2019est tenu l\u2019IJzertreffen. Successeur de l\u2019IJzerwake, cet \u00e9v\u00e9nement annuel perp\u00e9tue une tradition n\u00e9e des tranch\u00e9es de la Premi\u00e8re Guerre mondiale. Une d\u00e9l\u00e9gation du Parti National Breton (PNB), men\u00e9e par son pr\u00e9sident Erwan Pradier, y a pris une [&hellip;]<\/p>\n","protected":false},"author":1,"featured_media":6568,"comment_status":"open","ping_status":"open","sticky":false,"template":"","format":"standard","meta":{"sb_editor_width":"","footnotes":""},"categories":[67,65,49],"tags":[],"class_list":["post-6567","post","type-post","status-publish","format-standard","has-post-thumbnail","hentry","category-politique","category-principale","category-vie-du-parti"],"relative_dates":{"created":"2 heures ago","modified":"1 heure ago"},"yoast_head":"<!-- This site is optimized with the Yoast SEO plugin v28.2 - https:\/\/yoast.com\/product\/yoast-seo-wordpress\/ -->\n<title>L\u2019IJzertreffen 2026 : fraternit\u00e9 bretonne et flamande au c\u0153ur de la Flandre - STOURM<\/title>\n<meta name=\"robots\" content=\"index, follow, max-snippet:-1, max-image-preview:large, max-video-preview:-1\" \/>\n<link rel=\"canonical\" href=\"https:\/\/stourm.news\/?p=6567\" \/>\n<meta property=\"og:locale\" content=\"fr_FR\" \/>\n<meta property=\"og:type\" content=\"article\" \/>\n<meta property=\"og:title\" content=\"L\u2019IJzertreffen 2026 : fraternit\u00e9 bretonne et flamande au c\u0153ur de la Flandre - STOURM\" \/>\n<meta property=\"og:description\" content=\"Les 22 et 23 ao\u00fbt 2026, sur les terres historiques de Steenstrate, pr\u00e8s d\u2019Ieper (Ypres) en Flandre occidentale, s\u2019est tenu l\u2019IJzertreffen. Successeur de l\u2019IJzerwake, cet \u00e9v\u00e9nement annuel perp\u00e9tue une tradition n\u00e9e des tranch\u00e9es de la Premi\u00e8re Guerre mondiale. Une d\u00e9l\u00e9gation du Parti National Breton (PNB), men\u00e9e par son pr\u00e9sident Erwan Pradier, y a pris une [&hellip;]\" \/>\n<meta property=\"og:url\" content=\"https:\/\/stourm.news\/?p=6567\" \/>\n<meta property=\"og:site_name\" content=\"STOURM\" \/>\n<meta property=\"article:publisher\" content=\"https:\/\/www.facebook.com\/stourmnews\/\" \/>\n<meta property=\"article:published_time\" content=\"2026-09-02T02:02:31+00:00\" \/>\n<meta property=\"article:modified_time\" content=\"2026-09-02T02:05:14+00:00\" \/>\n<meta property=\"og:image\" content=\"https:\/\/stourm.news\/wp-content\/uploads\/2026\/09\/signal-2026-08-25-02-41-35-628_002-1-scaled.jpg\" \/>\n\t<meta property=\"og:image:width\" content=\"1920\" \/>\n\t<meta property=\"og:image:height\" content=\"2560\" \/>\n\t<meta property=\"og:image:type\" content=\"image\/jpeg\" \/>\n<meta name=\"author\" content=\"La r\u00e9daction\" \/>\n<meta name=\"twitter:card\" content=\"summary_large_image\" \/>\n<meta name=\"twitter:label1\" content=\"\u00c9crit par\" \/>\n\t<meta name=\"twitter:data1\" content=\"La r\u00e9daction\" \/>\n\t<meta name=\"twitter:label2\" content=\"Dur\u00e9e de lecture estim\u00e9e\" \/>\n\t<meta name=\"twitter:data2\" content=\"9 minutes\" \/>\n<script type=\"application\/ld+json\" class=\"yoast-schema-graph\">{\"@context\":\"https:\\\/\\\/schema.org\",\"@graph\":[{\"@type\":\"Article\",\"@id\":\"https:\\\/\\\/stourm.news\\\/?p=6567#article\",\"isPartOf\":{\"@id\":\"https:\\\/\\\/stourm.news\\\/?p=6567\"},\"author\":{\"name\":\"La r\u00e9daction\",\"@id\":\"https:\\\/\\\/stourm.news\\\/#\\\/schema\\\/person\\\/c3e1dc65988632e190969234ef046cf9\"},\"headline\":\"L\u2019IJzertreffen 2026 : fraternit\u00e9 bretonne et flamande au c\u0153ur de la Flandre\",\"datePublished\":\"2026-09-02T02:02:31+00:00\",\"dateModified\":\"2026-09-02T02:05:14+00:00\",\"mainEntityOfPage\":{\"@id\":\"https:\\\/\\\/stourm.news\\\/?p=6567\"},\"wordCount\":1327,\"commentCount\":0,\"publisher\":{\"@id\":\"https:\\\/\\\/stourm.news\\\/#organization\"},\"image\":{\"@id\":\"https:\\\/\\\/stourm.news\\\/?p=6567#primaryimage\"},\"thumbnailUrl\":\"https:\\\/\\\/stourm.news\\\/wp-content\\\/uploads\\\/2026\\\/09\\\/signal-2026-08-25-02-41-35-628_002-1-scaled.jpg\",\"articleSection\":[\"Politique\",\"Principale\",\"Vie du Parti\"],\"inLanguage\":\"fr-FR\",\"potentialAction\":[{\"@type\":\"CommentAction\",\"name\":\"Comment\",\"target\":[\"https:\\\/\\\/stourm.news\\\/?p=6567#respond\"]}]},{\"@type\":\"WebPage\",\"@id\":\"https:\\\/\\\/stourm.news\\\/?p=6567\",\"url\":\"https:\\\/\\\/stourm.news\\\/?p=6567\",\"name\":\"L\u2019IJzertreffen 2026 : fraternit\u00e9 bretonne et flamande au c\u0153ur de la Flandre - STOURM\",\"isPartOf\":{\"@id\":\"https:\\\/\\\/stourm.news\\\/#website\"},\"primaryImageOfPage\":{\"@id\":\"https:\\\/\\\/stourm.news\\\/?p=6567#primaryimage\"},\"image\":{\"@id\":\"https:\\\/\\\/stourm.news\\\/?p=6567#primaryimage\"},\"thumbnailUrl\":\"https:\\\/\\\/stourm.news\\\/wp-content\\\/uploads\\\/2026\\\/09\\\/signal-2026-08-25-02-41-35-628_002-1-scaled.jpg\",\"datePublished\":\"2026-09-02T02:02:31+00:00\",\"dateModified\":\"2026-09-02T02:05:14+00:00\",\"breadcrumb\":{\"@id\":\"https:\\\/\\\/stourm.news\\\/?p=6567#breadcrumb\"},\"inLanguage\":\"fr-FR\",\"potentialAction\":[{\"@type\":\"ReadAction\",\"target\":[\"https:\\\/\\\/stourm.news\\\/?p=6567\"]}]},{\"@type\":\"ImageObject\",\"inLanguage\":\"fr-FR\",\"@id\":\"https:\\\/\\\/stourm.news\\\/?p=6567#primaryimage\",\"url\":\"https:\\\/\\\/stourm.news\\\/wp-content\\\/uploads\\\/2026\\\/09\\\/signal-2026-08-25-02-41-35-628_002-1-scaled.jpg\",\"contentUrl\":\"https:\\\/\\\/stourm.news\\\/wp-content\\\/uploads\\\/2026\\\/09\\\/signal-2026-08-25-02-41-35-628_002-1-scaled.jpg\",\"width\":1920,\"height\":2560},{\"@type\":\"BreadcrumbList\",\"@id\":\"https:\\\/\\\/stourm.news\\\/?p=6567#breadcrumb\",\"itemListElement\":[{\"@type\":\"ListItem\",\"position\":1,\"name\":\"Accueil\",\"item\":\"https:\\\/\\\/stourm.news\\\/\"},{\"@type\":\"ListItem\",\"position\":2,\"name\":\"L\u2019IJzertreffen 2026 : fraternit\u00e9 bretonne et flamande au c\u0153ur de la Flandre\"}]},{\"@type\":\"WebSite\",\"@id\":\"https:\\\/\\\/stourm.news\\\/#website\",\"url\":\"https:\\\/\\\/stourm.news\\\/\",\"name\":\"Stourm\",\"description\":\"Kazetenn Strollad Broadel Breizh\",\"publisher\":{\"@id\":\"https:\\\/\\\/stourm.news\\\/#organization\"},\"potentialAction\":[{\"@type\":\"SearchAction\",\"target\":{\"@type\":\"EntryPoint\",\"urlTemplate\":\"https:\\\/\\\/stourm.news\\\/?s={search_term_string}\"},\"query-input\":{\"@type\":\"PropertyValueSpecification\",\"valueRequired\":true,\"valueName\":\"search_term_string\"}}],\"inLanguage\":\"fr-FR\"},{\"@type\":\"Organization\",\"@id\":\"https:\\\/\\\/stourm.news\\\/#organization\",\"name\":\"Stourm\",\"url\":\"https:\\\/\\\/stourm.news\\\/\",\"logo\":{\"@type\":\"ImageObject\",\"inLanguage\":\"fr-FR\",\"@id\":\"https:\\\/\\\/stourm.news\\\/#\\\/schema\\\/logo\\\/image\\\/\",\"url\":\"https:\\\/\\\/stourm.news\\\/wp-content\\\/uploads\\\/2025\\\/11\\\/cropped-Capture-decran-2025-11-28-a-15.19.07.png\",\"contentUrl\":\"https:\\\/\\\/stourm.news\\\/wp-content\\\/uploads\\\/2025\\\/11\\\/cropped-Capture-decran-2025-11-28-a-15.19.07.png\",\"width\":1855,\"height\":383,\"caption\":\"Stourm\"},\"image\":{\"@id\":\"https:\\\/\\\/stourm.news\\\/#\\\/schema\\\/logo\\\/image\\\/\"},\"sameAs\":[\"https:\\\/\\\/www.facebook.com\\\/stourmnews\\\/\"]},{\"@type\":\"Person\",\"@id\":\"https:\\\/\\\/stourm.news\\\/#\\\/schema\\\/person\\\/c3e1dc65988632e190969234ef046cf9\",\"name\":\"La r\u00e9daction\",\"image\":{\"@type\":\"ImageObject\",\"inLanguage\":\"fr-FR\",\"@id\":\"https:\\\/\\\/secure.gravatar.com\\\/avatar\\\/7463443f194b6b5fb706b074ca0ef59a0cfcfd720cb47764b0ec5a952ce422b3?s=96&d=mm&r=g\",\"url\":\"https:\\\/\\\/secure.gravatar.com\\\/avatar\\\/7463443f194b6b5fb706b074ca0ef59a0cfcfd720cb47764b0ec5a952ce422b3?s=96&d=mm&r=g\",\"contentUrl\":\"https:\\\/\\\/secure.gravatar.com\\\/avatar\\\/7463443f194b6b5fb706b074ca0ef59a0cfcfd720cb47764b0ec5a952ce422b3?s=96&d=mm&r=g\",\"caption\":\"La r\u00e9daction\"},\"sameAs\":[\"https:\\\/\\\/stourm.news\"],\"url\":\"https:\\\/\\\/stourm.news\\\/?author=1\"}]}<\/script>\n<!-- \/ Yoast SEO plugin. -->","yoast_head_json":{"title":"L\u2019IJzertreffen 2026 : fraternit\u00e9 bretonne et flamande au c\u0153ur de la Flandre - STOURM","robots":{"index":"index","follow":"follow","max-snippet":"max-snippet:-1","max-image-preview":"max-image-preview:large","max-video-preview":"max-video-preview:-1"},"canonical":"https:\/\/stourm.news\/?p=6567","og_locale":"fr_FR","og_type":"article","og_title":"L\u2019IJzertreffen 2026 : fraternit\u00e9 bretonne et flamande au c\u0153ur de la Flandre - STOURM","og_description":"Les 22 et 23 ao\u00fbt 2026, sur les terres historiques de Steenstrate, pr\u00e8s d\u2019Ieper (Ypres) en Flandre occidentale, s\u2019est tenu l\u2019IJzertreffen. Successeur de l\u2019IJzerwake, cet \u00e9v\u00e9nement annuel perp\u00e9tue une tradition n\u00e9e des tranch\u00e9es de la Premi\u00e8re Guerre mondiale. Une d\u00e9l\u00e9gation du Parti National Breton (PNB), men\u00e9e par son pr\u00e9sident Erwan Pradier, y a pris une [&hellip;]","og_url":"https:\/\/stourm.news\/?p=6567","og_site_name":"STOURM","article_publisher":"https:\/\/www.facebook.com\/stourmnews\/","article_published_time":"2026-09-02T02:02:31+00:00","article_modified_time":"2026-09-02T02:05:14+00:00","og_image":[{"width":1920,"height":2560,"url":"https:\/\/stourm.news\/wp-content\/uploads\/2026\/09\/signal-2026-08-25-02-41-35-628_002-1-scaled.jpg","type":"image\/jpeg"}],"author":"La r\u00e9daction","twitter_card":"summary_large_image","twitter_misc":{"\u00c9crit par":"La r\u00e9daction","Dur\u00e9e de lecture estim\u00e9e":"9 minutes"},"schema":{"@context":"https:\/\/schema.org","@graph":[{"@type":"Article","@id":"https:\/\/stourm.news\/?p=6567#article","isPartOf":{"@id":"https:\/\/stourm.news\/?p=6567"},"author":{"name":"La r\u00e9daction","@id":"https:\/\/stourm.news\/#\/schema\/person\/c3e1dc65988632e190969234ef046cf9"},"headline":"L\u2019IJzertreffen 2026 : fraternit\u00e9 bretonne et flamande au c\u0153ur de la Flandre","datePublished":"2026-09-02T02:02:31+00:00","dateModified":"2026-09-02T02:05:14+00:00","mainEntityOfPage":{"@id":"https:\/\/stourm.news\/?p=6567"},"wordCount":1327,"commentCount":0,"publisher":{"@id":"https:\/\/stourm.news\/#organization"},"image":{"@id":"https:\/\/stourm.news\/?p=6567#primaryimage"},"thumbnailUrl":"https:\/\/stourm.news\/wp-content\/uploads\/2026\/09\/signal-2026-08-25-02-41-35-628_002-1-scaled.jpg","articleSection":["Politique","Principale","Vie du Parti"],"inLanguage":"fr-FR","potentialAction":[{"@type":"CommentAction","name":"Comment","target":["https:\/\/stourm.news\/?p=6567#respond"]}]},{"@type":"WebPage","@id":"https:\/\/stourm.news\/?p=6567","url":"https:\/\/stourm.news\/?p=6567","name":"L\u2019IJzertreffen 2026 : fraternit\u00e9 bretonne et flamande au c\u0153ur de la Flandre - STOURM","isPartOf":{"@id":"https:\/\/stourm.news\/#website"},"primaryImageOfPage":{"@id":"https:\/\/stourm.news\/?p=6567#primaryimage"},"image":{"@id":"https:\/\/stourm.news\/?p=6567#primaryimage"},"thumbnailUrl":"https:\/\/stourm.news\/wp-content\/uploads\/2026\/09\/signal-2026-08-25-02-41-35-628_002-1-scaled.jpg","datePublished":"2026-09-02T02:02:31+00:00","dateModified":"2026-09-02T02:05:14+00:00","breadcrumb":{"@id":"https:\/\/stourm.news\/?p=6567#breadcrumb"},"inLanguage":"fr-FR","potentialAction":[{"@type":"ReadAction","target":["https:\/\/stourm.news\/?p=6567"]}]},{"@type":"ImageObject","inLanguage":"fr-FR","@id":"https:\/\/stourm.news\/?p=6567#primaryimage","url":"https:\/\/stourm.news\/wp-content\/uploads\/2026\/09\/signal-2026-08-25-02-41-35-628_002-1-scaled.jpg","contentUrl":"https:\/\/stourm.news\/wp-content\/uploads\/2026\/09\/signal-2026-08-25-02-41-35-628_002-1-scaled.jpg","width":1920,"height":2560},{"@type":"BreadcrumbList","@id":"https:\/\/stourm.news\/?p=6567#breadcrumb","itemListElement":[{"@type":"ListItem","position":1,"name":"Accueil","item":"https:\/\/stourm.news\/"},{"@type":"ListItem","position":2,"name":"L\u2019IJzertreffen 2026 : fraternit\u00e9 bretonne et flamande au c\u0153ur de la Flandre"}]},{"@type":"WebSite","@id":"https:\/\/stourm.news\/#website","url":"https:\/\/stourm.news\/","name":"Stourm","description":"Kazetenn Strollad Broadel Breizh","publisher":{"@id":"https:\/\/stourm.news\/#organization"},"potentialAction":[{"@type":"SearchAction","target":{"@type":"EntryPoint","urlTemplate":"https:\/\/stourm.news\/?s={search_term_string}"},"query-input":{"@type":"PropertyValueSpecification","valueRequired":true,"valueName":"search_term_string"}}],"inLanguage":"fr-FR"},{"@type":"Organization","@id":"https:\/\/stourm.news\/#organization","name":"Stourm","url":"https:\/\/stourm.news\/","logo":{"@type":"ImageObject","inLanguage":"fr-FR","@id":"https:\/\/stourm.news\/#\/schema\/logo\/image\/","url":"https:\/\/stourm.news\/wp-content\/uploads\/2025\/11\/cropped-Capture-decran-2025-11-28-a-15.19.07.png","contentUrl":"https:\/\/stourm.news\/wp-content\/uploads\/2025\/11\/cropped-Capture-decran-2025-11-28-a-15.19.07.png","width":1855,"height":383,"caption":"Stourm"},"image":{"@id":"https:\/\/stourm.news\/#\/schema\/logo\/image\/"},"sameAs":["https:\/\/www.facebook.com\/stourmnews\/"]},{"@type":"Person","@id":"https:\/\/stourm.news\/#\/schema\/person\/c3e1dc65988632e190969234ef046cf9","name":"La r\u00e9daction","image":{"@type":"ImageObject","inLanguage":"fr-FR","@id":"https:\/\/secure.gravatar.com\/avatar\/7463443f194b6b5fb706b074ca0ef59a0cfcfd720cb47764b0ec5a952ce422b3?s=96&d=mm&r=g","url":"https:\/\/secure.gravatar.com\/avatar\/7463443f194b6b5fb706b074ca0ef59a0cfcfd720cb47764b0ec5a952ce422b3?s=96&d=mm&r=g","contentUrl":"https:\/\/secure.gravatar.com\/avatar\/7463443f194b6b5fb706b074ca0ef59a0cfcfd720cb47764b0ec5a952ce422b3?s=96&d=mm&r=g","caption":"La r\u00e9daction"},"sameAs":["https:\/\/stourm.news"],"url":"https:\/\/stourm.news\/?author=1"}]}},"_links":{"self":[{"href":"https:\/\/stourm.news\/index.php?rest_route=\/wp\/v2\/posts\/6567","targetHints":{"allow":["GET"]}}],"collection":[{"href":"https:\/\/stourm.news\/index.php?rest_route=\/wp\/v2\/posts"}],"about":[{"href":"https:\/\/stourm.news\/index.php?rest_route=\/wp\/v2\/types\/post"}],"author":[{"embeddable":true,"href":"https:\/\/stourm.news\/index.php?rest_route=\/wp\/v2\/users\/1"}],"replies":[{"embeddable":true,"href":"https:\/\/stourm.news\/index.php?rest_route=%2Fwp%2Fv2%2Fcomments&post=6567"}],"version-history":[{"count":2,"href":"https:\/\/stourm.news\/index.php?rest_route=\/wp\/v2\/posts\/6567\/revisions"}],"predecessor-version":[{"id":6582,"href":"https:\/\/stourm.news\/index.php?rest_route=\/wp\/v2\/posts\/6567\/revisions\/6582"}],"wp:featuredmedia":[{"embeddable":true,"href":"https:\/\/stourm.news\/index.php?rest_route=\/wp\/v2\/media\/6568"}],"wp:attachment":[{"href":"https:\/\/stourm.news\/index.php?rest_route=%2Fwp%2Fv2%2Fmedia&parent=6567"}],"wp:term":[{"taxonomy":"category","embeddable":true,"href":"https:\/\/stourm.news\/index.php?rest_route=%2Fwp%2Fv2%2Fcategories&post=6567"},{"taxonomy":"post_tag","embeddable":true,"href":"https:\/\/stourm.news\/index.php?rest_route=%2Fwp%2Fv2%2Ftags&post=6567"}],"curies":[{"name":"wp","href":"https:\/\/api.w.org\/{rel}","templated":true}]}}