{"id":6583,"date":"2026-09-02T10:18:50","date_gmt":"2026-09-02T10:18:50","guid":{"rendered":"https:\/\/stourm.news\/?p=6583"},"modified":"2026-09-02T10:18:50","modified_gmt":"2026-09-02T10:18:50","slug":"souverainete-volee-le-vanuatu-defie-les-pretentions-coloniales-francaises-sur-matthew-et-hunter","status":"publish","type":"post","link":"https:\/\/stourm.news\/?p=6583","title":{"rendered":"Souverainet\u00e9 vol\u00e9e : le Vanuatu d\u00e9fie les pr\u00e9tentions coloniales fran\u00e7aises sur Matthew et Hunter"},"content":{"rendered":"<p style=\"text-align: justify;\"><span style=\"font-family: arial, helvetica, sans-serif; font-size: 14pt;\">Le 1er septembre 2026, le Vanuatu a d\u00e9pos\u00e9 une requ\u00eate devant la Cour internationale de Justice (CIJ) contre la France. L\u2019objet ? La souverainet\u00e9 sur les \u00eeles Umaenupne (Matthew) et Umaeneg\/Leka (Hunter), deux \u00eelots volcaniques inhabit\u00e9s du Pacifique Sud, ainsi que l\u2019\u00e9tablissement d\u2019une fronti\u00e8re maritime unique entre les zones \u00e9conomiques exclusives et les plateaux continentaux.<\/span><\/p>\n<blockquote class=\"twitter-tweet\">\n<p dir=\"ltr\" lang=\"fr\">\u00ab &#8230; et concernant l\u2019\u00e9tablissement d\u2019une fronti\u00e8re maritime unique entre les zones \u00e9conomiques exclusives et les plateaux continentaux de Vanuatu et de la France \u00bb, en invoquant le paragraphe 5 de l\u2019article 38 du R\u00e8glement de la Cour.<\/p>\n<p>Lien : <a href=\"https:\/\/t.co\/V4OwfnwfCW\">https:\/\/t.co\/V4OwfnwfCW<\/a><\/p>\n<p>(2\/2)<\/p>\n<p>\u2014 CIJ_ICJ (@CIJ_ICJ) <a href=\"https:\/\/x.com\/CIJ_ICJ\/status\/2094787002684019165?ref_src=twsrc%5Etfw\">September 1, 2026<\/a><\/p><\/blockquote>\n<p><script async src=\"https:\/\/platform.x.com\/widgets.js\" charset=\"utf-8\"><\/script><\/p>\n<p style=\"text-align: justify;\"><span style=\"font-family: arial, helvetica, sans-serif; font-size: 14pt;\">Ces \u00eeles, situ\u00e9es \u00e0 environ 300 km au sud-est de l\u2019archipel vanuatais et bien plus loin de la Nouvelle-Cal\u00e9donie, ne mesurent pas un kilom\u00e8tre carr\u00e9 \u00e0 elles deux. Pourtant, ils ouvrent sur une zone \u00e9conomique exclusive de plusieurs centaines de milliers de kilom\u00e8tres carr\u00e9s, riches en ressources halieutiques et potentiellement min\u00e9rales. Pour le Vanuatu, il ne s\u2019agit pas d\u2019un simple contentieux territorial : c\u2019est l\u2019ach\u00e8vement incomplet de son ind\u00e9pendance, arrach\u00e9e en 1980 au condominium franco-britannique des Nouvelles-H\u00e9brides.<\/span><\/p>\n<p style=\"text-align: justify;\"><strong><span style=\"font-family: arial, helvetica, sans-serif; font-size: 14pt;\">Des droits coutumiers ni\u00e9s par un accord colonial<\/span><\/strong><\/p>\n<p style=\"text-align: justify;\"><span style=\"font-family: arial, helvetica, sans-serif; font-size: 14pt;\">Depuis son ind\u00e9pendance, le Vanuatu revendique ces \u00eeles sous leurs noms ancestraux, ancr\u00e9s dans la kastom (coutume) des peuples de Tafea, notamment d\u2019Aneityum. Les liens culturels, spirituels et historiques pr\u00e9c\u00e8dent de loin l\u2019arriv\u00e9e des Europ\u00e9ens. Les chefs m\u00e9lan\u00e9siens, y compris kanak de Nouvelle-Cal\u00e9donie, ont r\u00e9affirm\u00e9 \u00e0 plusieurs reprises que ces \u00eelots appartiennent au Vanuatu selon la tradition.<\/span><\/p>\n<p style=\"text-align: justify;\"><span style=\"font-family: arial, helvetica, sans-serif; font-size: 14pt;\">La pr\u00e9tention fran\u00e7aise repose sur un arrangement colonial de 1965 : alors que les Nouvelles-H\u00e9brides \u00e9taient encore sous administration conjointe, Paris et Londres se sont entendus pour rattacher Matthew et Hunter \u00e0 la Nouvelle-Cal\u00e9donie. Aucune consultation des populations autochtones. Aucune prise en compte de l\u2019int\u00e9grit\u00e9 territoriale du territoire non autonome. Ce geste, intervenu peu avant l\u2019ind\u00e9pendance vanuataise, s\u2019inscrit dans une logique purement imp\u00e9riale de pr\u00e9servation d\u2019espaces maritimes.<\/span><\/p>\n<p style=\"text-align: justify;\"><span style=\"font-family: arial, helvetica, sans-serif; font-size: 14pt;\">Le droit international contemporain, \u00e9clair\u00e9 notamment par l\u2019avis consultatif de la CIJ sur l\u2019archipel des Chagos (2019), rappelle que le droit \u00e0 l\u2019autod\u00e9termination implique l\u2019int\u00e9grit\u00e9 territoriale des peuples colonis\u00e9s. D\u00e9tacher un territoire sans le consentement des populations concern\u00e9es viole ce principe fondamental. Les pr\u00e9tentions fran\u00e7aises apparaissent ainsi comme la survivance d\u2019une logique coloniale : s\u2019accrocher \u00e0 des morceaux de terre pour maximiser une zone \u00e9conomique exclusive, tout en refusant de reconna\u00eetre les droits des peuples concern\u00e9s. Les n\u00e9gociations bilat\u00e9rales de 2018, 2019 et 2025 ont abouti \u00e0 une impasse. Le Vanuatu a choisi le terrain du droit. La France, elle, n\u2019a pas accept\u00e9 la juridiction obligatoire de la CIJ ; la proc\u00e9dure reste donc suspendue \u00e0 son consentement.<\/span><\/p>\n<p style=\"text-align: justify;\"><strong><span style=\"font-family: arial, helvetica, sans-serif; font-size: 14pt;\">Les pr\u00e9tentions fran\u00e7aises : prestige, ressources et d\u00e9ni<\/span><\/strong><\/p>\n<p style=\"text-align: justify;\"><span style=\"font-family: arial, helvetica, sans-serif; font-size: 14pt;\">Paris r\u00e9p\u00e8te qu\u2019\u00ab il n\u2019est pas question de c\u00e9der \u00bb. Derri\u00e8re cette fermet\u00e9 se cache un calcul g\u00e9opolitique et \u00e9conomique : la France dispose d\u00e9j\u00e0 de la plus vaste zone \u00e9conomique exclusive du monde gr\u00e2ce \u00e0 ses territoires d\u2019outre-mer. Renoncer \u00e0 Matthew et Hunter r\u00e9duirait cette emprise dans le Pacifique Sud. L\u2019argument de la \u00ab continuit\u00e9 administrative \u00bb depuis l\u2019\u00e9poque coloniale ne r\u00e9siste pas \u00e0 l\u2019examen : il transforme un arrangement entre puissances europ\u00e9ennes, conclu sans les peuples, en titre perp\u00e9tuel. C\u2019est exactement le type de raisonnement que le droit international a progressivement disqualifi\u00e9 au nom de la d\u00e9colonisation. <\/span><span style=\"font-family: arial, helvetica, sans-serif; font-size: 14pt;\">Le soutien du FLNKS kanak \u00e0 la position vanuataise souligne d\u2019ailleurs que cette question n\u2019oppose pas seulement deux \u00c9tats, mais un peuple colonis\u00e9 \u00e0 une puissance qui refuse de solder enti\u00e8rement son pass\u00e9 imp\u00e9rial. <\/span><\/p>\n<p style=\"text-align: right;\"><strong><span style=\"font-family: arial, helvetica, sans-serif; font-size: 14pt;\">Budig Gourmaelon<\/span><\/strong><\/p>\n<p style=\"text-align: justify;\">\n","protected":false},"excerpt":{"rendered":"<p>Le 1er septembre 2026, le Vanuatu a d\u00e9pos\u00e9 une requ\u00eate devant la Cour internationale de Justice (CIJ) contre la France. L\u2019objet ? La souverainet\u00e9 sur les \u00eeles Umaenupne (Matthew) et Umaeneg\/Leka (Hunter), deux \u00eelots volcaniques inhabit\u00e9s du Pacifique Sud, ainsi que l\u2019\u00e9tablissement d\u2019une fronti\u00e8re maritime unique entre les zones \u00e9conomiques exclusives et les plateaux continentaux. [&hellip;]<\/p>\n","protected":false},"author":1,"featured_media":6584,"comment_status":"open","ping_status":"open","sticky":false,"template":"","format":"standard","meta":{"sb_editor_width":"","footnotes":""},"categories":[66,48,65],"tags":[],"class_list":["post-6583","post","type-post","status-publish","format-standard","has-post-thumbnail","hentry","category-international","category-occupation-francaise","category-principale"],"relative_dates":{"created":"6 heures ago","modified":"6 heures ago"},"yoast_head":"<!-- This site is optimized with the Yoast SEO plugin v28.2 - https:\/\/yoast.com\/product\/yoast-seo-wordpress\/ -->\n<title>Souverainet\u00e9 vol\u00e9e : le Vanuatu d\u00e9fie les pr\u00e9tentions coloniales fran\u00e7aises sur Matthew et Hunter - STOURM<\/title>\n<meta name=\"robots\" content=\"index, follow, max-snippet:-1, max-image-preview:large, max-video-preview:-1\" \/>\n<link rel=\"canonical\" href=\"https:\/\/stourm.news\/?p=6583\" \/>\n<meta property=\"og:locale\" content=\"fr_FR\" \/>\n<meta property=\"og:type\" content=\"article\" \/>\n<meta property=\"og:title\" content=\"Souverainet\u00e9 vol\u00e9e : le Vanuatu d\u00e9fie les pr\u00e9tentions coloniales fran\u00e7aises sur Matthew et Hunter - STOURM\" \/>\n<meta property=\"og:description\" content=\"Le 1er septembre 2026, le Vanuatu a d\u00e9pos\u00e9 une requ\u00eate devant la Cour internationale de Justice (CIJ) contre la France. L\u2019objet ? La souverainet\u00e9 sur les \u00eeles Umaenupne (Matthew) et Umaeneg\/Leka (Hunter), deux \u00eelots volcaniques inhabit\u00e9s du Pacifique Sud, ainsi que l\u2019\u00e9tablissement d\u2019une fronti\u00e8re maritime unique entre les zones \u00e9conomiques exclusives et les plateaux continentaux. [&hellip;]\" \/>\n<meta property=\"og:url\" content=\"https:\/\/stourm.news\/?p=6583\" \/>\n<meta property=\"og:site_name\" content=\"STOURM\" \/>\n<meta property=\"article:publisher\" content=\"https:\/\/www.facebook.com\/stourmnews\/\" \/>\n<meta property=\"article:published_time\" content=\"2026-09-02T10:18:50+00:00\" \/>\n<meta property=\"og:image\" content=\"https:\/\/stourm.news\/wp-content\/uploads\/2026\/09\/outremer_2019_10_03_5d96524e3832d_068_ftptrial-aa_23072018_788936-1023614.webp\" \/>\n\t<meta property=\"og:image:width\" content=\"900\" \/>\n\t<meta property=\"og:image:height\" content=\"506\" \/>\n\t<meta property=\"og:image:type\" content=\"image\/webp\" \/>\n<meta name=\"author\" content=\"La r\u00e9daction\" \/>\n<meta name=\"twitter:card\" content=\"summary_large_image\" \/>\n<meta name=\"twitter:label1\" content=\"\u00c9crit par\" \/>\n\t<meta name=\"twitter:data1\" content=\"La r\u00e9daction\" \/>\n\t<meta name=\"twitter:label2\" content=\"Dur\u00e9e de lecture estim\u00e9e\" \/>\n\t<meta name=\"twitter:data2\" content=\"3 minutes\" \/>\n<script type=\"application\/ld+json\" class=\"yoast-schema-graph\">{\"@context\":\"https:\\\/\\\/schema.org\",\"@graph\":[{\"@type\":\"Article\",\"@id\":\"https:\\\/\\\/stourm.news\\\/?p=6583#article\",\"isPartOf\":{\"@id\":\"https:\\\/\\\/stourm.news\\\/?p=6583\"},\"author\":{\"name\":\"La r\u00e9daction\",\"@id\":\"https:\\\/\\\/stourm.news\\\/#\\\/schema\\\/person\\\/c3e1dc65988632e190969234ef046cf9\"},\"headline\":\"Souverainet\u00e9 vol\u00e9e : le Vanuatu d\u00e9fie les pr\u00e9tentions coloniales fran\u00e7aises sur Matthew et Hunter\",\"datePublished\":\"2026-09-02T10:18:50+00:00\",\"mainEntityOfPage\":{\"@id\":\"https:\\\/\\\/stourm.news\\\/?p=6583\"},\"wordCount\":651,\"commentCount\":0,\"publisher\":{\"@id\":\"https:\\\/\\\/stourm.news\\\/#organization\"},\"image\":{\"@id\":\"https:\\\/\\\/stourm.news\\\/?p=6583#primaryimage\"},\"thumbnailUrl\":\"https:\\\/\\\/stourm.news\\\/wp-content\\\/uploads\\\/2026\\\/09\\\/outremer_2019_10_03_5d96524e3832d_068_ftptrial-aa_23072018_788936-1023614.webp\",\"articleSection\":[\"International\",\"Occupation fran\u00e7aise\",\"Principale\"],\"inLanguage\":\"fr-FR\",\"potentialAction\":[{\"@type\":\"CommentAction\",\"name\":\"Comment\",\"target\":[\"https:\\\/\\\/stourm.news\\\/?p=6583#respond\"]}]},{\"@type\":\"WebPage\",\"@id\":\"https:\\\/\\\/stourm.news\\\/?p=6583\",\"url\":\"https:\\\/\\\/stourm.news\\\/?p=6583\",\"name\":\"Souverainet\u00e9 vol\u00e9e : le Vanuatu d\u00e9fie les pr\u00e9tentions coloniales fran\u00e7aises sur Matthew et Hunter - STOURM\",\"isPartOf\":{\"@id\":\"https:\\\/\\\/stourm.news\\\/#website\"},\"primaryImageOfPage\":{\"@id\":\"https:\\\/\\\/stourm.news\\\/?p=6583#primaryimage\"},\"image\":{\"@id\":\"https:\\\/\\\/stourm.news\\\/?p=6583#primaryimage\"},\"thumbnailUrl\":\"https:\\\/\\\/stourm.news\\\/wp-content\\\/uploads\\\/2026\\\/09\\\/outremer_2019_10_03_5d96524e3832d_068_ftptrial-aa_23072018_788936-1023614.webp\",\"datePublished\":\"2026-09-02T10:18:50+00:00\",\"breadcrumb\":{\"@id\":\"https:\\\/\\\/stourm.news\\\/?p=6583#breadcrumb\"},\"inLanguage\":\"fr-FR\",\"potentialAction\":[{\"@type\":\"ReadAction\",\"target\":[\"https:\\\/\\\/stourm.news\\\/?p=6583\"]}]},{\"@type\":\"ImageObject\",\"inLanguage\":\"fr-FR\",\"@id\":\"https:\\\/\\\/stourm.news\\\/?p=6583#primaryimage\",\"url\":\"https:\\\/\\\/stourm.news\\\/wp-content\\\/uploads\\\/2026\\\/09\\\/outremer_2019_10_03_5d96524e3832d_068_ftptrial-aa_23072018_788936-1023614.webp\",\"contentUrl\":\"https:\\\/\\\/stourm.news\\\/wp-content\\\/uploads\\\/2026\\\/09\\\/outremer_2019_10_03_5d96524e3832d_068_ftptrial-aa_23072018_788936-1023614.webp\",\"width\":900,\"height\":506},{\"@type\":\"BreadcrumbList\",\"@id\":\"https:\\\/\\\/stourm.news\\\/?p=6583#breadcrumb\",\"itemListElement\":[{\"@type\":\"ListItem\",\"position\":1,\"name\":\"Accueil\",\"item\":\"https:\\\/\\\/stourm.news\\\/\"},{\"@type\":\"ListItem\",\"position\":2,\"name\":\"Souverainet\u00e9 vol\u00e9e : le Vanuatu d\u00e9fie les pr\u00e9tentions coloniales fran\u00e7aises sur Matthew et Hunter\"}]},{\"@type\":\"WebSite\",\"@id\":\"https:\\\/\\\/stourm.news\\\/#website\",\"url\":\"https:\\\/\\\/stourm.news\\\/\",\"name\":\"Stourm\",\"description\":\"Kazetenn Strollad Broadel Breizh\",\"publisher\":{\"@id\":\"https:\\\/\\\/stourm.news\\\/#organization\"},\"potentialAction\":[{\"@type\":\"SearchAction\",\"target\":{\"@type\":\"EntryPoint\",\"urlTemplate\":\"https:\\\/\\\/stourm.news\\\/?s={search_term_string}\"},\"query-input\":{\"@type\":\"PropertyValueSpecification\",\"valueRequired\":true,\"valueName\":\"search_term_string\"}}],\"inLanguage\":\"fr-FR\"},{\"@type\":\"Organization\",\"@id\":\"https:\\\/\\\/stourm.news\\\/#organization\",\"name\":\"Stourm\",\"url\":\"https:\\\/\\\/stourm.news\\\/\",\"logo\":{\"@type\":\"ImageObject\",\"inLanguage\":\"fr-FR\",\"@id\":\"https:\\\/\\\/stourm.news\\\/#\\\/schema\\\/logo\\\/image\\\/\",\"url\":\"https:\\\/\\\/stourm.news\\\/wp-content\\\/uploads\\\/2025\\\/11\\\/cropped-Capture-decran-2025-11-28-a-15.19.07.png\",\"contentUrl\":\"https:\\\/\\\/stourm.news\\\/wp-content\\\/uploads\\\/2025\\\/11\\\/cropped-Capture-decran-2025-11-28-a-15.19.07.png\",\"width\":1855,\"height\":383,\"caption\":\"Stourm\"},\"image\":{\"@id\":\"https:\\\/\\\/stourm.news\\\/#\\\/schema\\\/logo\\\/image\\\/\"},\"sameAs\":[\"https:\\\/\\\/www.facebook.com\\\/stourmnews\\\/\"]},{\"@type\":\"Person\",\"@id\":\"https:\\\/\\\/stourm.news\\\/#\\\/schema\\\/person\\\/c3e1dc65988632e190969234ef046cf9\",\"name\":\"La r\u00e9daction\",\"image\":{\"@type\":\"ImageObject\",\"inLanguage\":\"fr-FR\",\"@id\":\"https:\\\/\\\/secure.gravatar.com\\\/avatar\\\/7463443f194b6b5fb706b074ca0ef59a0cfcfd720cb47764b0ec5a952ce422b3?s=96&d=mm&r=g\",\"url\":\"https:\\\/\\\/secure.gravatar.com\\\/avatar\\\/7463443f194b6b5fb706b074ca0ef59a0cfcfd720cb47764b0ec5a952ce422b3?s=96&d=mm&r=g\",\"contentUrl\":\"https:\\\/\\\/secure.gravatar.com\\\/avatar\\\/7463443f194b6b5fb706b074ca0ef59a0cfcfd720cb47764b0ec5a952ce422b3?s=96&d=mm&r=g\",\"caption\":\"La r\u00e9daction\"},\"sameAs\":[\"https:\\\/\\\/stourm.news\"],\"url\":\"https:\\\/\\\/stourm.news\\\/?author=1\"}]}<\/script>\n<!-- \/ Yoast SEO plugin. -->","yoast_head_json":{"title":"Souverainet\u00e9 vol\u00e9e : le Vanuatu d\u00e9fie les pr\u00e9tentions coloniales fran\u00e7aises sur Matthew et Hunter - STOURM","robots":{"index":"index","follow":"follow","max-snippet":"max-snippet:-1","max-image-preview":"max-image-preview:large","max-video-preview":"max-video-preview:-1"},"canonical":"https:\/\/stourm.news\/?p=6583","og_locale":"fr_FR","og_type":"article","og_title":"Souverainet\u00e9 vol\u00e9e : le Vanuatu d\u00e9fie les pr\u00e9tentions coloniales fran\u00e7aises sur Matthew et Hunter - STOURM","og_description":"Le 1er septembre 2026, le Vanuatu a d\u00e9pos\u00e9 une requ\u00eate devant la Cour internationale de Justice (CIJ) contre la France. L\u2019objet ? La souverainet\u00e9 sur les \u00eeles Umaenupne (Matthew) et Umaeneg\/Leka (Hunter), deux \u00eelots volcaniques inhabit\u00e9s du Pacifique Sud, ainsi que l\u2019\u00e9tablissement d\u2019une fronti\u00e8re maritime unique entre les zones \u00e9conomiques exclusives et les plateaux continentaux. [&hellip;]","og_url":"https:\/\/stourm.news\/?p=6583","og_site_name":"STOURM","article_publisher":"https:\/\/www.facebook.com\/stourmnews\/","article_published_time":"2026-09-02T10:18:50+00:00","og_image":[{"width":900,"height":506,"url":"https:\/\/stourm.news\/wp-content\/uploads\/2026\/09\/outremer_2019_10_03_5d96524e3832d_068_ftptrial-aa_23072018_788936-1023614.webp","type":"image\/webp"}],"author":"La r\u00e9daction","twitter_card":"summary_large_image","twitter_misc":{"\u00c9crit par":"La r\u00e9daction","Dur\u00e9e de lecture estim\u00e9e":"3 minutes"},"schema":{"@context":"https:\/\/schema.org","@graph":[{"@type":"Article","@id":"https:\/\/stourm.news\/?p=6583#article","isPartOf":{"@id":"https:\/\/stourm.news\/?p=6583"},"author":{"name":"La r\u00e9daction","@id":"https:\/\/stourm.news\/#\/schema\/person\/c3e1dc65988632e190969234ef046cf9"},"headline":"Souverainet\u00e9 vol\u00e9e : le Vanuatu d\u00e9fie les pr\u00e9tentions coloniales fran\u00e7aises sur Matthew et Hunter","datePublished":"2026-09-02T10:18:50+00:00","mainEntityOfPage":{"@id":"https:\/\/stourm.news\/?p=6583"},"wordCount":651,"commentCount":0,"publisher":{"@id":"https:\/\/stourm.news\/#organization"},"image":{"@id":"https:\/\/stourm.news\/?p=6583#primaryimage"},"thumbnailUrl":"https:\/\/stourm.news\/wp-content\/uploads\/2026\/09\/outremer_2019_10_03_5d96524e3832d_068_ftptrial-aa_23072018_788936-1023614.webp","articleSection":["International","Occupation fran\u00e7aise","Principale"],"inLanguage":"fr-FR","potentialAction":[{"@type":"CommentAction","name":"Comment","target":["https:\/\/stourm.news\/?p=6583#respond"]}]},{"@type":"WebPage","@id":"https:\/\/stourm.news\/?p=6583","url":"https:\/\/stourm.news\/?p=6583","name":"Souverainet\u00e9 vol\u00e9e : le Vanuatu d\u00e9fie les pr\u00e9tentions coloniales fran\u00e7aises sur Matthew et Hunter - STOURM","isPartOf":{"@id":"https:\/\/stourm.news\/#website"},"primaryImageOfPage":{"@id":"https:\/\/stourm.news\/?p=6583#primaryimage"},"image":{"@id":"https:\/\/stourm.news\/?p=6583#primaryimage"},"thumbnailUrl":"https:\/\/stourm.news\/wp-content\/uploads\/2026\/09\/outremer_2019_10_03_5d96524e3832d_068_ftptrial-aa_23072018_788936-1023614.webp","datePublished":"2026-09-02T10:18:50+00:00","breadcrumb":{"@id":"https:\/\/stourm.news\/?p=6583#breadcrumb"},"inLanguage":"fr-FR","potentialAction":[{"@type":"ReadAction","target":["https:\/\/stourm.news\/?p=6583"]}]},{"@type":"ImageObject","inLanguage":"fr-FR","@id":"https:\/\/stourm.news\/?p=6583#primaryimage","url":"https:\/\/stourm.news\/wp-content\/uploads\/2026\/09\/outremer_2019_10_03_5d96524e3832d_068_ftptrial-aa_23072018_788936-1023614.webp","contentUrl":"https:\/\/stourm.news\/wp-content\/uploads\/2026\/09\/outremer_2019_10_03_5d96524e3832d_068_ftptrial-aa_23072018_788936-1023614.webp","width":900,"height":506},{"@type":"BreadcrumbList","@id":"https:\/\/stourm.news\/?p=6583#breadcrumb","itemListElement":[{"@type":"ListItem","position":1,"name":"Accueil","item":"https:\/\/stourm.news\/"},{"@type":"ListItem","position":2,"name":"Souverainet\u00e9 vol\u00e9e : le Vanuatu d\u00e9fie les pr\u00e9tentions coloniales fran\u00e7aises sur Matthew et Hunter"}]},{"@type":"WebSite","@id":"https:\/\/stourm.news\/#website","url":"https:\/\/stourm.news\/","name":"Stourm","description":"Kazetenn Strollad Broadel Breizh","publisher":{"@id":"https:\/\/stourm.news\/#organization"},"potentialAction":[{"@type":"SearchAction","target":{"@type":"EntryPoint","urlTemplate":"https:\/\/stourm.news\/?s={search_term_string}"},"query-input":{"@type":"PropertyValueSpecification","valueRequired":true,"valueName":"search_term_string"}}],"inLanguage":"fr-FR"},{"@type":"Organization","@id":"https:\/\/stourm.news\/#organization","name":"Stourm","url":"https:\/\/stourm.news\/","logo":{"@type":"ImageObject","inLanguage":"fr-FR","@id":"https:\/\/stourm.news\/#\/schema\/logo\/image\/","url":"https:\/\/stourm.news\/wp-content\/uploads\/2025\/11\/cropped-Capture-decran-2025-11-28-a-15.19.07.png","contentUrl":"https:\/\/stourm.news\/wp-content\/uploads\/2025\/11\/cropped-Capture-decran-2025-11-28-a-15.19.07.png","width":1855,"height":383,"caption":"Stourm"},"image":{"@id":"https:\/\/stourm.news\/#\/schema\/logo\/image\/"},"sameAs":["https:\/\/www.facebook.com\/stourmnews\/"]},{"@type":"Person","@id":"https:\/\/stourm.news\/#\/schema\/person\/c3e1dc65988632e190969234ef046cf9","name":"La r\u00e9daction","image":{"@type":"ImageObject","inLanguage":"fr-FR","@id":"https:\/\/secure.gravatar.com\/avatar\/7463443f194b6b5fb706b074ca0ef59a0cfcfd720cb47764b0ec5a952ce422b3?s=96&d=mm&r=g","url":"https:\/\/secure.gravatar.com\/avatar\/7463443f194b6b5fb706b074ca0ef59a0cfcfd720cb47764b0ec5a952ce422b3?s=96&d=mm&r=g","contentUrl":"https:\/\/secure.gravatar.com\/avatar\/7463443f194b6b5fb706b074ca0ef59a0cfcfd720cb47764b0ec5a952ce422b3?s=96&d=mm&r=g","caption":"La r\u00e9daction"},"sameAs":["https:\/\/stourm.news"],"url":"https:\/\/stourm.news\/?author=1"}]}},"_links":{"self":[{"href":"https:\/\/stourm.news\/index.php?rest_route=\/wp\/v2\/posts\/6583","targetHints":{"allow":["GET"]}}],"collection":[{"href":"https:\/\/stourm.news\/index.php?rest_route=\/wp\/v2\/posts"}],"about":[{"href":"https:\/\/stourm.news\/index.php?rest_route=\/wp\/v2\/types\/post"}],"author":[{"embeddable":true,"href":"https:\/\/stourm.news\/index.php?rest_route=\/wp\/v2\/users\/1"}],"replies":[{"embeddable":true,"href":"https:\/\/stourm.news\/index.php?rest_route=%2Fwp%2Fv2%2Fcomments&post=6583"}],"version-history":[{"count":1,"href":"https:\/\/stourm.news\/index.php?rest_route=\/wp\/v2\/posts\/6583\/revisions"}],"predecessor-version":[{"id":6585,"href":"https:\/\/stourm.news\/index.php?rest_route=\/wp\/v2\/posts\/6583\/revisions\/6585"}],"wp:featuredmedia":[{"embeddable":true,"href":"https:\/\/stourm.news\/index.php?rest_route=\/wp\/v2\/media\/6584"}],"wp:attachment":[{"href":"https:\/\/stourm.news\/index.php?rest_route=%2Fwp%2Fv2%2Fmedia&parent=6583"}],"wp:term":[{"taxonomy":"category","embeddable":true,"href":"https:\/\/stourm.news\/index.php?rest_route=%2Fwp%2Fv2%2Fcategories&post=6583"},{"taxonomy":"post_tag","embeddable":true,"href":"https:\/\/stourm.news\/index.php?rest_route=%2Fwp%2Fv2%2Ftags&post=6583"}],"curies":[{"name":"wp","href":"https:\/\/api.w.org\/{rel}","templated":true}]}}