{"id":6592,"date":"2026-09-04T06:25:19","date_gmt":"2026-09-04T06:25:19","guid":{"rendered":"https:\/\/stourm.news\/?p=6592"},"modified":"2026-09-04T06:25:19","modified_gmt":"2026-09-04T06:25:19","slug":"emsav-4-septembre-1861-naissance-derwan-berthou-ecrivain-et-militant-breton","status":"publish","type":"post","link":"https:\/\/stourm.news\/?p=6592","title":{"rendered":"Emsav : 4 septembre 1861, naissance d&rsquo;Erwan Berthou, \u00e9crivain et militant breton"},"content":{"rendered":"<p style=\"text-align: justify;\"><span style=\"font-family: arial, helvetica, sans-serif; font-size: 14pt;\">Erwan Berthou est n\u00e9 le 4 septembre 1861 \u00e0 Pleubian (C\u00f4tes-d\u2019Armor) \u2013 mort fin janvier 1933 (dates rapport\u00e9es : 27, 29 ou 30) \u00e0 Pleubian. Issu d\u2019un milieu rural du Tr\u00e9gor, il \u00e9tudie au petit s\u00e9minaire de Tr\u00e9guier (1873-1876) puis au coll\u00e8ge de Lannion (1876-1877).<\/span><\/p>\n<p style=\"text-align: justify;\"><span style=\"font-family: arial, helvetica, sans-serif; font-size: 14pt;\"> Il s\u2019engage cinq ans dans la Marine fran\u00e7aise et voyage aux Antilles, en Afrique et en Chine. De retour, il travaille comme dessinateur puis sous-ing\u00e9nieur\/ing\u00e9nieur dans la construction navale et m\u00e9canique : aux Forges et Chantiers de la M\u00e9diterran\u00e9e au Havre, \u00e0 Rochefort (1892), de nouveau au Havre (fin 1896), puis \u00e0 Paris (1898, \u00c9tablissements Niclausse). Le 12 juin 1892, il \u00e9pouse au Havre \u00c9lisa Anatalie M\u00e9zeray (n\u00e9e \u00e0 Honfleur, d\u2019origine bretonne). <\/span><\/p>\n<p style=\"text-align: justify;\"><span style=\"font-family: arial, helvetica, sans-serif; font-size: 14pt;\">Vers 1917-1918, il prend sa retraite et revient \u00e0 Pleubian pour reprendre la ferme familiale. Ses derni\u00e8res ann\u00e9es sont marqu\u00e9es par la mis\u00e8re extr\u00eame (vente du mobilier, de la biblioth\u00e8que et de la maison) ; il meurt de froid. Des collectes sont organis\u00e9es dans l&rsquo;Emsav pour le soutenir.<\/span><\/p>\n<p style=\"text-align: justify;\"><strong><span style=\"font-family: arial, helvetica, sans-serif; font-size: 14pt;\">Engagement breton et n\u00e9o-druidique<\/span><\/strong><\/p>\n<p style=\"text-align: justify;\"><span style=\"font-family: arial, helvetica, sans-serif; font-size: 14pt;\">\u00c0 partir de 1898, il s\u2019engage dans l&rsquo;Emsav (Morlaix) et devient membre (et co-fondateur) de l\u2019Union r\u00e9gionaliste bretonne. En 1899, il fait partie des vingt-deux Bretons re\u00e7us au Gorsedd gallois \u00e0 Cardiff. Il participe \u00e0 toutes les \u00e9tapes de la fondation de la Gorsedd de Bretagne (Goursez Breizh, 1900). D\u2019abord sous le nom bardique Alc\u2019houeder Treger (\u00ab Alouette du Tr\u00e9gor \u00bb), il est \u00e9lu grand-druide (Archi-Druide) vers 1903-1904 en remplacement de Jean Le Fustec et adopte le pseudonyme Kaledvoulc\u2019h (nom breton d\u2019Excalibur). Il pr\u00e9side le coll\u00e8ge des bardes jusqu\u2019\u00e0 sa mort et collabore \u00e0 la presse r\u00e9gionaliste ainsi qu\u2019\u00e9pisodiquement \u00e0 Brug d\u2019\u00c9mile Masson. Il dirige aussi le Ti Kaniri Breiz (Maison du chant de Bretagne).<\/span><\/p>\n<p style=\"text-align: justify;\"><strong><span style=\"font-family: arial, helvetica, sans-serif; font-size: 14pt;\">Nature de l\u2019\u0153uvre<\/span><\/strong><\/p>\n<p style=\"text-align: justify;\"><span style=\"font-family: arial, helvetica, sans-serif; font-size: 14pt;\">L\u2019\u0153uvre de Berthou est bilingue (fran\u00e7ais et breton), abondante et duale : d\u2019abord lyrique et terrienne en fran\u00e7ais, elle bascule ensuite vers un engagement militant et mystique en breton. Premi\u00e8re p\u00e9riode (ann\u00e9es 1890) : po\u00e9sie fran\u00e7aise de facture traditionnelle, teint\u00e9e de r\u00e9gionalisme sentimental, de catholicisme et de lyrisme provincial (C\u0153ur breton, La Lande fleurie, ballades, po\u00e8mes dramatiques).<\/span><\/p>\n<p style=\"text-align: justify;\"><span style=\"font-family: arial, helvetica, sans-serif; font-size: 14pt;\">P\u00e9riode bardique et nationaliste (\u00e0 partir de 1900) : po\u00e9sie et prose en breton fortement impr\u00e9gn\u00e9es de panth\u00e9isme, de celtomanie et de n\u00e9o-druidisme mystique. Il c\u00e9l\u00e8bre la nature, la langue, l\u2019identit\u00e9 armoricaine et d\u00e9veloppe une vision initiatique de l\u2019\u00e2me et de l\u2019\u00e9volution spirituelle (cercles d\u2019existence Abred, Gwynvyd, etc.).<\/span><\/p>\n<p style=\"text-align: justify;\"><span style=\"font-family: arial, helvetica, sans-serif; font-size: 14pt;\">\u0152uvres didactiques et pol\u00e9miques : trait\u00e9 de versification bretonne (Kevrin Barzed Breiz, 1912), traduction et adaptation des Triades des Bardes de l\u2019\u00eele de Bretagne (1906, avec Le Fustec, texte fondateur du n\u00e9o-druidisme breton), textes ethnographiques sur le Tr\u00e9gor (En Bro-Dreger a-dreuz parko\u00f9), pamphlets (Les Vessies pour des Lanternes, 1913) et recueils nationalistes parfois tr\u00e8s hostiles \u00e0 la centralisation fran\u00e7aise (Dre an delen hag ar c\u2019horn-boud \/ Par la harpe et par le cor de guerre, 1904).<\/span><\/p>\n<p style=\"text-align: justify;\"><span style=\"font-family: arial, helvetica, sans-serif; font-size: 14pt;\">Sa conception du n\u00e9o-druidisme est mystique et \u00e9volutive : l\u2019homme traverse des cycles de transformations pour atteindre un \u00e9tat de puret\u00e9 spirituelle (\u00ab Monde de la Blancheur \u00bb). L\u2019\u00e9criture m\u00eale lyrisme, doctrine, propagande culturelle et d\u00e9fense de la langue.<\/span><\/p>\n<p style=\"text-align: justify;\"><strong><span style=\"font-family: arial, helvetica, sans-serif; font-size: 14pt;\">Post\u00e9rit\u00e9<\/span><\/strong><\/p>\n<p style=\"text-align: justify;\"><span style=\"font-family: arial, helvetica, sans-serif; font-size: 14pt;\">Plusieurs rues de Bretagne portent son nom (dont \u00e0 Pleubian, Lannion, Tr\u00e9guier\u2026). Un fonds d\u2019archives important (correspondance, textes, documents sur la Gorsedd) est conserv\u00e9 \u00e0 la Biblioth\u00e8que Yves Le Gallo du Centre de recherche bretonne et celtique (CRBC, Brest), avec une partie num\u00e9ris\u00e9e. Des biographies lui ont \u00e9t\u00e9 consacr\u00e9es, notamment par Thierry Ch\u00e2tel et Philippe Le Stum.<\/span><\/p>\n<p style=\"text-align: justify;\"><span style=\"font-family: arial, helvetica, sans-serif; font-size: 14pt;\">Berthou reste une figure charni\u00e8re entre le r\u00e9gionalisme litt\u00e9raire de la fin du XIXe si\u00e8cle et le n\u00e9o-druidisme militant du d\u00e9but du XXe qui aboutira finalement \u00e0 l&rsquo;\u00e9mergence du nationalisme breton en 1911. <\/span><\/p>\n<p style=\"text-align: right;\"><strong><span style=\"font-family: arial, helvetica, sans-serif; font-size: 14pt;\">Olier Kerdrel<\/span><\/strong><\/p>\n","protected":false},"excerpt":{"rendered":"<p>Erwan Berthou est n\u00e9 le 4 septembre 1861 \u00e0 Pleubian (C\u00f4tes-d\u2019Armor) \u2013 mort fin janvier 1933 (dates rapport\u00e9es : 27, 29 ou 30) \u00e0 Pleubian. Issu d\u2019un milieu rural du Tr\u00e9gor, il \u00e9tudie au petit s\u00e9minaire de Tr\u00e9guier (1873-1876) puis au coll\u00e8ge de Lannion (1876-1877). Il s\u2019engage cinq ans dans la Marine fran\u00e7aise et voyage [&hellip;]<\/p>\n","protected":false},"author":1,"featured_media":6593,"comment_status":"open","ping_status":"open","sticky":false,"template":"","format":"standard","meta":{"sb_editor_width":"","footnotes":""},"categories":[74,65],"tags":[],"class_list":["post-6592","post","type-post","status-publish","format-standard","has-post-thumbnail","hentry","category-emsav","category-principale"],"relative_dates":{"created":"23 heures ago","modified":"23 heures ago"},"yoast_head":"<!-- This site is optimized with the Yoast SEO plugin v28.2 - https:\/\/yoast.com\/product\/yoast-seo-wordpress\/ -->\n<title>Emsav : 4 septembre 1861, naissance d&#039;Erwan Berthou, \u00e9crivain et militant breton - STOURM<\/title>\n<meta name=\"robots\" content=\"index, follow, max-snippet:-1, max-image-preview:large, max-video-preview:-1\" \/>\n<link rel=\"canonical\" href=\"https:\/\/stourm.news\/?p=6592\" \/>\n<meta property=\"og:locale\" content=\"fr_FR\" \/>\n<meta property=\"og:type\" content=\"article\" \/>\n<meta property=\"og:title\" content=\"Emsav : 4 septembre 1861, naissance d&#039;Erwan Berthou, \u00e9crivain et militant breton - STOURM\" \/>\n<meta property=\"og:description\" content=\"Erwan Berthou est n\u00e9 le 4 septembre 1861 \u00e0 Pleubian (C\u00f4tes-d\u2019Armor) \u2013 mort fin janvier 1933 (dates rapport\u00e9es : 27, 29 ou 30) \u00e0 Pleubian. Issu d\u2019un milieu rural du Tr\u00e9gor, il \u00e9tudie au petit s\u00e9minaire de Tr\u00e9guier (1873-1876) puis au coll\u00e8ge de Lannion (1876-1877). Il s\u2019engage cinq ans dans la Marine fran\u00e7aise et voyage [&hellip;]\" \/>\n<meta property=\"og:url\" content=\"https:\/\/stourm.news\/?p=6592\" \/>\n<meta property=\"og:site_name\" content=\"STOURM\" \/>\n<meta property=\"article:publisher\" content=\"https:\/\/www.facebook.com\/stourmnews\/\" \/>\n<meta property=\"article:published_time\" content=\"2026-09-04T06:25:19+00:00\" \/>\n<meta property=\"og:image\" content=\"https:\/\/stourm.news\/wp-content\/uploads\/2026\/09\/5f922525-c48d-46a5-8aae-60902c155862-1024x576.png\" \/>\n\t<meta property=\"og:image:width\" content=\"1024\" \/>\n\t<meta property=\"og:image:height\" content=\"576\" \/>\n\t<meta property=\"og:image:type\" content=\"image\/png\" \/>\n<meta name=\"author\" content=\"La r\u00e9daction\" \/>\n<meta name=\"twitter:card\" content=\"summary_large_image\" \/>\n<meta name=\"twitter:label1\" content=\"\u00c9crit par\" \/>\n\t<meta name=\"twitter:data1\" content=\"La r\u00e9daction\" \/>\n\t<meta name=\"twitter:label2\" content=\"Dur\u00e9e de lecture estim\u00e9e\" \/>\n\t<meta name=\"twitter:data2\" content=\"4 minutes\" \/>\n<script type=\"application\/ld+json\" class=\"yoast-schema-graph\">{\"@context\":\"https:\\\/\\\/schema.org\",\"@graph\":[{\"@type\":\"Article\",\"@id\":\"https:\\\/\\\/stourm.news\\\/?p=6592#article\",\"isPartOf\":{\"@id\":\"https:\\\/\\\/stourm.news\\\/?p=6592\"},\"author\":{\"name\":\"La r\u00e9daction\",\"@id\":\"https:\\\/\\\/stourm.news\\\/#\\\/schema\\\/person\\\/c3e1dc65988632e190969234ef046cf9\"},\"headline\":\"Emsav : 4 septembre 1861, naissance d&rsquo;Erwan Berthou, \u00e9crivain et militant breton\",\"datePublished\":\"2026-09-04T06:25:19+00:00\",\"mainEntityOfPage\":{\"@id\":\"https:\\\/\\\/stourm.news\\\/?p=6592\"},\"wordCount\":656,\"commentCount\":0,\"publisher\":{\"@id\":\"https:\\\/\\\/stourm.news\\\/#organization\"},\"image\":{\"@id\":\"https:\\\/\\\/stourm.news\\\/?p=6592#primaryimage\"},\"thumbnailUrl\":\"https:\\\/\\\/stourm.news\\\/wp-content\\\/uploads\\\/2026\\\/09\\\/5f922525-c48d-46a5-8aae-60902c155862.png\",\"articleSection\":[\"Emsav\",\"Principale\"],\"inLanguage\":\"fr-FR\",\"potentialAction\":[{\"@type\":\"CommentAction\",\"name\":\"Comment\",\"target\":[\"https:\\\/\\\/stourm.news\\\/?p=6592#respond\"]}]},{\"@type\":\"WebPage\",\"@id\":\"https:\\\/\\\/stourm.news\\\/?p=6592\",\"url\":\"https:\\\/\\\/stourm.news\\\/?p=6592\",\"name\":\"Emsav : 4 septembre 1861, naissance d'Erwan Berthou, \u00e9crivain et militant breton - STOURM\",\"isPartOf\":{\"@id\":\"https:\\\/\\\/stourm.news\\\/#website\"},\"primaryImageOfPage\":{\"@id\":\"https:\\\/\\\/stourm.news\\\/?p=6592#primaryimage\"},\"image\":{\"@id\":\"https:\\\/\\\/stourm.news\\\/?p=6592#primaryimage\"},\"thumbnailUrl\":\"https:\\\/\\\/stourm.news\\\/wp-content\\\/uploads\\\/2026\\\/09\\\/5f922525-c48d-46a5-8aae-60902c155862.png\",\"datePublished\":\"2026-09-04T06:25:19+00:00\",\"breadcrumb\":{\"@id\":\"https:\\\/\\\/stourm.news\\\/?p=6592#breadcrumb\"},\"inLanguage\":\"fr-FR\",\"potentialAction\":[{\"@type\":\"ReadAction\",\"target\":[\"https:\\\/\\\/stourm.news\\\/?p=6592\"]}]},{\"@type\":\"ImageObject\",\"inLanguage\":\"fr-FR\",\"@id\":\"https:\\\/\\\/stourm.news\\\/?p=6592#primaryimage\",\"url\":\"https:\\\/\\\/stourm.news\\\/wp-content\\\/uploads\\\/2026\\\/09\\\/5f922525-c48d-46a5-8aae-60902c155862.png\",\"contentUrl\":\"https:\\\/\\\/stourm.news\\\/wp-content\\\/uploads\\\/2026\\\/09\\\/5f922525-c48d-46a5-8aae-60902c155862.png\",\"width\":1672,\"height\":941},{\"@type\":\"BreadcrumbList\",\"@id\":\"https:\\\/\\\/stourm.news\\\/?p=6592#breadcrumb\",\"itemListElement\":[{\"@type\":\"ListItem\",\"position\":1,\"name\":\"Accueil\",\"item\":\"https:\\\/\\\/stourm.news\\\/\"},{\"@type\":\"ListItem\",\"position\":2,\"name\":\"Emsav : 4 septembre 1861, naissance d&rsquo;Erwan Berthou, \u00e9crivain et militant breton\"}]},{\"@type\":\"WebSite\",\"@id\":\"https:\\\/\\\/stourm.news\\\/#website\",\"url\":\"https:\\\/\\\/stourm.news\\\/\",\"name\":\"Stourm\",\"description\":\"Kazetenn Strollad Broadel Breizh\",\"publisher\":{\"@id\":\"https:\\\/\\\/stourm.news\\\/#organization\"},\"potentialAction\":[{\"@type\":\"SearchAction\",\"target\":{\"@type\":\"EntryPoint\",\"urlTemplate\":\"https:\\\/\\\/stourm.news\\\/?s={search_term_string}\"},\"query-input\":{\"@type\":\"PropertyValueSpecification\",\"valueRequired\":true,\"valueName\":\"search_term_string\"}}],\"inLanguage\":\"fr-FR\"},{\"@type\":\"Organization\",\"@id\":\"https:\\\/\\\/stourm.news\\\/#organization\",\"name\":\"Stourm\",\"url\":\"https:\\\/\\\/stourm.news\\\/\",\"logo\":{\"@type\":\"ImageObject\",\"inLanguage\":\"fr-FR\",\"@id\":\"https:\\\/\\\/stourm.news\\\/#\\\/schema\\\/logo\\\/image\\\/\",\"url\":\"https:\\\/\\\/stourm.news\\\/wp-content\\\/uploads\\\/2025\\\/11\\\/cropped-Capture-decran-2025-11-28-a-15.19.07.png\",\"contentUrl\":\"https:\\\/\\\/stourm.news\\\/wp-content\\\/uploads\\\/2025\\\/11\\\/cropped-Capture-decran-2025-11-28-a-15.19.07.png\",\"width\":1855,\"height\":383,\"caption\":\"Stourm\"},\"image\":{\"@id\":\"https:\\\/\\\/stourm.news\\\/#\\\/schema\\\/logo\\\/image\\\/\"},\"sameAs\":[\"https:\\\/\\\/www.facebook.com\\\/stourmnews\\\/\"]},{\"@type\":\"Person\",\"@id\":\"https:\\\/\\\/stourm.news\\\/#\\\/schema\\\/person\\\/c3e1dc65988632e190969234ef046cf9\",\"name\":\"La r\u00e9daction\",\"image\":{\"@type\":\"ImageObject\",\"inLanguage\":\"fr-FR\",\"@id\":\"https:\\\/\\\/secure.gravatar.com\\\/avatar\\\/7463443f194b6b5fb706b074ca0ef59a0cfcfd720cb47764b0ec5a952ce422b3?s=96&d=mm&r=g\",\"url\":\"https:\\\/\\\/secure.gravatar.com\\\/avatar\\\/7463443f194b6b5fb706b074ca0ef59a0cfcfd720cb47764b0ec5a952ce422b3?s=96&d=mm&r=g\",\"contentUrl\":\"https:\\\/\\\/secure.gravatar.com\\\/avatar\\\/7463443f194b6b5fb706b074ca0ef59a0cfcfd720cb47764b0ec5a952ce422b3?s=96&d=mm&r=g\",\"caption\":\"La r\u00e9daction\"},\"sameAs\":[\"https:\\\/\\\/stourm.news\"],\"url\":\"https:\\\/\\\/stourm.news\\\/?author=1\"}]}<\/script>\n<!-- \/ Yoast SEO plugin. -->","yoast_head_json":{"title":"Emsav : 4 septembre 1861, naissance d'Erwan Berthou, \u00e9crivain et militant breton - STOURM","robots":{"index":"index","follow":"follow","max-snippet":"max-snippet:-1","max-image-preview":"max-image-preview:large","max-video-preview":"max-video-preview:-1"},"canonical":"https:\/\/stourm.news\/?p=6592","og_locale":"fr_FR","og_type":"article","og_title":"Emsav : 4 septembre 1861, naissance d'Erwan Berthou, \u00e9crivain et militant breton - STOURM","og_description":"Erwan Berthou est n\u00e9 le 4 septembre 1861 \u00e0 Pleubian (C\u00f4tes-d\u2019Armor) \u2013 mort fin janvier 1933 (dates rapport\u00e9es : 27, 29 ou 30) \u00e0 Pleubian. Issu d\u2019un milieu rural du Tr\u00e9gor, il \u00e9tudie au petit s\u00e9minaire de Tr\u00e9guier (1873-1876) puis au coll\u00e8ge de Lannion (1876-1877). Il s\u2019engage cinq ans dans la Marine fran\u00e7aise et voyage [&hellip;]","og_url":"https:\/\/stourm.news\/?p=6592","og_site_name":"STOURM","article_publisher":"https:\/\/www.facebook.com\/stourmnews\/","article_published_time":"2026-09-04T06:25:19+00:00","og_image":[{"width":1024,"height":576,"url":"https:\/\/stourm.news\/wp-content\/uploads\/2026\/09\/5f922525-c48d-46a5-8aae-60902c155862-1024x576.png","type":"image\/png"}],"author":"La r\u00e9daction","twitter_card":"summary_large_image","twitter_misc":{"\u00c9crit par":"La r\u00e9daction","Dur\u00e9e de lecture estim\u00e9e":"4 minutes"},"schema":{"@context":"https:\/\/schema.org","@graph":[{"@type":"Article","@id":"https:\/\/stourm.news\/?p=6592#article","isPartOf":{"@id":"https:\/\/stourm.news\/?p=6592"},"author":{"name":"La r\u00e9daction","@id":"https:\/\/stourm.news\/#\/schema\/person\/c3e1dc65988632e190969234ef046cf9"},"headline":"Emsav : 4 septembre 1861, naissance d&rsquo;Erwan Berthou, \u00e9crivain et militant breton","datePublished":"2026-09-04T06:25:19+00:00","mainEntityOfPage":{"@id":"https:\/\/stourm.news\/?p=6592"},"wordCount":656,"commentCount":0,"publisher":{"@id":"https:\/\/stourm.news\/#organization"},"image":{"@id":"https:\/\/stourm.news\/?p=6592#primaryimage"},"thumbnailUrl":"https:\/\/stourm.news\/wp-content\/uploads\/2026\/09\/5f922525-c48d-46a5-8aae-60902c155862.png","articleSection":["Emsav","Principale"],"inLanguage":"fr-FR","potentialAction":[{"@type":"CommentAction","name":"Comment","target":["https:\/\/stourm.news\/?p=6592#respond"]}]},{"@type":"WebPage","@id":"https:\/\/stourm.news\/?p=6592","url":"https:\/\/stourm.news\/?p=6592","name":"Emsav : 4 septembre 1861, naissance d'Erwan Berthou, \u00e9crivain et militant breton - STOURM","isPartOf":{"@id":"https:\/\/stourm.news\/#website"},"primaryImageOfPage":{"@id":"https:\/\/stourm.news\/?p=6592#primaryimage"},"image":{"@id":"https:\/\/stourm.news\/?p=6592#primaryimage"},"thumbnailUrl":"https:\/\/stourm.news\/wp-content\/uploads\/2026\/09\/5f922525-c48d-46a5-8aae-60902c155862.png","datePublished":"2026-09-04T06:25:19+00:00","breadcrumb":{"@id":"https:\/\/stourm.news\/?p=6592#breadcrumb"},"inLanguage":"fr-FR","potentialAction":[{"@type":"ReadAction","target":["https:\/\/stourm.news\/?p=6592"]}]},{"@type":"ImageObject","inLanguage":"fr-FR","@id":"https:\/\/stourm.news\/?p=6592#primaryimage","url":"https:\/\/stourm.news\/wp-content\/uploads\/2026\/09\/5f922525-c48d-46a5-8aae-60902c155862.png","contentUrl":"https:\/\/stourm.news\/wp-content\/uploads\/2026\/09\/5f922525-c48d-46a5-8aae-60902c155862.png","width":1672,"height":941},{"@type":"BreadcrumbList","@id":"https:\/\/stourm.news\/?p=6592#breadcrumb","itemListElement":[{"@type":"ListItem","position":1,"name":"Accueil","item":"https:\/\/stourm.news\/"},{"@type":"ListItem","position":2,"name":"Emsav : 4 septembre 1861, naissance d&rsquo;Erwan Berthou, \u00e9crivain et militant breton"}]},{"@type":"WebSite","@id":"https:\/\/stourm.news\/#website","url":"https:\/\/stourm.news\/","name":"Stourm","description":"Kazetenn Strollad Broadel Breizh","publisher":{"@id":"https:\/\/stourm.news\/#organization"},"potentialAction":[{"@type":"SearchAction","target":{"@type":"EntryPoint","urlTemplate":"https:\/\/stourm.news\/?s={search_term_string}"},"query-input":{"@type":"PropertyValueSpecification","valueRequired":true,"valueName":"search_term_string"}}],"inLanguage":"fr-FR"},{"@type":"Organization","@id":"https:\/\/stourm.news\/#organization","name":"Stourm","url":"https:\/\/stourm.news\/","logo":{"@type":"ImageObject","inLanguage":"fr-FR","@id":"https:\/\/stourm.news\/#\/schema\/logo\/image\/","url":"https:\/\/stourm.news\/wp-content\/uploads\/2025\/11\/cropped-Capture-decran-2025-11-28-a-15.19.07.png","contentUrl":"https:\/\/stourm.news\/wp-content\/uploads\/2025\/11\/cropped-Capture-decran-2025-11-28-a-15.19.07.png","width":1855,"height":383,"caption":"Stourm"},"image":{"@id":"https:\/\/stourm.news\/#\/schema\/logo\/image\/"},"sameAs":["https:\/\/www.facebook.com\/stourmnews\/"]},{"@type":"Person","@id":"https:\/\/stourm.news\/#\/schema\/person\/c3e1dc65988632e190969234ef046cf9","name":"La r\u00e9daction","image":{"@type":"ImageObject","inLanguage":"fr-FR","@id":"https:\/\/secure.gravatar.com\/avatar\/7463443f194b6b5fb706b074ca0ef59a0cfcfd720cb47764b0ec5a952ce422b3?s=96&d=mm&r=g","url":"https:\/\/secure.gravatar.com\/avatar\/7463443f194b6b5fb706b074ca0ef59a0cfcfd720cb47764b0ec5a952ce422b3?s=96&d=mm&r=g","contentUrl":"https:\/\/secure.gravatar.com\/avatar\/7463443f194b6b5fb706b074ca0ef59a0cfcfd720cb47764b0ec5a952ce422b3?s=96&d=mm&r=g","caption":"La r\u00e9daction"},"sameAs":["https:\/\/stourm.news"],"url":"https:\/\/stourm.news\/?author=1"}]}},"_links":{"self":[{"href":"https:\/\/stourm.news\/index.php?rest_route=\/wp\/v2\/posts\/6592","targetHints":{"allow":["GET"]}}],"collection":[{"href":"https:\/\/stourm.news\/index.php?rest_route=\/wp\/v2\/posts"}],"about":[{"href":"https:\/\/stourm.news\/index.php?rest_route=\/wp\/v2\/types\/post"}],"author":[{"embeddable":true,"href":"https:\/\/stourm.news\/index.php?rest_route=\/wp\/v2\/users\/1"}],"replies":[{"embeddable":true,"href":"https:\/\/stourm.news\/index.php?rest_route=%2Fwp%2Fv2%2Fcomments&post=6592"}],"version-history":[{"count":1,"href":"https:\/\/stourm.news\/index.php?rest_route=\/wp\/v2\/posts\/6592\/revisions"}],"predecessor-version":[{"id":6594,"href":"https:\/\/stourm.news\/index.php?rest_route=\/wp\/v2\/posts\/6592\/revisions\/6594"}],"wp:featuredmedia":[{"embeddable":true,"href":"https:\/\/stourm.news\/index.php?rest_route=\/wp\/v2\/media\/6593"}],"wp:attachment":[{"href":"https:\/\/stourm.news\/index.php?rest_route=%2Fwp%2Fv2%2Fmedia&parent=6592"}],"wp:term":[{"taxonomy":"category","embeddable":true,"href":"https:\/\/stourm.news\/index.php?rest_route=%2Fwp%2Fv2%2Fcategories&post=6592"},{"taxonomy":"post_tag","embeddable":true,"href":"https:\/\/stourm.news\/index.php?rest_route=%2Fwp%2Fv2%2Ftags&post=6592"}],"curies":[{"name":"wp","href":"https:\/\/api.w.org\/{rel}","templated":true}]}}