{"id":6605,"date":"2026-09-04T16:13:33","date_gmt":"2026-09-04T16:13:33","guid":{"rendered":"https:\/\/stourm.news\/?p=6605"},"modified":"2026-09-04T16:19:18","modified_gmt":"2026-09-04T16:19:18","slug":"nantes-proche-de-la-maire-de-gauche-lavocate-feministe-anne-bouillon-qui-avait-denonce-les-amalgames-apres-le-viol-dune-bretonne-par-des-soudanais-entendue-pour-les-conditions-de-travail-tox","status":"publish","type":"post","link":"https:\/\/stourm.news\/?p=6605","title":{"rendered":"Nantes : proche de la maire de gauche, l&rsquo;avocate f\u00e9ministe Anne Bouillon qui avait d\u00e9nonc\u00e9 les amalgames apr\u00e8s le viol d&rsquo;une Bretonne par des Soudanais, entendue pour les conditions de travail \u00ab\u00a0toxiques\u00a0\u00bb impos\u00e9es \u00e0 ses collaboratrices"},"content":{"rendered":"<p style=\"text-align: justify;\"><span style=\"font-family: arial, helvetica, sans-serif; font-size: 14pt;\">Les Bretons connaissent bien Anne Bouillon. Cette avocate, qui se revendique f\u00e9ministe et proche du pouvoir socialiste nantais, au point d&rsquo;\u00eatre 63e sur la liste de Johanna Rolland (PS) lors des \u00e9lections municipales de 2020, s&rsquo;\u00e9tait illustr\u00e9e lors de l&rsquo;effroyable viol collectif qui s&rsquo;\u00e9tait d\u00e9roul\u00e9 en 2022 sur l&rsquo;\u00eele de Nantes. <\/span><\/p>\n<p style=\"text-align: justify;\"><span style=\"font-family: arial, helvetica, sans-serif; font-size: 14pt;\">Suite \u00e0 ce viol commis en pleine rue par plusieurs migrants soudanais sur une Bretonne, Anne Bouillon, qui \u00e9tait parvenue \u00e0 se faire d\u00e9signer en urgence comme avocate de la victime, s&rsquo;\u00e9tait empress\u00e9e de d\u00e9noncer <strong>\u00ab\u00a0la r\u00e9cup\u00e9ration politicienne du drame\u00a0\u00bb<\/strong> pr\u00e9tendue de ceux qui posaient la question de la d\u00e9gradation de la situation s\u00e9curitaire \u00e0 Nantes sous la direction du Parti socialiste. <\/span><\/p>\n<p style=\"text-align: justify;\"><span style=\"font-family: arial, helvetica, sans-serif; font-size: 14pt;\">L&rsquo;avocate avait \u00a0ensuite d\u00e9nonc\u00e9 la <strong>\u00ab\u00a0stigmatisation des migrants\u00a0\u00bb<\/strong> qui, selon elle, consistait \u00e0 les d\u00e9signer <strong>\u00ab\u00a0comme responsables premiers de l\u2019ins\u00e9curit\u00e9 qui r\u00e9gnerait dans notre pays en g\u00e9n\u00e9ral et \u00e0 Nantes en particulier.\u00a0\u00bb<\/strong> Anne Bouillon assura que la victime avait pour premier soucis de <strong>\u00ab\u00a0clamer son attachement profond et ind\u00e9fectible aux valeurs humanistes que sont l\u2019accueil de celles et ceux qui cherchent refuge et l\u2019ouverture aux autres. Ce qu\u2019elle a subi et qui l\u2019a perp\u00e9tr\u00e9 (?) n\u2019y change rien. Elle rejette l\u2019amalgame facile et erron\u00e9 fait entre immigration et d\u00e9linquance. Elle rappelle que les violences sexuelles et sexistes existent en tous lieux, en tout temps, en tous milieux\u00a0\u00bb<\/strong>.<\/span><\/p>\n<p style=\"text-align: justify;\"><span style=\"font-family: arial, helvetica, sans-serif; font-size: 14pt;\">La presse d&rsquo;\u00e9tat fran\u00e7aise, volontiers pro-immigration, s&#8217;empressa de reprendre ces \u00e9l\u00e9ments de langage pour d\u00e9samorcer la crise.<\/span><\/p>\n<p><img fetchpriority=\"high\" decoding=\"async\" class=\"alignnone wp-image-6606 size-large\" src=\"https:\/\/stourm.news\/wp-content\/uploads\/2026\/09\/Capture-decran-2026-09-05-a-00.14.14-1024x883.png\" alt=\"\" width=\"1024\" height=\"883\" srcset=\"https:\/\/stourm.news\/wp-content\/uploads\/2026\/09\/Capture-decran-2026-09-05-a-00.14.14-1024x883.png 1024w, https:\/\/stourm.news\/wp-content\/uploads\/2026\/09\/Capture-decran-2026-09-05-a-00.14.14-300x259.png 300w, https:\/\/stourm.news\/wp-content\/uploads\/2026\/09\/Capture-decran-2026-09-05-a-00.14.14-768x662.png 768w, https:\/\/stourm.news\/wp-content\/uploads\/2026\/09\/Capture-decran-2026-09-05-a-00.14.14.png 1408w\" sizes=\"(max-width: 1024px) 100vw, 1024px\" \/><\/p>\n<p style=\"text-align: justify;\"><span style=\"font-family: arial, helvetica, sans-serif; font-size: 14pt;\">Depuis, l&rsquo;avocate f\u00e9ministe est emp\u00eatr\u00e9e dans un scandale d\u00e9ontologique. Ses anciennes collaboratrices ont t\u00e9moign\u00e9 des conditions de travail que leur a longtemps impos\u00e9 la tr\u00e8s m\u00e9diatique avocate de la gauche nantaise. <\/span><\/p>\n<p style=\"text-align: justify;\"><span style=\"font-family: arial, helvetica, sans-serif; font-size: 14pt;\">Un <strong><a href=\"https:\/\/france3-regions.franceinfo.fr\/pays-de-la-loire\/loire-atlantique\/nantes\/je-l-admirais-mais-j-ai-dechante-des-mon-premier-jour-de-stage-deux-anciennes-collaboratrices-de-l-avocate-anne-bouillon-temoignent-d-un-management-toxique-3210350.html\">article de France 3<\/a><\/strong> relate les pressions subies au quotidien : \u00a0<\/span><strong><span style=\"font-family: arial, helvetica, sans-serif; font-size: 14pt;\">\u00ab\u00a0Je voulais absolument bosser avec elle. Je l&rsquo;admirais beaucoup. Et d\u00e8s le premier jour de mon stage, j\u2019ai \u00e9t\u00e9 convoqu\u00e9e dans son bureau pour un dossier de plusieurs kilos \u00e0 conclure pour le soir m\u00eame. Je n\u2019avais pas de bureau, pas d&rsquo;ordinateur, pas de lumi\u00e8re, pas de chaise. \u00c7a m&rsquo;a mis un petit peu de pression. Et heureusement que les autres collaboratrices m&rsquo;ont aid\u00e9e. Elles m&rsquo;ont trouv\u00e9 un ordinateur qui fonctionnait \u00e0 peine, une chaise, elles m&rsquo;ont aid\u00e9e et m&rsquo;ont expliqu\u00e9 ce que je devais faire\u00a0\u00bb.<\/span><\/strong><\/p>\n<p style=\"text-align: justify;\"><span style=\"font-family: arial, helvetica, sans-serif; font-size: 14pt;\">Ses collaboratrices disent avoir travaill\u00e9 sans contrat de travail et \u00e9t\u00e9 \u00ab\u00a0pay\u00e9e au lance-pierres\u00a0\u00bb. L&rsquo;une d&rsquo;entre elles d\u00e9clare : <strong>\u00ab\u00a0De la voir fouler tous les plateaux de t\u00e9l\u00e9vision, de la voir s&rsquo;exprimer sur tous les sujets, c\u2019est une imposture. Qu\u2019elle se dise f\u00e9ministe et ne pas permettre \u00e0 ses collaboratrices, parce qu&rsquo;il n&rsquo;y a que des femmes qui bossent pour elle, de pouvoir bien bosser, c&rsquo;est hyper d\u00e9testable\u00a0\u00bb. <\/strong><\/span><\/p>\n<p style=\"text-align: justify;\"><span style=\"font-family: arial, helvetica, sans-serif; font-size: 14pt;\">Entendue le vendredi 4 septembre 2026 par le conseil disciplinaire de Bretagne, ses avocats, Me Thierry Fillion et Me Fran\u00e7ois Saint-Pierre, ont souhait\u00e9 que les d\u00e9bats se tiennent en chambre du conseil. La presse a \u00e9t\u00e9 invit\u00e9e \u00e0 quitter les lieux indique <strong><a href=\"https:\/\/www.ouest-france.fr\/societe\/justice\/accusee-de-management-toxique-me-anne-bouillon-est-entendue-par-ses-pairs-a-huis-clos-fadd7bf0-a83d-11f1-a618-771a80631f2f\">Ouest-France<\/a><\/strong>.<\/span><\/p>\n<p style=\"text-align: justify;\"><span style=\"font-family: arial, helvetica, sans-serif; font-size: 14pt;\">Pas d&rsquo;hyper m\u00e9diatisation cette fois. <\/span><\/p>\n<p style=\"text-align: right;\"><strong><span style=\"font-family: arial, helvetica, sans-serif; font-size: 14pt;\">Budig Gourmaelon<\/span><\/strong><\/p>\n","protected":false},"excerpt":{"rendered":"<p>Les Bretons connaissent bien Anne Bouillon. Cette avocate, qui se revendique f\u00e9ministe et proche du pouvoir socialiste nantais, au point d&rsquo;\u00eatre 63e sur la liste de Johanna Rolland (PS) lors des \u00e9lections municipales de 2020, s&rsquo;\u00e9tait illustr\u00e9e lors de l&rsquo;effroyable viol collectif qui s&rsquo;\u00e9tait d\u00e9roul\u00e9 en 2022 sur l&rsquo;\u00eele de Nantes. Suite \u00e0 ce viol [&hellip;]<\/p>\n","protected":false},"author":1,"featured_media":6607,"comment_status":"open","ping_status":"open","sticky":false,"template":"","format":"standard","meta":{"sb_editor_width":"","footnotes":""},"categories":[36,42,67,65,62],"tags":[],"class_list":["post-6605","post","type-post","status-publish","format-standard","has-post-thumbnail","hentry","category-extreme-gauche","category-loire-atlantique","category-politique","category-principale","category-revue-de-presse"],"relative_dates":{"created":"14 heures ago","modified":"14 heures ago"},"yoast_head":"<!-- This site is optimized with the Yoast SEO plugin v28.2 - https:\/\/yoast.com\/product\/yoast-seo-wordpress\/ -->\n<title>Nantes : proche de la maire de gauche, l&#039;avocate f\u00e9ministe Anne Bouillon qui avait d\u00e9nonc\u00e9 les amalgames apr\u00e8s le viol d&#039;une Bretonne par des Soudanais, entendue pour les conditions de travail &quot;toxiques&quot; impos\u00e9es \u00e0 ses collaboratrices - STOURM<\/title>\n<meta name=\"robots\" content=\"index, follow, max-snippet:-1, max-image-preview:large, max-video-preview:-1\" \/>\n<link rel=\"canonical\" href=\"https:\/\/stourm.news\/?p=6605\" \/>\n<meta property=\"og:locale\" content=\"fr_FR\" \/>\n<meta property=\"og:type\" content=\"article\" \/>\n<meta property=\"og:title\" content=\"Nantes : proche de la maire de gauche, l&#039;avocate f\u00e9ministe Anne Bouillon qui avait d\u00e9nonc\u00e9 les amalgames apr\u00e8s le viol d&#039;une Bretonne par des Soudanais, entendue pour les conditions de travail &quot;toxiques&quot; impos\u00e9es \u00e0 ses collaboratrices - STOURM\" \/>\n<meta property=\"og:description\" content=\"Les Bretons connaissent bien Anne Bouillon. Cette avocate, qui se revendique f\u00e9ministe et proche du pouvoir socialiste nantais, au point d&rsquo;\u00eatre 63e sur la liste de Johanna Rolland (PS) lors des \u00e9lections municipales de 2020, s&rsquo;\u00e9tait illustr\u00e9e lors de l&rsquo;effroyable viol collectif qui s&rsquo;\u00e9tait d\u00e9roul\u00e9 en 2022 sur l&rsquo;\u00eele de Nantes. Suite \u00e0 ce viol [&hellip;]\" \/>\n<meta property=\"og:url\" content=\"https:\/\/stourm.news\/?p=6605\" \/>\n<meta property=\"og:site_name\" content=\"STOURM\" \/>\n<meta property=\"article:publisher\" content=\"https:\/\/www.facebook.com\/stourmnews\/\" \/>\n<meta property=\"article:published_time\" content=\"2026-09-04T16:13:33+00:00\" \/>\n<meta property=\"article:modified_time\" content=\"2026-09-04T16:19:18+00:00\" \/>\n<meta property=\"og:image\" content=\"https:\/\/stourm.news\/wp-content\/uploads\/2026\/09\/Capture-decran-2026-09-05-a-01.12.45.png\" \/>\n\t<meta property=\"og:image:width\" content=\"826\" \/>\n\t<meta property=\"og:image:height\" content=\"512\" \/>\n\t<meta property=\"og:image:type\" content=\"image\/png\" \/>\n<meta name=\"author\" content=\"La r\u00e9daction\" \/>\n<meta name=\"twitter:card\" content=\"summary_large_image\" \/>\n<meta name=\"twitter:label1\" content=\"\u00c9crit par\" \/>\n\t<meta name=\"twitter:data1\" content=\"La r\u00e9daction\" \/>\n\t<meta name=\"twitter:label2\" content=\"Dur\u00e9e de lecture estim\u00e9e\" \/>\n\t<meta name=\"twitter:data2\" content=\"3 minutes\" \/>\n<script type=\"application\/ld+json\" class=\"yoast-schema-graph\">{\"@context\":\"https:\\\/\\\/schema.org\",\"@graph\":[{\"@type\":\"Article\",\"@id\":\"https:\\\/\\\/stourm.news\\\/?p=6605#article\",\"isPartOf\":{\"@id\":\"https:\\\/\\\/stourm.news\\\/?p=6605\"},\"author\":{\"name\":\"La r\u00e9daction\",\"@id\":\"https:\\\/\\\/stourm.news\\\/#\\\/schema\\\/person\\\/c3e1dc65988632e190969234ef046cf9\"},\"headline\":\"Nantes : proche de la maire de gauche, l&rsquo;avocate f\u00e9ministe Anne Bouillon qui avait d\u00e9nonc\u00e9 les amalgames apr\u00e8s le viol d&rsquo;une Bretonne par des Soudanais, entendue pour les conditions de travail \u00ab\u00a0toxiques\u00a0\u00bb impos\u00e9es \u00e0 ses collaboratrices\",\"datePublished\":\"2026-09-04T16:13:33+00:00\",\"dateModified\":\"2026-09-04T16:19:18+00:00\",\"mainEntityOfPage\":{\"@id\":\"https:\\\/\\\/stourm.news\\\/?p=6605\"},\"wordCount\":588,\"commentCount\":0,\"publisher\":{\"@id\":\"https:\\\/\\\/stourm.news\\\/#organization\"},\"image\":{\"@id\":\"https:\\\/\\\/stourm.news\\\/?p=6605#primaryimage\"},\"thumbnailUrl\":\"https:\\\/\\\/stourm.news\\\/wp-content\\\/uploads\\\/2026\\\/09\\\/Capture-decran-2026-09-05-a-01.12.45.png\",\"articleSection\":[\"Extr\u00eame-gauche\",\"Loire-Atlantique\",\"Politique\",\"Principale\",\"Revue de presse\"],\"inLanguage\":\"fr-FR\",\"potentialAction\":[{\"@type\":\"CommentAction\",\"name\":\"Comment\",\"target\":[\"https:\\\/\\\/stourm.news\\\/?p=6605#respond\"]}]},{\"@type\":\"WebPage\",\"@id\":\"https:\\\/\\\/stourm.news\\\/?p=6605\",\"url\":\"https:\\\/\\\/stourm.news\\\/?p=6605\",\"name\":\"Nantes : proche de la maire de gauche, l'avocate f\u00e9ministe Anne Bouillon qui avait d\u00e9nonc\u00e9 les amalgames apr\u00e8s le viol d'une Bretonne par des Soudanais, entendue pour les conditions de travail \\\"toxiques\\\" impos\u00e9es \u00e0 ses collaboratrices - STOURM\",\"isPartOf\":{\"@id\":\"https:\\\/\\\/stourm.news\\\/#website\"},\"primaryImageOfPage\":{\"@id\":\"https:\\\/\\\/stourm.news\\\/?p=6605#primaryimage\"},\"image\":{\"@id\":\"https:\\\/\\\/stourm.news\\\/?p=6605#primaryimage\"},\"thumbnailUrl\":\"https:\\\/\\\/stourm.news\\\/wp-content\\\/uploads\\\/2026\\\/09\\\/Capture-decran-2026-09-05-a-01.12.45.png\",\"datePublished\":\"2026-09-04T16:13:33+00:00\",\"dateModified\":\"2026-09-04T16:19:18+00:00\",\"breadcrumb\":{\"@id\":\"https:\\\/\\\/stourm.news\\\/?p=6605#breadcrumb\"},\"inLanguage\":\"fr-FR\",\"potentialAction\":[{\"@type\":\"ReadAction\",\"target\":[\"https:\\\/\\\/stourm.news\\\/?p=6605\"]}]},{\"@type\":\"ImageObject\",\"inLanguage\":\"fr-FR\",\"@id\":\"https:\\\/\\\/stourm.news\\\/?p=6605#primaryimage\",\"url\":\"https:\\\/\\\/stourm.news\\\/wp-content\\\/uploads\\\/2026\\\/09\\\/Capture-decran-2026-09-05-a-01.12.45.png\",\"contentUrl\":\"https:\\\/\\\/stourm.news\\\/wp-content\\\/uploads\\\/2026\\\/09\\\/Capture-decran-2026-09-05-a-01.12.45.png\",\"width\":826,\"height\":512},{\"@type\":\"BreadcrumbList\",\"@id\":\"https:\\\/\\\/stourm.news\\\/?p=6605#breadcrumb\",\"itemListElement\":[{\"@type\":\"ListItem\",\"position\":1,\"name\":\"Accueil\",\"item\":\"https:\\\/\\\/stourm.news\\\/\"},{\"@type\":\"ListItem\",\"position\":2,\"name\":\"Nantes : proche de la maire de gauche, l&rsquo;avocate f\u00e9ministe Anne Bouillon qui avait d\u00e9nonc\u00e9 les amalgames apr\u00e8s le viol d&rsquo;une Bretonne par des Soudanais, entendue pour les conditions de travail \u00ab\u00a0toxiques\u00a0\u00bb impos\u00e9es \u00e0 ses collaboratrices\"}]},{\"@type\":\"WebSite\",\"@id\":\"https:\\\/\\\/stourm.news\\\/#website\",\"url\":\"https:\\\/\\\/stourm.news\\\/\",\"name\":\"Stourm\",\"description\":\"Kazetenn Strollad Broadel Breizh\",\"publisher\":{\"@id\":\"https:\\\/\\\/stourm.news\\\/#organization\"},\"potentialAction\":[{\"@type\":\"SearchAction\",\"target\":{\"@type\":\"EntryPoint\",\"urlTemplate\":\"https:\\\/\\\/stourm.news\\\/?s={search_term_string}\"},\"query-input\":{\"@type\":\"PropertyValueSpecification\",\"valueRequired\":true,\"valueName\":\"search_term_string\"}}],\"inLanguage\":\"fr-FR\"},{\"@type\":\"Organization\",\"@id\":\"https:\\\/\\\/stourm.news\\\/#organization\",\"name\":\"Stourm\",\"url\":\"https:\\\/\\\/stourm.news\\\/\",\"logo\":{\"@type\":\"ImageObject\",\"inLanguage\":\"fr-FR\",\"@id\":\"https:\\\/\\\/stourm.news\\\/#\\\/schema\\\/logo\\\/image\\\/\",\"url\":\"https:\\\/\\\/stourm.news\\\/wp-content\\\/uploads\\\/2025\\\/11\\\/cropped-Capture-decran-2025-11-28-a-15.19.07.png\",\"contentUrl\":\"https:\\\/\\\/stourm.news\\\/wp-content\\\/uploads\\\/2025\\\/11\\\/cropped-Capture-decran-2025-11-28-a-15.19.07.png\",\"width\":1855,\"height\":383,\"caption\":\"Stourm\"},\"image\":{\"@id\":\"https:\\\/\\\/stourm.news\\\/#\\\/schema\\\/logo\\\/image\\\/\"},\"sameAs\":[\"https:\\\/\\\/www.facebook.com\\\/stourmnews\\\/\"]},{\"@type\":\"Person\",\"@id\":\"https:\\\/\\\/stourm.news\\\/#\\\/schema\\\/person\\\/c3e1dc65988632e190969234ef046cf9\",\"name\":\"La r\u00e9daction\",\"image\":{\"@type\":\"ImageObject\",\"inLanguage\":\"fr-FR\",\"@id\":\"https:\\\/\\\/secure.gravatar.com\\\/avatar\\\/7463443f194b6b5fb706b074ca0ef59a0cfcfd720cb47764b0ec5a952ce422b3?s=96&d=mm&r=g\",\"url\":\"https:\\\/\\\/secure.gravatar.com\\\/avatar\\\/7463443f194b6b5fb706b074ca0ef59a0cfcfd720cb47764b0ec5a952ce422b3?s=96&d=mm&r=g\",\"contentUrl\":\"https:\\\/\\\/secure.gravatar.com\\\/avatar\\\/7463443f194b6b5fb706b074ca0ef59a0cfcfd720cb47764b0ec5a952ce422b3?s=96&d=mm&r=g\",\"caption\":\"La r\u00e9daction\"},\"sameAs\":[\"https:\\\/\\\/stourm.news\"],\"url\":\"https:\\\/\\\/stourm.news\\\/?author=1\"}]}<\/script>\n<!-- \/ Yoast SEO plugin. -->","yoast_head_json":{"title":"Nantes : proche de la maire de gauche, l'avocate f\u00e9ministe Anne Bouillon qui avait d\u00e9nonc\u00e9 les amalgames apr\u00e8s le viol d'une Bretonne par des Soudanais, entendue pour les conditions de travail \"toxiques\" impos\u00e9es \u00e0 ses collaboratrices - STOURM","robots":{"index":"index","follow":"follow","max-snippet":"max-snippet:-1","max-image-preview":"max-image-preview:large","max-video-preview":"max-video-preview:-1"},"canonical":"https:\/\/stourm.news\/?p=6605","og_locale":"fr_FR","og_type":"article","og_title":"Nantes : proche de la maire de gauche, l'avocate f\u00e9ministe Anne Bouillon qui avait d\u00e9nonc\u00e9 les amalgames apr\u00e8s le viol d'une Bretonne par des Soudanais, entendue pour les conditions de travail \"toxiques\" impos\u00e9es \u00e0 ses collaboratrices - STOURM","og_description":"Les Bretons connaissent bien Anne Bouillon. Cette avocate, qui se revendique f\u00e9ministe et proche du pouvoir socialiste nantais, au point d&rsquo;\u00eatre 63e sur la liste de Johanna Rolland (PS) lors des \u00e9lections municipales de 2020, s&rsquo;\u00e9tait illustr\u00e9e lors de l&rsquo;effroyable viol collectif qui s&rsquo;\u00e9tait d\u00e9roul\u00e9 en 2022 sur l&rsquo;\u00eele de Nantes. Suite \u00e0 ce viol [&hellip;]","og_url":"https:\/\/stourm.news\/?p=6605","og_site_name":"STOURM","article_publisher":"https:\/\/www.facebook.com\/stourmnews\/","article_published_time":"2026-09-04T16:13:33+00:00","article_modified_time":"2026-09-04T16:19:18+00:00","og_image":[{"width":826,"height":512,"url":"https:\/\/stourm.news\/wp-content\/uploads\/2026\/09\/Capture-decran-2026-09-05-a-01.12.45.png","type":"image\/png"}],"author":"La r\u00e9daction","twitter_card":"summary_large_image","twitter_misc":{"\u00c9crit par":"La r\u00e9daction","Dur\u00e9e de lecture estim\u00e9e":"3 minutes"},"schema":{"@context":"https:\/\/schema.org","@graph":[{"@type":"Article","@id":"https:\/\/stourm.news\/?p=6605#article","isPartOf":{"@id":"https:\/\/stourm.news\/?p=6605"},"author":{"name":"La r\u00e9daction","@id":"https:\/\/stourm.news\/#\/schema\/person\/c3e1dc65988632e190969234ef046cf9"},"headline":"Nantes : proche de la maire de gauche, l&rsquo;avocate f\u00e9ministe Anne Bouillon qui avait d\u00e9nonc\u00e9 les amalgames apr\u00e8s le viol d&rsquo;une Bretonne par des Soudanais, entendue pour les conditions de travail \u00ab\u00a0toxiques\u00a0\u00bb impos\u00e9es \u00e0 ses collaboratrices","datePublished":"2026-09-04T16:13:33+00:00","dateModified":"2026-09-04T16:19:18+00:00","mainEntityOfPage":{"@id":"https:\/\/stourm.news\/?p=6605"},"wordCount":588,"commentCount":0,"publisher":{"@id":"https:\/\/stourm.news\/#organization"},"image":{"@id":"https:\/\/stourm.news\/?p=6605#primaryimage"},"thumbnailUrl":"https:\/\/stourm.news\/wp-content\/uploads\/2026\/09\/Capture-decran-2026-09-05-a-01.12.45.png","articleSection":["Extr\u00eame-gauche","Loire-Atlantique","Politique","Principale","Revue de presse"],"inLanguage":"fr-FR","potentialAction":[{"@type":"CommentAction","name":"Comment","target":["https:\/\/stourm.news\/?p=6605#respond"]}]},{"@type":"WebPage","@id":"https:\/\/stourm.news\/?p=6605","url":"https:\/\/stourm.news\/?p=6605","name":"Nantes : proche de la maire de gauche, l'avocate f\u00e9ministe Anne Bouillon qui avait d\u00e9nonc\u00e9 les amalgames apr\u00e8s le viol d'une Bretonne par des Soudanais, entendue pour les conditions de travail \"toxiques\" impos\u00e9es \u00e0 ses collaboratrices - STOURM","isPartOf":{"@id":"https:\/\/stourm.news\/#website"},"primaryImageOfPage":{"@id":"https:\/\/stourm.news\/?p=6605#primaryimage"},"image":{"@id":"https:\/\/stourm.news\/?p=6605#primaryimage"},"thumbnailUrl":"https:\/\/stourm.news\/wp-content\/uploads\/2026\/09\/Capture-decran-2026-09-05-a-01.12.45.png","datePublished":"2026-09-04T16:13:33+00:00","dateModified":"2026-09-04T16:19:18+00:00","breadcrumb":{"@id":"https:\/\/stourm.news\/?p=6605#breadcrumb"},"inLanguage":"fr-FR","potentialAction":[{"@type":"ReadAction","target":["https:\/\/stourm.news\/?p=6605"]}]},{"@type":"ImageObject","inLanguage":"fr-FR","@id":"https:\/\/stourm.news\/?p=6605#primaryimage","url":"https:\/\/stourm.news\/wp-content\/uploads\/2026\/09\/Capture-decran-2026-09-05-a-01.12.45.png","contentUrl":"https:\/\/stourm.news\/wp-content\/uploads\/2026\/09\/Capture-decran-2026-09-05-a-01.12.45.png","width":826,"height":512},{"@type":"BreadcrumbList","@id":"https:\/\/stourm.news\/?p=6605#breadcrumb","itemListElement":[{"@type":"ListItem","position":1,"name":"Accueil","item":"https:\/\/stourm.news\/"},{"@type":"ListItem","position":2,"name":"Nantes : proche de la maire de gauche, l&rsquo;avocate f\u00e9ministe Anne Bouillon qui avait d\u00e9nonc\u00e9 les amalgames apr\u00e8s le viol d&rsquo;une Bretonne par des Soudanais, entendue pour les conditions de travail \u00ab\u00a0toxiques\u00a0\u00bb impos\u00e9es \u00e0 ses collaboratrices"}]},{"@type":"WebSite","@id":"https:\/\/stourm.news\/#website","url":"https:\/\/stourm.news\/","name":"Stourm","description":"Kazetenn Strollad Broadel Breizh","publisher":{"@id":"https:\/\/stourm.news\/#organization"},"potentialAction":[{"@type":"SearchAction","target":{"@type":"EntryPoint","urlTemplate":"https:\/\/stourm.news\/?s={search_term_string}"},"query-input":{"@type":"PropertyValueSpecification","valueRequired":true,"valueName":"search_term_string"}}],"inLanguage":"fr-FR"},{"@type":"Organization","@id":"https:\/\/stourm.news\/#organization","name":"Stourm","url":"https:\/\/stourm.news\/","logo":{"@type":"ImageObject","inLanguage":"fr-FR","@id":"https:\/\/stourm.news\/#\/schema\/logo\/image\/","url":"https:\/\/stourm.news\/wp-content\/uploads\/2025\/11\/cropped-Capture-decran-2025-11-28-a-15.19.07.png","contentUrl":"https:\/\/stourm.news\/wp-content\/uploads\/2025\/11\/cropped-Capture-decran-2025-11-28-a-15.19.07.png","width":1855,"height":383,"caption":"Stourm"},"image":{"@id":"https:\/\/stourm.news\/#\/schema\/logo\/image\/"},"sameAs":["https:\/\/www.facebook.com\/stourmnews\/"]},{"@type":"Person","@id":"https:\/\/stourm.news\/#\/schema\/person\/c3e1dc65988632e190969234ef046cf9","name":"La r\u00e9daction","image":{"@type":"ImageObject","inLanguage":"fr-FR","@id":"https:\/\/secure.gravatar.com\/avatar\/7463443f194b6b5fb706b074ca0ef59a0cfcfd720cb47764b0ec5a952ce422b3?s=96&d=mm&r=g","url":"https:\/\/secure.gravatar.com\/avatar\/7463443f194b6b5fb706b074ca0ef59a0cfcfd720cb47764b0ec5a952ce422b3?s=96&d=mm&r=g","contentUrl":"https:\/\/secure.gravatar.com\/avatar\/7463443f194b6b5fb706b074ca0ef59a0cfcfd720cb47764b0ec5a952ce422b3?s=96&d=mm&r=g","caption":"La r\u00e9daction"},"sameAs":["https:\/\/stourm.news"],"url":"https:\/\/stourm.news\/?author=1"}]}},"_links":{"self":[{"href":"https:\/\/stourm.news\/index.php?rest_route=\/wp\/v2\/posts\/6605","targetHints":{"allow":["GET"]}}],"collection":[{"href":"https:\/\/stourm.news\/index.php?rest_route=\/wp\/v2\/posts"}],"about":[{"href":"https:\/\/stourm.news\/index.php?rest_route=\/wp\/v2\/types\/post"}],"author":[{"embeddable":true,"href":"https:\/\/stourm.news\/index.php?rest_route=\/wp\/v2\/users\/1"}],"replies":[{"embeddable":true,"href":"https:\/\/stourm.news\/index.php?rest_route=%2Fwp%2Fv2%2Fcomments&post=6605"}],"version-history":[{"count":2,"href":"https:\/\/stourm.news\/index.php?rest_route=\/wp\/v2\/posts\/6605\/revisions"}],"predecessor-version":[{"id":6609,"href":"https:\/\/stourm.news\/index.php?rest_route=\/wp\/v2\/posts\/6605\/revisions\/6609"}],"wp:featuredmedia":[{"embeddable":true,"href":"https:\/\/stourm.news\/index.php?rest_route=\/wp\/v2\/media\/6607"}],"wp:attachment":[{"href":"https:\/\/stourm.news\/index.php?rest_route=%2Fwp%2Fv2%2Fmedia&parent=6605"}],"wp:term":[{"taxonomy":"category","embeddable":true,"href":"https:\/\/stourm.news\/index.php?rest_route=%2Fwp%2Fv2%2Fcategories&post=6605"},{"taxonomy":"post_tag","embeddable":true,"href":"https:\/\/stourm.news\/index.php?rest_route=%2Fwp%2Fv2%2Ftags&post=6605"}],"curies":[{"name":"wp","href":"https:\/\/api.w.org\/{rel}","templated":true}]}}