{"id":6610,"date":"2026-09-05T09:57:57","date_gmt":"2026-09-05T09:57:57","guid":{"rendered":"https:\/\/stourm.news\/?p=6610"},"modified":"2026-09-05T09:57:57","modified_gmt":"2026-09-05T09:57:57","slug":"le-duc-de-mercoeur-et-le-reve-dune-bretagne-souveraine","status":"publish","type":"post","link":"https:\/\/stourm.news\/?p=6610","title":{"rendered":"Le duc de Merc\u0153ur et le r\u00eave d\u2019une Bretagne souveraine"},"content":{"rendered":"<p style=\"text-align: justify;\"><span style=\"font-family: arial, helvetica, sans-serif; font-size: 14pt;\">Le 5 septembre 1582, Philippe-Emmanuel de Lorraine, duc de Merc\u0153ur, est nomm\u00e9 gouverneur de Bretagne par le roi de France Henri III. L\u2019\u00e9v\u00e9nement pourrait sembler n\u2019\u00eatre qu\u2019un \u00e9pisode ordinaire de l\u2019administration du royaume. Pourtant, cette nomination ouvre l\u2019un des chapitres les plus singuliers de l\u2019histoire bretonne apr\u00e8s l&rsquo;annexion de 1532 : pendant pr\u00e8s de seize ann\u00e9es, Merc\u0153ur va progressivement transformer sa position de gouverneur en celle d\u2019un v\u00e9ritable prince territorial, jusqu\u2019\u00e0 faire rena\u00eetre la perspective d\u2019une Bretagne gouvern\u00e9e ind\u00e9pendamment de Paris.<\/span><\/p>\n<p><strong><span style=\"font-family: arial, helvetica, sans-serif; font-size: 14pt;\">Une annexion r\u00e9cente<\/span><\/strong><\/p>\n<p style=\"text-align: justify;\"><span style=\"font-family: arial, helvetica, sans-serif; font-size: 14pt;\">Il faut ici rappeler que l&rsquo;annexion de la Bretagne par le royaume de France est alors encore relativement r\u00e9cente. L\u2019annexion unilat\u00e9rale de 1532 ne remonte qu\u2019\u00e0 un demi-si\u00e8cle, et la m\u00e9moire de l\u2019ancien \u00c9tat breton appartient encore \u00e0 un pass\u00e9 proche.<\/span><\/p>\n<p style=\"text-align: justify;\"><span style=\"font-family: arial, helvetica, sans-serif; font-size: 14pt;\">Surtout, le titre m\u00eame de duc de Bretagne n\u2019avait pas imm\u00e9diatement disparu. Apr\u00e8s la mort du dauphin Fran\u00e7ois en 1536, couronn\u00e9 duc \u00e0 Rennes, son fr\u00e8re Henri, futur Henri II de France, devient duc de Bretagne. Il conserve cette dignit\u00e9 jusqu\u2019\u00e0 son accession au tr\u00f4ne de France en 1547. Le dernier homme \u00e0 avoir personnellement port\u00e9 le titre de Duc de Bretagne n\u2019est donc mort qu\u2019en 1559, moins de trente ans avant le d\u00e9clenchement de la crise de Merc\u0153ur.<\/span><\/p>\n<p style=\"text-align: justify;\"><span style=\"font-family: arial, helvetica, sans-serif; font-size: 14pt;\">La Bretagne conserve par ailleurs ses \u00c9tats, son Parlement, ses droits, sa fiscalit\u00e9 et une forte personnalit\u00e9 institutionnelle. L\u2019union des deux couronnes n\u2019a donc pas effac\u00e9 en quelques d\u00e9cennies la m\u00e9moire politique de l&rsquo;\u00c9tat breton.<\/span><\/p>\n<p style=\"text-align: justify;\"><span style=\"font-family: arial, helvetica, sans-serif; font-size: 14pt;\">C\u2019est dans ce contexte que la situation bascule en 1588. Henri III fait assassiner le duc Henri de Guise et son fr\u00e8re, le cardinal de Lorraine. Pour Merc\u0153ur, parent des Guise, la rupture est consomm\u00e9e. En pleine guerre de Religion, il rejoint ouvertement la Ligue catholique. <\/span><span style=\"font-family: arial, helvetica, sans-serif; font-size: 14pt;\">Puis survient l\u2019\u00e9v\u00e9nement d\u00e9cisif : Henri III est assassin\u00e9 \u00e0 son tour en ao\u00fbt 1589. <\/span><span style=\"font-family: arial, helvetica, sans-serif; font-size: 14pt;\">Son h\u00e9ritier selon les r\u00e8gles successorales fran\u00e7aises est Henri de Navarre, futur Henri IV, alors protestant. Merc\u0153ur refuse de le reconna\u00eetre.<\/span><\/p>\n<p style=\"text-align: justify;\"><span style=\"font-family: arial, helvetica, sans-serif; font-size: 14pt;\">Mais en Bretagne, la crise d\u00e9passe bient\u00f4t la seule question religieuse. L\u2019effondrement de l\u2019autorit\u00e9 des Valois permet de rouvrir une question que l&rsquo;annexion de 1532 semblait avoir d\u00e9finitivement r\u00e9gl\u00e9e : qui peut l\u00e9gitimement exercer la souverainet\u00e9 sur la Bretagne ?<\/span><\/p>\n<p><strong><span style=\"font-family: arial, helvetica, sans-serif; font-size: 14pt;\">Une nouvelle dynastie\u00a0<\/span><\/strong><\/p>\n<p style=\"text-align: justify;\"><span style=\"font-family: arial, helvetica, sans-serif; font-size: 14pt;\">Merc\u0153ur dispose pr\u00e9cis\u00e9ment d\u2019un argument dynastique. Son \u00e9pouse, Marie de Luxembourg, duchesse de Penthi\u00e8vre, descend de Jeanne de Penthi\u00e8vre, qui avait disput\u00e9 la couronne ducale aux Montfort lors de la guerre de Succession de Bretagne au XIVe si\u00e8cle. <\/span><span style=\"font-family: arial, helvetica, sans-serif; font-size: 14pt;\">\u00c0 peine quelques d\u00e9cennies apr\u00e8s qu\u2019un futur roi de France avait encore port\u00e9 personnellement le titre de duc de Bretagne, l\u2019id\u00e9e d\u2019une restauration de la dignit\u00e9 ducale n\u2019appartenait donc pas encore \u00e0 un pass\u00e9 imm\u00e9morial. <\/span><span style=\"font-family: arial, helvetica, sans-serif; font-size: 14pt;\">Dans le bouleversement politique des guerres de Religion, elle pouvait redevenir une possibilit\u00e9. <\/span><\/p>\n<p style=\"text-align: justify;\"><span style=\"font-family: arial, helvetica, sans-serif; font-size: 14pt;\">Merc\u0153ur n\u2019est pas Breton de naissance. N\u00e9 en 1558 \u00e0 Nomeny, en Lorraine, il appartient \u00e0 la puissante maison de Lorraine et est apparent\u00e9 aux Guise. Mais son mariage avec Marie de Luxembourg, duchesse de Penthi\u00e8vre, l\u2019inscrit au c\u0153ur de l\u2019histoire dynastique bretonne. <\/span><span style=\"font-family: arial, helvetica, sans-serif; font-size: 14pt;\">Marie descend en effet de Jeanne de Penthi\u00e8vre, qui avait disput\u00e9 au XIVe si\u00e8cle la couronne ducale \u00e0 Jean de Montfort lors de la guerre de Succession de Bretagne. \u00c0 travers elle subsiste donc une ancienne pr\u00e9tention dynastique sur le duch\u00e9 de Bretagne. <\/span><span style=\"font-family: arial, helvetica, sans-serif; font-size: 14pt;\">En 1582, cette question para\u00eet appartenir au pass\u00e9. Quelques ann\u00e9es plus tard, elle redevient explosive.<\/span><\/p>\n<p style=\"text-align: justify;\"><strong><span style=\"font-family: arial, helvetica, sans-serif; font-size: 14pt;\">Nantes, capitale d\u2019un pouvoir breton<\/span><\/strong><\/p>\n<p><img fetchpriority=\"high\" decoding=\"async\" class=\"alignnone wp-image-6612 size-full\" src=\"https:\/\/stourm.news\/wp-content\/uploads\/2026\/09\/05450a19-dbe8-4a69-b79f-c170cbb1a114.png\" alt=\"\" width=\"1672\" height=\"941\" srcset=\"https:\/\/stourm.news\/wp-content\/uploads\/2026\/09\/05450a19-dbe8-4a69-b79f-c170cbb1a114.png 1672w, https:\/\/stourm.news\/wp-content\/uploads\/2026\/09\/05450a19-dbe8-4a69-b79f-c170cbb1a114-300x169.png 300w, https:\/\/stourm.news\/wp-content\/uploads\/2026\/09\/05450a19-dbe8-4a69-b79f-c170cbb1a114-1024x576.png 1024w, https:\/\/stourm.news\/wp-content\/uploads\/2026\/09\/05450a19-dbe8-4a69-b79f-c170cbb1a114-768x432.png 768w, https:\/\/stourm.news\/wp-content\/uploads\/2026\/09\/05450a19-dbe8-4a69-b79f-c170cbb1a114-1536x864.png 1536w\" sizes=\"(max-width: 1672px) 100vw, 1672px\" \/><\/p>\n<p style=\"text-align: justify;\"><span style=\"font-family: arial, helvetica, sans-serif; font-size: 14pt;\">Merc\u0153ur \u00e9tablit son centre politique \u00e0 Nantes, ancienne capitale ducale et ville profond\u00e9ment attach\u00e9e au parti catholique. <\/span><span style=\"font-family: arial, helvetica, sans-serif; font-size: 14pt;\">Il ne se contente bient\u00f4t plus de d\u00e9sob\u00e9ir au nouveau roi de France. Un v\u00e9ritable gouvernement concurrent s\u2019organise en Bretagne.<\/span><\/p>\n<p style=\"text-align: justify;\"><span style=\"font-family: arial, helvetica, sans-serif; font-size: 14pt;\">Une partie des institutions et des magistrats favorables \u00e0 la Ligue se rassemble autour de Nantes. Une administration parall\u00e8le fonctionne sous l\u2019autorit\u00e9 de Merc\u0153ur, tandis que Rennes devient l\u2019un des principaux centres du parti royaliste. <\/span><span style=\"font-family: arial, helvetica, sans-serif; font-size: 14pt;\">La Bretagne se retrouve ainsi divis\u00e9e entre deux couronnes : celle de Bretagne et celle de France.<\/span><\/p>\n<p style=\"text-align: justify;\"><span style=\"font-family: arial, helvetica, sans-serif; font-size: 14pt;\">Cette situation poss\u00e8de une port\u00e9e consid\u00e9rable. Moins de soixante ans apr\u00e8s l&rsquo;annexion de 1532, l&rsquo;autorit\u00e9 monarchique fran\u00e7aise sur la Bretagne n&rsquo;appara\u00eet nullement irr\u00e9versible. La disparition de la dynastie des Valois et la guerre civile rendent de nouveau imaginable ce que l&rsquo;on croyait d\u00e9finitivement disparu : un gouvernement breton distinct de celui de la France.<\/span><\/p>\n<p style=\"text-align: justify;\"><span style=\"font-family: arial, helvetica, sans-serif; font-size: 14pt;\">Les sources contemporaines et l&rsquo;historiographie montrent que Merc\u0153ur nourrit effectivement l&rsquo;ambition d&rsquo;\u00e9tablir en Bretagne un \u00c9tat ind\u00e9pendant. La correspondance diplomatique conserv\u00e9e avec l&rsquo;Espagne a notamment conduit des historiens \u00e0 consid\u00e9rer qu&rsquo;il aspirait \u00e0 r\u00e9tablir \u00e0 son profit le tr\u00f4ne ducal. <\/span><span style=\"font-family: arial, helvetica, sans-serif; font-size: 14pt;\">Mais son ambition rencontre imm\u00e9diatement une difficult\u00e9 majeure : la Bretagne elle-m\u00eame est divis\u00e9e.<\/span><\/p>\n<p style=\"text-align: justify;\"><strong><span style=\"font-family: arial, helvetica, sans-serif; font-size: 14pt;\">Une Bretagne d\u00e9chir\u00e9e<\/span><\/strong><\/p>\n<p><img decoding=\"async\" class=\"alignnone wp-image-6613 size-full\" src=\"https:\/\/stourm.news\/wp-content\/uploads\/2026\/09\/6d2fdc81-cafa-4342-8325-218ffbe5eea1.png\" alt=\"\" width=\"1672\" height=\"941\" srcset=\"https:\/\/stourm.news\/wp-content\/uploads\/2026\/09\/6d2fdc81-cafa-4342-8325-218ffbe5eea1.png 1672w, https:\/\/stourm.news\/wp-content\/uploads\/2026\/09\/6d2fdc81-cafa-4342-8325-218ffbe5eea1-300x169.png 300w, https:\/\/stourm.news\/wp-content\/uploads\/2026\/09\/6d2fdc81-cafa-4342-8325-218ffbe5eea1-1024x576.png 1024w, https:\/\/stourm.news\/wp-content\/uploads\/2026\/09\/6d2fdc81-cafa-4342-8325-218ffbe5eea1-768x432.png 768w, https:\/\/stourm.news\/wp-content\/uploads\/2026\/09\/6d2fdc81-cafa-4342-8325-218ffbe5eea1-1536x864.png 1536w\" sizes=\"(max-width: 1672px) 100vw, 1672px\" \/><\/p>\n<p style=\"text-align: justify;\"><span style=\"font-family: arial, helvetica, sans-serif; font-size: 14pt;\">Une partie importante de la noblesse bretonne demeure fid\u00e8le \u00e0 Henri IV. Rennes appartient au camp royaliste. Les Rohan et d&rsquo;autres grandes familles combattent Merc\u0153ur. Les \u00c9tats de Bretagne eux-m\u00eames, paralys\u00e9s par des int\u00e9r\u00eats particuliers, ne se rallient pas collectivement \u00e0 une restauration de l&rsquo;ind\u00e9pendance. <\/span><span style=\"font-family: arial, helvetica, sans-serif; font-size: 14pt;\">M\u00eame le camp hostile \u00e0 Henri IV n&rsquo;est pas uni sous l&rsquo;autorit\u00e9 de Merc\u0153ur.<\/span><\/p>\n<p style=\"text-align: justify;\"><span style=\"font-family: arial, helvetica, sans-serif; font-size: 14pt;\">Saint-Malo offre le meilleur exemple de cette complexit\u00e9. En 1590, les Malouins chassent les repr\u00e9sentants du pouvoir royal fran\u00e7ais et gouvernent pratiquement leur cit\u00e9 eux-m\u00eames apr\u00e8s avoir proclam\u00e9 la r\u00e9publique malouine. Mais ils refusent \u00e9galement de se laisser contr\u00f4ler par Merc\u0153ur. Lorsque celui-ci cherche \u00e0 leur imposer son autorit\u00e9, ils r\u00e9sistent.<\/span><\/p>\n<p style=\"text-align: justify;\"><span style=\"font-family: arial, helvetica, sans-serif; font-size: 14pt;\">La crise r\u00e9v\u00e8le donc quelque chose de plus profond : le pouvoir fran\u00e7ais s&rsquo;est affaibli, mais aucun pouvoir breton unique n&rsquo;est capable de reprendre imm\u00e9diatement sa place.<\/span><\/p>\n<p style=\"text-align: justify;\"><span style=\"font-family: arial, helvetica, sans-serif; font-size: 14pt;\">Merc\u0153ur doit simultan\u00e9ment combattre les royalistes et imposer son autorit\u00e9 \u00e0 des int\u00e9r\u00eats priv\u00e9s qui refusent de lui ob\u00e9ir.<\/span><\/p>\n<p style=\"text-align: justify;\"><strong><span style=\"font-family: arial, helvetica, sans-serif; font-size: 14pt;\">L\u2019alliance espagnole : une arme \u00e0 double tranchant<\/span><\/strong><\/p>\n<p><img decoding=\"async\" class=\"alignnone wp-image-6614 size-full\" src=\"https:\/\/stourm.news\/wp-content\/uploads\/2026\/09\/081c937f-25ff-42e1-9c30-fe5cc134487e.png\" alt=\"\" width=\"1672\" height=\"941\" srcset=\"https:\/\/stourm.news\/wp-content\/uploads\/2026\/09\/081c937f-25ff-42e1-9c30-fe5cc134487e.png 1672w, https:\/\/stourm.news\/wp-content\/uploads\/2026\/09\/081c937f-25ff-42e1-9c30-fe5cc134487e-300x169.png 300w, https:\/\/stourm.news\/wp-content\/uploads\/2026\/09\/081c937f-25ff-42e1-9c30-fe5cc134487e-1024x576.png 1024w, https:\/\/stourm.news\/wp-content\/uploads\/2026\/09\/081c937f-25ff-42e1-9c30-fe5cc134487e-768x432.png 768w, https:\/\/stourm.news\/wp-content\/uploads\/2026\/09\/081c937f-25ff-42e1-9c30-fe5cc134487e-1536x864.png 1536w\" sizes=\"(max-width: 1672px) 100vw, 1672px\" \/><\/p>\n<p style=\"text-align: justify;\"><span style=\"font-family: arial, helvetica, sans-serif; font-size: 14pt;\">Pour vaincre Henri IV, Merc\u0153ur cherche alors un alli\u00e9 puissant : Philippe II d\u2019Espagne. <\/span><span style=\"font-family: arial, helvetica, sans-serif; font-size: 14pt;\">Des milliers de soldats espagnols d\u00e9barquent en Bretagne. Sous les ordres de Juan del \u00c1guila, ils \u00e9tablissent notamment une importante position militaire \u00e0 Blavet, l\u2019actuel Port-Louis. <\/span><span style=\"font-family: arial, helvetica, sans-serif; font-size: 14pt;\">\u00c0 court terme, cette alliance change le rapport de forces.<\/span><\/p>\n<p style=\"text-align: justify;\"><span style=\"font-family: arial, helvetica, sans-serif; font-size: 14pt;\">Mais elle contient un danger \u00e9vident pour toute perspective de souverainet\u00e9 bretonne : Philippe II poursuit ses propres ambitions. Les Espagnols ne sont pas venus en Bretagne uniquement pour d\u00e9fendre Merc\u0153ur. Madrid consid\u00e8re la p\u00e9ninsule bretonne comme une position strat\u00e9gique exceptionnelle dans la guerre contre la France et l&rsquo;Angleterre.<\/span><\/p>\n<p style=\"text-align: justify;\"><strong><span style=\"font-family: arial, helvetica, sans-serif; font-size: 14pt;\">1592 : la victoire de Craon<\/span><\/strong><\/p>\n<p><img loading=\"lazy\" decoding=\"async\" class=\"alignnone wp-image-6615 size-full\" src=\"https:\/\/stourm.news\/wp-content\/uploads\/2026\/09\/529ba54d-437f-433c-bff7-60fbf4c6db3e.png\" alt=\"\" width=\"1672\" height=\"941\" srcset=\"https:\/\/stourm.news\/wp-content\/uploads\/2026\/09\/529ba54d-437f-433c-bff7-60fbf4c6db3e.png 1672w, https:\/\/stourm.news\/wp-content\/uploads\/2026\/09\/529ba54d-437f-433c-bff7-60fbf4c6db3e-300x169.png 300w, https:\/\/stourm.news\/wp-content\/uploads\/2026\/09\/529ba54d-437f-433c-bff7-60fbf4c6db3e-1024x576.png 1024w, https:\/\/stourm.news\/wp-content\/uploads\/2026\/09\/529ba54d-437f-433c-bff7-60fbf4c6db3e-768x432.png 768w, https:\/\/stourm.news\/wp-content\/uploads\/2026\/09\/529ba54d-437f-433c-bff7-60fbf4c6db3e-1536x864.png 1536w\" sizes=\"(max-width: 1672px) 100vw, 1672px\" \/><\/p>\n<p style=\"text-align: justify;\"><span style=\"font-family: arial, helvetica, sans-serif; font-size: 14pt;\">C&rsquo;est pourtant avec l&rsquo;aide espagnole que Merc\u0153ur remporte son plus grand succ\u00e8s militaire. <\/span><span style=\"font-family: arial, helvetica, sans-serif; font-size: 14pt;\">Au printemps 1592, une arm\u00e9e royaliste command\u00e9e notamment par le prince de Conti et le duc de Montpensier assi\u00e8ge Craon, aux marches de la Bretagne. <\/span><span style=\"font-family: arial, helvetica, sans-serif; font-size: 14pt;\">Merc\u0153ur marche \u00e0 son secours. <\/span><span style=\"font-family: arial, helvetica, sans-serif; font-size: 14pt;\">Le 23 mai 1592, ses forces et leurs alli\u00e9s espagnols infligent une lourde d\u00e9faite \u00e0 l\u2019arm\u00e9e royale. Les assi\u00e9geants sont mis en fuite. <\/span><span style=\"font-family: arial, helvetica, sans-serif; font-size: 14pt;\">La victoire de Craon constitue l&rsquo;apog\u00e9e militaire de Merc\u0153ur.<\/span><\/p>\n<p style=\"text-align: justify;\"><span style=\"font-family: arial, helvetica, sans-serif; font-size: 14pt;\">\u00c0 cet instant, le pouvoir d\u2019Henri IV en Bretagne para\u00eet encore extr\u00eamement fragile. Nantes reste aux mains de Merc\u0153ur, les Espagnols disposent de forces importantes et la Ligue bretonne vient de d\u00e9montrer qu&rsquo;elle peut battre une arm\u00e9e royale en campagne.<\/span><\/p>\n<p style=\"text-align: justify;\"><span style=\"font-family: arial, helvetica, sans-serif; font-size: 14pt;\">Mais Craon ne d\u00e9bouche pas sur la cr\u00e9ation d&rsquo;un \u00c9tat breton consolid\u00e9. Les divisions internes persistent et les Espagnols privil\u00e9gient leurs propres positions, notamment Blavet. <\/span><span style=\"font-family: arial, helvetica, sans-serif; font-size: 14pt;\">Le temps commence surtout \u00e0 travailler pour Henri IV.<\/span><\/p>\n<p style=\"text-align: justify;\"><strong><span style=\"font-family: arial, helvetica, sans-serif; font-size: 14pt;\">L\u2019\u00e9tau se resserre<\/span><\/strong><\/p>\n<p>&nbsp;<\/p>\n<p style=\"text-align: justify;\"><span style=\"font-family: arial, helvetica, sans-serif; font-size: 14pt;\">En 1593, Henri de Navarre se convertit au catholicisme. Son sacre \u00e0 Chartres l&rsquo;ann\u00e9e suivante prive progressivement la Ligue de son principal argument : le refus d&rsquo;un roi protestant. <\/span><span style=\"font-family: arial, helvetica, sans-serif; font-size: 14pt;\">Partout en France, les chefs ligueurs se rallient. <\/span><span style=\"font-family: arial, helvetica, sans-serif; font-size: 14pt;\">La Bretagne devient progressivement le dernier grand foyer de r\u00e9sistance.<\/span><\/p>\n<p style=\"text-align: justify;\"><span style=\"font-family: arial, helvetica, sans-serif; font-size: 14pt;\">Merc\u0153ur tient pourtant encore plusieurs ann\u00e9es. C&rsquo;est ce qui donne \u00e0 son aventure son caract\u00e8re exceptionnel : alors que l&rsquo;autorit\u00e9 d&rsquo;Henri IV se r\u00e9tablit presque partout, une partie de la Bretagne continue \u00e0 \u00e9chapper au roi. <\/span><span style=\"font-family: arial, helvetica, sans-serif; font-size: 14pt;\">Mais l&rsquo;\u00e9quilibre militaire devient impossible \u00e0 maintenir.<\/span><\/p>\n<p style=\"text-align: justify;\"><span style=\"font-family: arial, helvetica, sans-serif; font-size: 14pt;\">En 1597, apr\u00e8s la reprise d&rsquo;Amiens, Henri IV peut concentrer ses forces sur l&rsquo;Ouest. Au d\u00e9but de 1598, environ 14 000 hommes convergent vers la Bretagne. Merc\u0153ur est d\u00e9sormais isol\u00e9. <\/span><span style=\"font-family: arial, helvetica, sans-serif; font-size: 14pt;\">Son alli\u00e9 espagnol n\u00e9gocie lui-m\u00eame avec la France.<\/span><\/p>\n<p style=\"text-align: justify;\"><span style=\"font-family: arial, helvetica, sans-serif; font-size: 14pt;\">Merc\u0153ur choisit finalement de n\u00e9gocier. <\/span><span style=\"font-family: arial, helvetica, sans-serif; font-size: 14pt;\">Le 20 mars 1598, un accord est conclu \u00e0 Angers. Il abandonne le gouvernement de Bretagne. En \u00e9change, Henri IV lui accorde d&rsquo;immenses compensations financi\u00e8res et impose le mariage de sa fille unique, Fran\u00e7oise de Lorraine, avec C\u00e9sar de Vend\u00f4me, fils naturel du roi et de Gabrielle d&rsquo;Estr\u00e9es.<\/span><\/p>\n<p style=\"text-align: justify;\"><span style=\"font-family: arial, helvetica, sans-serif; font-size: 14pt;\">Le symbole dynastique est puissant.<\/span><\/p>\n<p style=\"text-align: justify;\"><span style=\"font-family: arial, helvetica, sans-serif; font-size: 14pt;\">Les pr\u00e9tentions des Penthi\u00e8vre, qui auraient pu servir de fondement \u00e0 une restauration de l&rsquo;\u00c9tat breton, sont ainsi r\u00e9int\u00e9gr\u00e9es dans l&rsquo;orbite de la monarchie fran\u00e7aise par le mariage. <\/span><span style=\"font-family: arial, helvetica, sans-serif; font-size: 14pt;\">Henri IV peut alors entrer \u00e0 Nantes. <\/span><span style=\"font-family: arial, helvetica, sans-serif; font-size: 14pt;\">Quelques semaines plus tard, l&rsquo;\u00e9dit de Nantes cl\u00f4t symboliquement les guerres de Religion fran\u00e7aises.<\/span><\/p>\n<p style=\"text-align: justify;\"><strong><span style=\"font-family: arial, helvetica, sans-serif; font-size: 14pt;\">Le dernier r\u00eave ducal\u00a0<\/span><\/strong><\/p>\n<p><img loading=\"lazy\" decoding=\"async\" class=\"alignnone wp-image-6617 size-full\" src=\"https:\/\/stourm.news\/wp-content\/uploads\/2026\/09\/31d6986b-b7e7-43b4-9d7f-56e48fb9d302.png\" alt=\"\" width=\"1554\" height=\"1012\" srcset=\"https:\/\/stourm.news\/wp-content\/uploads\/2026\/09\/31d6986b-b7e7-43b4-9d7f-56e48fb9d302.png 1554w, https:\/\/stourm.news\/wp-content\/uploads\/2026\/09\/31d6986b-b7e7-43b4-9d7f-56e48fb9d302-300x195.png 300w, https:\/\/stourm.news\/wp-content\/uploads\/2026\/09\/31d6986b-b7e7-43b4-9d7f-56e48fb9d302-1024x667.png 1024w, https:\/\/stourm.news\/wp-content\/uploads\/2026\/09\/31d6986b-b7e7-43b4-9d7f-56e48fb9d302-768x500.png 768w, https:\/\/stourm.news\/wp-content\/uploads\/2026\/09\/31d6986b-b7e7-43b4-9d7f-56e48fb9d302-1536x1000.png 1536w\" sizes=\"(max-width: 1554px) 100vw, 1554px\" \/><\/p>\n<p style=\"text-align: justify;\"><span style=\"font-family: arial, helvetica, sans-serif; font-size: 14pt;\">Entre 1589 et 1598, Nantes devient le centre d&rsquo;un gouvernement concurrent de celui du roi de France. Merc\u0153ur invoque les droits bretons de son \u00e9pouse, h\u00e9riti\u00e8re des Penthi\u00e8vre. Des contemporains envisagent de nouveau une couronne ducale. Et la Bretagne est le dernier grand pays o\u00f9 Henri IV doit encore imposer son autorit\u00e9.<\/span><\/p>\n<p style=\"text-align: justify;\"><span style=\"font-family: arial, helvetica, sans-serif; font-size: 14pt;\">Ainsi, le 5 septembre 1582, lorsque Merc\u0153ur re\u00e7oit le gouvernement de Bretagne, personne ne peut encore deviner jusqu&rsquo;o\u00f9 le conduira cette charge. <\/span><span style=\"font-family: arial, helvetica, sans-serif; font-size: 14pt;\">Seize ans plus tard, lorsque son aventure s&rsquo;ach\u00e8ve, dispara\u00eet avec elle l&rsquo;une des derni\u00e8res possibilit\u00e9s historiques de voir rena\u00eetre, au c\u0153ur des guerres de Religion, un pouvoir ducal breton souverain.<\/span><\/p>\n<p style=\"text-align: justify;\"><strong><span style=\"font-family: arial, helvetica, sans-serif; font-size: 14pt;\">L\u2019Espagne et le retour de la question ducale<\/span><\/strong><\/p>\n<p><img loading=\"lazy\" decoding=\"async\" class=\"alignnone wp-image-6616 size-full\" src=\"https:\/\/stourm.news\/wp-content\/uploads\/2026\/09\/9fa57843-d8c7-4cce-8b7d-03c4d241aa40.png\" alt=\"\" width=\"1672\" height=\"941\" srcset=\"https:\/\/stourm.news\/wp-content\/uploads\/2026\/09\/9fa57843-d8c7-4cce-8b7d-03c4d241aa40.png 1672w, https:\/\/stourm.news\/wp-content\/uploads\/2026\/09\/9fa57843-d8c7-4cce-8b7d-03c4d241aa40-300x169.png 300w, https:\/\/stourm.news\/wp-content\/uploads\/2026\/09\/9fa57843-d8c7-4cce-8b7d-03c4d241aa40-1024x576.png 1024w, https:\/\/stourm.news\/wp-content\/uploads\/2026\/09\/9fa57843-d8c7-4cce-8b7d-03c4d241aa40-768x432.png 768w, https:\/\/stourm.news\/wp-content\/uploads\/2026\/09\/9fa57843-d8c7-4cce-8b7d-03c4d241aa40-1536x864.png 1536w\" sizes=\"(max-width: 1672px) 100vw, 1672px\" \/><\/p>\n<p style=\"text-align: justify;\"><span style=\"font-family: arial, helvetica, sans-serif; font-size: 14pt;\">L\u2019alliance espagnole de Merc\u0153ur comportait une contradiction majeure : Philippe II avait lui-m\u00eame des ambitions pour la Bretagne. D\u00e8s 1584, anticipant l\u2019extinction possible des Valois, il avait fait examiner les droits de sa fille Isabelle-Claire-Eug\u00e9nie au duch\u00e9 de Bretagne.<\/span><\/p>\n<p style=\"text-align: justify;\"><span style=\"font-family: arial, helvetica, sans-serif; font-size: 14pt;\">La pr\u00e9tention reposait sur une filiation directe avec la derni\u00e8re dynastie ducale : <\/span><span style=\"font-family: arial, helvetica, sans-serif; font-size: 14pt;\">Anne de Bretagne \u2192 Claude de France \u2192 Henri II \u2192 \u00c9lisabeth de Valois \u2192 Isabelle-Claire-Eug\u00e9nie.<\/span><\/p>\n<p style=\"text-align: justify;\"><span style=\"font-family: arial, helvetica, sans-serif; font-size: 14pt;\">Contrairement \u00e0 la France, o\u00f9 la succession royale excluait les femmes, la Bretagne avait connu la transmission du pouvoir ducal par les femmes. \u00c0 la mort sans enfant d\u2019Henri III en 1589, Philippe II pouvait donc opposer les droits bretons de sa fille \u00e0 l\u2019autorit\u00e9 revendiqu\u00e9e par Henri IV au titre de l&rsquo;annexion de 1532.<\/span><\/p>\n<p style=\"text-align: justify;\"><span style=\"font-family: arial, helvetica, sans-serif; font-size: 14pt;\">L\u2019intervention espagnole ne fut ainsi pas seulement militaire. La succession ducale bretonne redevint un enjeu diplomatique europ\u00e9en. Pendant quelques ann\u00e9es, la question que l&rsquo;annexion de 1532 semblait avoir referm\u00e9e se posa de nouveau : si la Bretagne \u00e9chappait \u00e0 Henri IV, qui porterait la couronne ducale. La puissante Espagne prit le partie de la restauration d&rsquo;un \u00c9tat breton, catholique, \u00e0 m\u00eame de le soutenir contre la France et l&rsquo;Angleterre. <\/span><\/p>\n<p style=\"text-align: right;\"><strong><span style=\"font-family: arial, helvetica, sans-serif; font-size: 14pt;\">Olier Kerdrel<\/span><\/strong><\/p>\n","protected":false},"excerpt":{"rendered":"<p>Le 5 septembre 1582, Philippe-Emmanuel de Lorraine, duc de Merc\u0153ur, est nomm\u00e9 gouverneur de Bretagne par le roi de France Henri III. L\u2019\u00e9v\u00e9nement pourrait sembler n\u2019\u00eatre qu\u2019un \u00e9pisode ordinaire de l\u2019administration du royaume. Pourtant, cette nomination ouvre l\u2019un des chapitres les plus singuliers de l\u2019histoire bretonne apr\u00e8s l&rsquo;annexion de 1532 : pendant pr\u00e8s de seize [&hellip;]<\/p>\n","protected":false},"author":1,"featured_media":6617,"comment_status":"open","ping_status":"open","sticky":false,"template":"","format":"standard","meta":{"sb_editor_width":"","footnotes":""},"categories":[50,65],"tags":[],"class_list":["post-6610","post","type-post","status-publish","format-standard","has-post-thumbnail","hentry","category-histoire-de-bretagne","category-principale"],"relative_dates":{"created":"1 jour ago","modified":"1 jour ago"},"yoast_head":"<!-- This site is optimized with the Yoast SEO plugin v28.2 - https:\/\/yoast.com\/product\/yoast-seo-wordpress\/ -->\n<title>Le duc de Merc\u0153ur et le r\u00eave d\u2019une Bretagne souveraine - STOURM<\/title>\n<meta name=\"robots\" content=\"index, follow, max-snippet:-1, max-image-preview:large, max-video-preview:-1\" \/>\n<link rel=\"canonical\" href=\"https:\/\/stourm.news\/?p=6610\" \/>\n<meta property=\"og:locale\" content=\"fr_FR\" \/>\n<meta property=\"og:type\" content=\"article\" \/>\n<meta property=\"og:title\" content=\"Le duc de Merc\u0153ur et le r\u00eave d\u2019une Bretagne souveraine - STOURM\" \/>\n<meta property=\"og:description\" content=\"Le 5 septembre 1582, Philippe-Emmanuel de Lorraine, duc de Merc\u0153ur, est nomm\u00e9 gouverneur de Bretagne par le roi de France Henri III. L\u2019\u00e9v\u00e9nement pourrait sembler n\u2019\u00eatre qu\u2019un \u00e9pisode ordinaire de l\u2019administration du royaume. Pourtant, cette nomination ouvre l\u2019un des chapitres les plus singuliers de l\u2019histoire bretonne apr\u00e8s l&rsquo;annexion de 1532 : pendant pr\u00e8s de seize [&hellip;]\" \/>\n<meta property=\"og:url\" content=\"https:\/\/stourm.news\/?p=6610\" \/>\n<meta property=\"og:site_name\" content=\"STOURM\" \/>\n<meta property=\"article:publisher\" content=\"https:\/\/www.facebook.com\/stourmnews\/\" \/>\n<meta property=\"article:published_time\" content=\"2026-09-05T09:57:57+00:00\" \/>\n<meta property=\"og:image\" content=\"https:\/\/stourm.news\/wp-content\/uploads\/2026\/09\/31d6986b-b7e7-43b4-9d7f-56e48fb9d302-1024x667.png\" \/>\n\t<meta property=\"og:image:width\" content=\"1024\" \/>\n\t<meta property=\"og:image:height\" content=\"667\" \/>\n\t<meta property=\"og:image:type\" content=\"image\/png\" \/>\n<meta name=\"author\" content=\"La r\u00e9daction\" \/>\n<meta name=\"twitter:card\" content=\"summary_large_image\" \/>\n<meta name=\"twitter:label1\" content=\"\u00c9crit par\" \/>\n\t<meta name=\"twitter:data1\" content=\"La r\u00e9daction\" \/>\n\t<meta name=\"twitter:label2\" content=\"Dur\u00e9e de lecture estim\u00e9e\" \/>\n\t<meta name=\"twitter:data2\" content=\"10 minutes\" \/>\n<script type=\"application\/ld+json\" class=\"yoast-schema-graph\">{\"@context\":\"https:\\\/\\\/schema.org\",\"@graph\":[{\"@type\":\"Article\",\"@id\":\"https:\\\/\\\/stourm.news\\\/?p=6610#article\",\"isPartOf\":{\"@id\":\"https:\\\/\\\/stourm.news\\\/?p=6610\"},\"author\":{\"name\":\"La r\u00e9daction\",\"@id\":\"https:\\\/\\\/stourm.news\\\/#\\\/schema\\\/person\\\/c3e1dc65988632e190969234ef046cf9\"},\"headline\":\"Le duc de Merc\u0153ur et le r\u00eave d\u2019une Bretagne souveraine\",\"datePublished\":\"2026-09-05T09:57:57+00:00\",\"mainEntityOfPage\":{\"@id\":\"https:\\\/\\\/stourm.news\\\/?p=6610\"},\"wordCount\":1927,\"commentCount\":0,\"publisher\":{\"@id\":\"https:\\\/\\\/stourm.news\\\/#organization\"},\"image\":{\"@id\":\"https:\\\/\\\/stourm.news\\\/?p=6610#primaryimage\"},\"thumbnailUrl\":\"https:\\\/\\\/stourm.news\\\/wp-content\\\/uploads\\\/2026\\\/09\\\/31d6986b-b7e7-43b4-9d7f-56e48fb9d302.png\",\"articleSection\":[\"Histoire de Bretagne\",\"Principale\"],\"inLanguage\":\"fr-FR\",\"potentialAction\":[{\"@type\":\"CommentAction\",\"name\":\"Comment\",\"target\":[\"https:\\\/\\\/stourm.news\\\/?p=6610#respond\"]}]},{\"@type\":\"WebPage\",\"@id\":\"https:\\\/\\\/stourm.news\\\/?p=6610\",\"url\":\"https:\\\/\\\/stourm.news\\\/?p=6610\",\"name\":\"Le duc de Merc\u0153ur et le r\u00eave d\u2019une Bretagne souveraine - STOURM\",\"isPartOf\":{\"@id\":\"https:\\\/\\\/stourm.news\\\/#website\"},\"primaryImageOfPage\":{\"@id\":\"https:\\\/\\\/stourm.news\\\/?p=6610#primaryimage\"},\"image\":{\"@id\":\"https:\\\/\\\/stourm.news\\\/?p=6610#primaryimage\"},\"thumbnailUrl\":\"https:\\\/\\\/stourm.news\\\/wp-content\\\/uploads\\\/2026\\\/09\\\/31d6986b-b7e7-43b4-9d7f-56e48fb9d302.png\",\"datePublished\":\"2026-09-05T09:57:57+00:00\",\"breadcrumb\":{\"@id\":\"https:\\\/\\\/stourm.news\\\/?p=6610#breadcrumb\"},\"inLanguage\":\"fr-FR\",\"potentialAction\":[{\"@type\":\"ReadAction\",\"target\":[\"https:\\\/\\\/stourm.news\\\/?p=6610\"]}]},{\"@type\":\"ImageObject\",\"inLanguage\":\"fr-FR\",\"@id\":\"https:\\\/\\\/stourm.news\\\/?p=6610#primaryimage\",\"url\":\"https:\\\/\\\/stourm.news\\\/wp-content\\\/uploads\\\/2026\\\/09\\\/31d6986b-b7e7-43b4-9d7f-56e48fb9d302.png\",\"contentUrl\":\"https:\\\/\\\/stourm.news\\\/wp-content\\\/uploads\\\/2026\\\/09\\\/31d6986b-b7e7-43b4-9d7f-56e48fb9d302.png\",\"width\":1554,\"height\":1012},{\"@type\":\"BreadcrumbList\",\"@id\":\"https:\\\/\\\/stourm.news\\\/?p=6610#breadcrumb\",\"itemListElement\":[{\"@type\":\"ListItem\",\"position\":1,\"name\":\"Accueil\",\"item\":\"https:\\\/\\\/stourm.news\\\/\"},{\"@type\":\"ListItem\",\"position\":2,\"name\":\"Le duc de Merc\u0153ur et le r\u00eave d\u2019une Bretagne souveraine\"}]},{\"@type\":\"WebSite\",\"@id\":\"https:\\\/\\\/stourm.news\\\/#website\",\"url\":\"https:\\\/\\\/stourm.news\\\/\",\"name\":\"Stourm\",\"description\":\"Kazetenn Strollad Broadel Breizh\",\"publisher\":{\"@id\":\"https:\\\/\\\/stourm.news\\\/#organization\"},\"potentialAction\":[{\"@type\":\"SearchAction\",\"target\":{\"@type\":\"EntryPoint\",\"urlTemplate\":\"https:\\\/\\\/stourm.news\\\/?s={search_term_string}\"},\"query-input\":{\"@type\":\"PropertyValueSpecification\",\"valueRequired\":true,\"valueName\":\"search_term_string\"}}],\"inLanguage\":\"fr-FR\"},{\"@type\":\"Organization\",\"@id\":\"https:\\\/\\\/stourm.news\\\/#organization\",\"name\":\"Stourm\",\"url\":\"https:\\\/\\\/stourm.news\\\/\",\"logo\":{\"@type\":\"ImageObject\",\"inLanguage\":\"fr-FR\",\"@id\":\"https:\\\/\\\/stourm.news\\\/#\\\/schema\\\/logo\\\/image\\\/\",\"url\":\"https:\\\/\\\/stourm.news\\\/wp-content\\\/uploads\\\/2025\\\/11\\\/cropped-Capture-decran-2025-11-28-a-15.19.07.png\",\"contentUrl\":\"https:\\\/\\\/stourm.news\\\/wp-content\\\/uploads\\\/2025\\\/11\\\/cropped-Capture-decran-2025-11-28-a-15.19.07.png\",\"width\":1855,\"height\":383,\"caption\":\"Stourm\"},\"image\":{\"@id\":\"https:\\\/\\\/stourm.news\\\/#\\\/schema\\\/logo\\\/image\\\/\"},\"sameAs\":[\"https:\\\/\\\/www.facebook.com\\\/stourmnews\\\/\"]},{\"@type\":\"Person\",\"@id\":\"https:\\\/\\\/stourm.news\\\/#\\\/schema\\\/person\\\/c3e1dc65988632e190969234ef046cf9\",\"name\":\"La r\u00e9daction\",\"image\":{\"@type\":\"ImageObject\",\"inLanguage\":\"fr-FR\",\"@id\":\"https:\\\/\\\/secure.gravatar.com\\\/avatar\\\/7463443f194b6b5fb706b074ca0ef59a0cfcfd720cb47764b0ec5a952ce422b3?s=96&d=mm&r=g\",\"url\":\"https:\\\/\\\/secure.gravatar.com\\\/avatar\\\/7463443f194b6b5fb706b074ca0ef59a0cfcfd720cb47764b0ec5a952ce422b3?s=96&d=mm&r=g\",\"contentUrl\":\"https:\\\/\\\/secure.gravatar.com\\\/avatar\\\/7463443f194b6b5fb706b074ca0ef59a0cfcfd720cb47764b0ec5a952ce422b3?s=96&d=mm&r=g\",\"caption\":\"La r\u00e9daction\"},\"sameAs\":[\"https:\\\/\\\/stourm.news\"],\"url\":\"https:\\\/\\\/stourm.news\\\/?author=1\"}]}<\/script>\n<!-- \/ Yoast SEO plugin. -->","yoast_head_json":{"title":"Le duc de Merc\u0153ur et le r\u00eave d\u2019une Bretagne souveraine - STOURM","robots":{"index":"index","follow":"follow","max-snippet":"max-snippet:-1","max-image-preview":"max-image-preview:large","max-video-preview":"max-video-preview:-1"},"canonical":"https:\/\/stourm.news\/?p=6610","og_locale":"fr_FR","og_type":"article","og_title":"Le duc de Merc\u0153ur et le r\u00eave d\u2019une Bretagne souveraine - STOURM","og_description":"Le 5 septembre 1582, Philippe-Emmanuel de Lorraine, duc de Merc\u0153ur, est nomm\u00e9 gouverneur de Bretagne par le roi de France Henri III. L\u2019\u00e9v\u00e9nement pourrait sembler n\u2019\u00eatre qu\u2019un \u00e9pisode ordinaire de l\u2019administration du royaume. Pourtant, cette nomination ouvre l\u2019un des chapitres les plus singuliers de l\u2019histoire bretonne apr\u00e8s l&rsquo;annexion de 1532 : pendant pr\u00e8s de seize [&hellip;]","og_url":"https:\/\/stourm.news\/?p=6610","og_site_name":"STOURM","article_publisher":"https:\/\/www.facebook.com\/stourmnews\/","article_published_time":"2026-09-05T09:57:57+00:00","og_image":[{"width":1024,"height":667,"url":"https:\/\/stourm.news\/wp-content\/uploads\/2026\/09\/31d6986b-b7e7-43b4-9d7f-56e48fb9d302-1024x667.png","type":"image\/png"}],"author":"La r\u00e9daction","twitter_card":"summary_large_image","twitter_misc":{"\u00c9crit par":"La r\u00e9daction","Dur\u00e9e de lecture estim\u00e9e":"10 minutes"},"schema":{"@context":"https:\/\/schema.org","@graph":[{"@type":"Article","@id":"https:\/\/stourm.news\/?p=6610#article","isPartOf":{"@id":"https:\/\/stourm.news\/?p=6610"},"author":{"name":"La r\u00e9daction","@id":"https:\/\/stourm.news\/#\/schema\/person\/c3e1dc65988632e190969234ef046cf9"},"headline":"Le duc de Merc\u0153ur et le r\u00eave d\u2019une Bretagne souveraine","datePublished":"2026-09-05T09:57:57+00:00","mainEntityOfPage":{"@id":"https:\/\/stourm.news\/?p=6610"},"wordCount":1927,"commentCount":0,"publisher":{"@id":"https:\/\/stourm.news\/#organization"},"image":{"@id":"https:\/\/stourm.news\/?p=6610#primaryimage"},"thumbnailUrl":"https:\/\/stourm.news\/wp-content\/uploads\/2026\/09\/31d6986b-b7e7-43b4-9d7f-56e48fb9d302.png","articleSection":["Histoire de Bretagne","Principale"],"inLanguage":"fr-FR","potentialAction":[{"@type":"CommentAction","name":"Comment","target":["https:\/\/stourm.news\/?p=6610#respond"]}]},{"@type":"WebPage","@id":"https:\/\/stourm.news\/?p=6610","url":"https:\/\/stourm.news\/?p=6610","name":"Le duc de Merc\u0153ur et le r\u00eave d\u2019une Bretagne souveraine - STOURM","isPartOf":{"@id":"https:\/\/stourm.news\/#website"},"primaryImageOfPage":{"@id":"https:\/\/stourm.news\/?p=6610#primaryimage"},"image":{"@id":"https:\/\/stourm.news\/?p=6610#primaryimage"},"thumbnailUrl":"https:\/\/stourm.news\/wp-content\/uploads\/2026\/09\/31d6986b-b7e7-43b4-9d7f-56e48fb9d302.png","datePublished":"2026-09-05T09:57:57+00:00","breadcrumb":{"@id":"https:\/\/stourm.news\/?p=6610#breadcrumb"},"inLanguage":"fr-FR","potentialAction":[{"@type":"ReadAction","target":["https:\/\/stourm.news\/?p=6610"]}]},{"@type":"ImageObject","inLanguage":"fr-FR","@id":"https:\/\/stourm.news\/?p=6610#primaryimage","url":"https:\/\/stourm.news\/wp-content\/uploads\/2026\/09\/31d6986b-b7e7-43b4-9d7f-56e48fb9d302.png","contentUrl":"https:\/\/stourm.news\/wp-content\/uploads\/2026\/09\/31d6986b-b7e7-43b4-9d7f-56e48fb9d302.png","width":1554,"height":1012},{"@type":"BreadcrumbList","@id":"https:\/\/stourm.news\/?p=6610#breadcrumb","itemListElement":[{"@type":"ListItem","position":1,"name":"Accueil","item":"https:\/\/stourm.news\/"},{"@type":"ListItem","position":2,"name":"Le duc de Merc\u0153ur et le r\u00eave d\u2019une Bretagne souveraine"}]},{"@type":"WebSite","@id":"https:\/\/stourm.news\/#website","url":"https:\/\/stourm.news\/","name":"Stourm","description":"Kazetenn Strollad Broadel Breizh","publisher":{"@id":"https:\/\/stourm.news\/#organization"},"potentialAction":[{"@type":"SearchAction","target":{"@type":"EntryPoint","urlTemplate":"https:\/\/stourm.news\/?s={search_term_string}"},"query-input":{"@type":"PropertyValueSpecification","valueRequired":true,"valueName":"search_term_string"}}],"inLanguage":"fr-FR"},{"@type":"Organization","@id":"https:\/\/stourm.news\/#organization","name":"Stourm","url":"https:\/\/stourm.news\/","logo":{"@type":"ImageObject","inLanguage":"fr-FR","@id":"https:\/\/stourm.news\/#\/schema\/logo\/image\/","url":"https:\/\/stourm.news\/wp-content\/uploads\/2025\/11\/cropped-Capture-decran-2025-11-28-a-15.19.07.png","contentUrl":"https:\/\/stourm.news\/wp-content\/uploads\/2025\/11\/cropped-Capture-decran-2025-11-28-a-15.19.07.png","width":1855,"height":383,"caption":"Stourm"},"image":{"@id":"https:\/\/stourm.news\/#\/schema\/logo\/image\/"},"sameAs":["https:\/\/www.facebook.com\/stourmnews\/"]},{"@type":"Person","@id":"https:\/\/stourm.news\/#\/schema\/person\/c3e1dc65988632e190969234ef046cf9","name":"La r\u00e9daction","image":{"@type":"ImageObject","inLanguage":"fr-FR","@id":"https:\/\/secure.gravatar.com\/avatar\/7463443f194b6b5fb706b074ca0ef59a0cfcfd720cb47764b0ec5a952ce422b3?s=96&d=mm&r=g","url":"https:\/\/secure.gravatar.com\/avatar\/7463443f194b6b5fb706b074ca0ef59a0cfcfd720cb47764b0ec5a952ce422b3?s=96&d=mm&r=g","contentUrl":"https:\/\/secure.gravatar.com\/avatar\/7463443f194b6b5fb706b074ca0ef59a0cfcfd720cb47764b0ec5a952ce422b3?s=96&d=mm&r=g","caption":"La r\u00e9daction"},"sameAs":["https:\/\/stourm.news"],"url":"https:\/\/stourm.news\/?author=1"}]}},"_links":{"self":[{"href":"https:\/\/stourm.news\/index.php?rest_route=\/wp\/v2\/posts\/6610","targetHints":{"allow":["GET"]}}],"collection":[{"href":"https:\/\/stourm.news\/index.php?rest_route=\/wp\/v2\/posts"}],"about":[{"href":"https:\/\/stourm.news\/index.php?rest_route=\/wp\/v2\/types\/post"}],"author":[{"embeddable":true,"href":"https:\/\/stourm.news\/index.php?rest_route=\/wp\/v2\/users\/1"}],"replies":[{"embeddable":true,"href":"https:\/\/stourm.news\/index.php?rest_route=%2Fwp%2Fv2%2Fcomments&post=6610"}],"version-history":[{"count":1,"href":"https:\/\/stourm.news\/index.php?rest_route=\/wp\/v2\/posts\/6610\/revisions"}],"predecessor-version":[{"id":6618,"href":"https:\/\/stourm.news\/index.php?rest_route=\/wp\/v2\/posts\/6610\/revisions\/6618"}],"wp:featuredmedia":[{"embeddable":true,"href":"https:\/\/stourm.news\/index.php?rest_route=\/wp\/v2\/media\/6617"}],"wp:attachment":[{"href":"https:\/\/stourm.news\/index.php?rest_route=%2Fwp%2Fv2%2Fmedia&parent=6610"}],"wp:term":[{"taxonomy":"category","embeddable":true,"href":"https:\/\/stourm.news\/index.php?rest_route=%2Fwp%2Fv2%2Fcategories&post=6610"},{"taxonomy":"post_tag","embeddable":true,"href":"https:\/\/stourm.news\/index.php?rest_route=%2Fwp%2Fv2%2Ftags&post=6610"}],"curies":[{"name":"wp","href":"https:\/\/api.w.org\/{rel}","templated":true}]}}