{"id":6622,"date":"2026-09-05T10:57:47","date_gmt":"2026-09-05T10:57:47","guid":{"rendered":"https:\/\/stourm.news\/?p=6622"},"modified":"2026-09-05T10:58:08","modified_gmt":"2026-09-05T10:58:08","slug":"6622","status":"publish","type":"post","link":"https:\/\/stourm.news\/?p=6622","title":{"rendered":"\u00c9cosse : le gouvernement relance la bataille pour un nouveau r\u00e9f\u00e9rendum d\u2019ind\u00e9pendance"},"content":{"rendered":"<p style=\"text-align: justify;\"><span style=\"font-family: arial, helvetica, sans-serif; font-size: 14pt;\">L\u2019ind\u00e9pendance \u00e9cossaise revient au premier plan. Quelques mois apr\u00e8s les \u00e9lections de mai 2026, qui ont donn\u00e9 au Parlement \u00e9cossais sa plus forte majorit\u00e9 ind\u00e9pendantiste, le gouvernement de John Swinney vient de franchir une nouvelle \u00e9tape <strong><a href=\"https:\/\/www.gov.scot\/news\/draft-independence-referendum-bill-published\">en publiant un projet de loi<\/a><\/strong> pr\u00e9parant l\u2019organisation d\u2019un second r\u00e9f\u00e9rendum d\u2019ind\u00e9pendance.<\/span><\/p>\n<p style=\"text-align: justify;\"><span style=\"font-family: arial, helvetica, sans-serif; font-size: 14pt;\">Le texte, publi\u00e9 le 28 ao\u00fbt, pr\u00e9voit une question identique \u00e0 celle pos\u00e9e lors du r\u00e9f\u00e9rendum de 2014 : \u00ab L\u2019\u00c9cosse devrait-elle \u00eatre un pays ind\u00e9pendant ? \u00bb Les \u00e9lecteurs auraient le choix entre \u00ab Oui \u00bb et \u00ab Non \u00bb. Le projet d\u00e9finit \u00e9galement le corps \u00e9lectoral et les principales modalit\u00e9s du scrutin. La date, en revanche, reste volontairement vierge : elle devrait \u00eatre fix\u00e9e ult\u00e9rieurement par le Parlement \u00e9cossais.<\/span><\/p>\n<p style=\"text-align: justify;\"><span style=\"font-family: arial, helvetica, sans-serif; font-size: 14pt;\">L\u2019obstacle essentiel demeure Londres. \u00c0 la suite de la d\u00e9cision rendue en 2022 par la Cour supr\u00eame britannique, \u00c9dimbourg consid\u00e8re qu\u2019un r\u00e9f\u00e9rendum juridiquement incontestable n\u00e9cessite le transfert par Westminster des comp\u00e9tences n\u00e9cessaires. Le gouvernement \u00e9cossais annonce donc qu\u2019il introduira formellement son projet devant Holyrood lorsqu\u2019un accord permettant un r\u00e9f\u00e9rendum l\u00e9gal aura \u00e9t\u00e9 obtenu.<\/span><\/p>\n<p style=\"text-align: justify;\"><span style=\"font-family: arial, helvetica, sans-serif; font-size: 14pt;\">Mais politiquement, John Swinney entend d\u00e9sormais accro\u00eetre la pression. Le 1er septembre, devant le Parlement, il a r\u00e9affirm\u00e9 que le gouvernement britannique ne pouvait simplement retirer l\u2019ind\u00e9pendance \u00ab de la table \u00bb et s\u2019est engag\u00e9 \u00e0 faire respecter la volont\u00e9 de la majorit\u00e9 parlementaire \u00e9cossaise.<\/span><\/p>\n<p style=\"text-align: justify;\"><span style=\"font-family: arial, helvetica, sans-serif; font-size: 14pt;\">Le nouveau programme gouvernemental 2026-2031 va encore plus loin : l\u2019ind\u00e9pendance y appara\u00eet comme un objectif politique central, accompagn\u00e9e d\u2019une volont\u00e9 explicite de permettre \u00e0 une \u00c9cosse souveraine de demander son retour dans l\u2019Union europ\u00e9enne.<\/span><\/p>\n<p style=\"text-align: justify;\"><span style=\"font-family: arial, helvetica, sans-serif; font-size: 14pt;\">Douze ans apr\u00e8s le r\u00e9f\u00e9rendum de 2014, perdu par les ind\u00e9pendantistes avec 45 % des voix, la confrontation constitutionnelle entre \u00c9dimbourg et Londres est donc de nouveau ouverte. <\/span><\/p>\n<p style=\"text-align: right;\"><strong><span style=\"font-family: arial, helvetica, sans-serif; font-size: 14pt;\">Budig Gourmaelon<\/span><\/strong><\/p>\n","protected":false},"excerpt":{"rendered":"<p>L\u2019ind\u00e9pendance \u00e9cossaise revient au premier plan. Quelques mois apr\u00e8s les \u00e9lections de mai 2026, qui ont donn\u00e9 au Parlement \u00e9cossais sa plus forte majorit\u00e9 ind\u00e9pendantiste, le gouvernement de John Swinney vient de franchir une nouvelle \u00e9tape en publiant un projet de loi pr\u00e9parant l\u2019organisation d\u2019un second r\u00e9f\u00e9rendum d\u2019ind\u00e9pendance. Le texte, publi\u00e9 le 28 ao\u00fbt, pr\u00e9voit [&hellip;]<\/p>\n","protected":false},"author":1,"featured_media":6623,"comment_status":"open","ping_status":"open","sticky":false,"template":"","format":"standard","meta":{"sb_editor_width":"","footnotes":""},"categories":[46,88,66,65],"tags":[],"class_list":["post-6622","post","type-post","status-publish","format-standard","has-post-thumbnail","hentry","category-independance","category-interceltisme","category-international","category-principale"],"relative_dates":{"created":"1 jour ago","modified":"1 jour ago"},"yoast_head":"<!-- This site is optimized with the Yoast SEO plugin v28.2 - https:\/\/yoast.com\/product\/yoast-seo-wordpress\/ -->\n<title>\u00c9cosse : le gouvernement relance la bataille pour un nouveau r\u00e9f\u00e9rendum d\u2019ind\u00e9pendance - STOURM<\/title>\n<meta name=\"robots\" content=\"index, follow, max-snippet:-1, max-image-preview:large, max-video-preview:-1\" \/>\n<link rel=\"canonical\" href=\"https:\/\/stourm.news\/?p=6622\" \/>\n<meta property=\"og:locale\" content=\"fr_FR\" \/>\n<meta property=\"og:type\" content=\"article\" \/>\n<meta property=\"og:title\" content=\"\u00c9cosse : le gouvernement relance la bataille pour un nouveau r\u00e9f\u00e9rendum d\u2019ind\u00e9pendance - STOURM\" \/>\n<meta property=\"og:description\" content=\"L\u2019ind\u00e9pendance \u00e9cossaise revient au premier plan. Quelques mois apr\u00e8s les \u00e9lections de mai 2026, qui ont donn\u00e9 au Parlement \u00e9cossais sa plus forte majorit\u00e9 ind\u00e9pendantiste, le gouvernement de John Swinney vient de franchir une nouvelle \u00e9tape en publiant un projet de loi pr\u00e9parant l\u2019organisation d\u2019un second r\u00e9f\u00e9rendum d\u2019ind\u00e9pendance. Le texte, publi\u00e9 le 28 ao\u00fbt, pr\u00e9voit [&hellip;]\" \/>\n<meta property=\"og:url\" content=\"https:\/\/stourm.news\/?p=6622\" \/>\n<meta property=\"og:site_name\" content=\"STOURM\" \/>\n<meta property=\"article:publisher\" content=\"https:\/\/www.facebook.com\/stourmnews\/\" \/>\n<meta property=\"article:published_time\" content=\"2026-09-05T10:57:47+00:00\" \/>\n<meta property=\"article:modified_time\" content=\"2026-09-05T10:58:08+00:00\" \/>\n<meta property=\"og:image\" content=\"https:\/\/stourm.news\/wp-content\/uploads\/2026\/09\/19sun3web-superJumbo.jpg\" \/>\n\t<meta property=\"og:image:width\" content=\"2048\" \/>\n\t<meta property=\"og:image:height\" content=\"1365\" \/>\n\t<meta property=\"og:image:type\" content=\"image\/jpeg\" \/>\n<meta name=\"author\" content=\"La r\u00e9daction\" \/>\n<meta name=\"twitter:card\" content=\"summary_large_image\" \/>\n<meta name=\"twitter:label1\" content=\"\u00c9crit par\" \/>\n\t<meta name=\"twitter:data1\" content=\"La r\u00e9daction\" \/>\n\t<meta name=\"twitter:label2\" content=\"Dur\u00e9e de lecture estim\u00e9e\" \/>\n\t<meta name=\"twitter:data2\" content=\"2 minutes\" \/>\n<script type=\"application\/ld+json\" class=\"yoast-schema-graph\">{\"@context\":\"https:\\\/\\\/schema.org\",\"@graph\":[{\"@type\":\"Article\",\"@id\":\"https:\\\/\\\/stourm.news\\\/?p=6622#article\",\"isPartOf\":{\"@id\":\"https:\\\/\\\/stourm.news\\\/?p=6622\"},\"author\":{\"name\":\"La r\u00e9daction\",\"@id\":\"https:\\\/\\\/stourm.news\\\/#\\\/schema\\\/person\\\/c3e1dc65988632e190969234ef046cf9\"},\"headline\":\"\u00c9cosse : le gouvernement relance la bataille pour un nouveau r\u00e9f\u00e9rendum d\u2019ind\u00e9pendance\",\"datePublished\":\"2026-09-05T10:57:47+00:00\",\"dateModified\":\"2026-09-05T10:58:08+00:00\",\"mainEntityOfPage\":{\"@id\":\"https:\\\/\\\/stourm.news\\\/?p=6622\"},\"wordCount\":328,\"commentCount\":0,\"publisher\":{\"@id\":\"https:\\\/\\\/stourm.news\\\/#organization\"},\"image\":{\"@id\":\"https:\\\/\\\/stourm.news\\\/?p=6622#primaryimage\"},\"thumbnailUrl\":\"https:\\\/\\\/stourm.news\\\/wp-content\\\/uploads\\\/2026\\\/09\\\/19sun3web-superJumbo.jpg\",\"articleSection\":[\"Ind\u00e9pendance\",\"Interceltisme\",\"International\",\"Principale\"],\"inLanguage\":\"fr-FR\",\"potentialAction\":[{\"@type\":\"CommentAction\",\"name\":\"Comment\",\"target\":[\"https:\\\/\\\/stourm.news\\\/?p=6622#respond\"]}]},{\"@type\":\"WebPage\",\"@id\":\"https:\\\/\\\/stourm.news\\\/?p=6622\",\"url\":\"https:\\\/\\\/stourm.news\\\/?p=6622\",\"name\":\"\u00c9cosse : le gouvernement relance la bataille pour un nouveau r\u00e9f\u00e9rendum d\u2019ind\u00e9pendance - STOURM\",\"isPartOf\":{\"@id\":\"https:\\\/\\\/stourm.news\\\/#website\"},\"primaryImageOfPage\":{\"@id\":\"https:\\\/\\\/stourm.news\\\/?p=6622#primaryimage\"},\"image\":{\"@id\":\"https:\\\/\\\/stourm.news\\\/?p=6622#primaryimage\"},\"thumbnailUrl\":\"https:\\\/\\\/stourm.news\\\/wp-content\\\/uploads\\\/2026\\\/09\\\/19sun3web-superJumbo.jpg\",\"datePublished\":\"2026-09-05T10:57:47+00:00\",\"dateModified\":\"2026-09-05T10:58:08+00:00\",\"breadcrumb\":{\"@id\":\"https:\\\/\\\/stourm.news\\\/?p=6622#breadcrumb\"},\"inLanguage\":\"fr-FR\",\"potentialAction\":[{\"@type\":\"ReadAction\",\"target\":[\"https:\\\/\\\/stourm.news\\\/?p=6622\"]}]},{\"@type\":\"ImageObject\",\"inLanguage\":\"fr-FR\",\"@id\":\"https:\\\/\\\/stourm.news\\\/?p=6622#primaryimage\",\"url\":\"https:\\\/\\\/stourm.news\\\/wp-content\\\/uploads\\\/2026\\\/09\\\/19sun3web-superJumbo.jpg\",\"contentUrl\":\"https:\\\/\\\/stourm.news\\\/wp-content\\\/uploads\\\/2026\\\/09\\\/19sun3web-superJumbo.jpg\",\"width\":2048,\"height\":1365},{\"@type\":\"BreadcrumbList\",\"@id\":\"https:\\\/\\\/stourm.news\\\/?p=6622#breadcrumb\",\"itemListElement\":[{\"@type\":\"ListItem\",\"position\":1,\"name\":\"Accueil\",\"item\":\"https:\\\/\\\/stourm.news\\\/\"},{\"@type\":\"ListItem\",\"position\":2,\"name\":\"\u00c9cosse : le gouvernement relance la bataille pour un nouveau r\u00e9f\u00e9rendum d\u2019ind\u00e9pendance\"}]},{\"@type\":\"WebSite\",\"@id\":\"https:\\\/\\\/stourm.news\\\/#website\",\"url\":\"https:\\\/\\\/stourm.news\\\/\",\"name\":\"Stourm\",\"description\":\"Kazetenn Strollad Broadel Breizh\",\"publisher\":{\"@id\":\"https:\\\/\\\/stourm.news\\\/#organization\"},\"potentialAction\":[{\"@type\":\"SearchAction\",\"target\":{\"@type\":\"EntryPoint\",\"urlTemplate\":\"https:\\\/\\\/stourm.news\\\/?s={search_term_string}\"},\"query-input\":{\"@type\":\"PropertyValueSpecification\",\"valueRequired\":true,\"valueName\":\"search_term_string\"}}],\"inLanguage\":\"fr-FR\"},{\"@type\":\"Organization\",\"@id\":\"https:\\\/\\\/stourm.news\\\/#organization\",\"name\":\"Stourm\",\"url\":\"https:\\\/\\\/stourm.news\\\/\",\"logo\":{\"@type\":\"ImageObject\",\"inLanguage\":\"fr-FR\",\"@id\":\"https:\\\/\\\/stourm.news\\\/#\\\/schema\\\/logo\\\/image\\\/\",\"url\":\"https:\\\/\\\/stourm.news\\\/wp-content\\\/uploads\\\/2025\\\/11\\\/cropped-Capture-decran-2025-11-28-a-15.19.07.png\",\"contentUrl\":\"https:\\\/\\\/stourm.news\\\/wp-content\\\/uploads\\\/2025\\\/11\\\/cropped-Capture-decran-2025-11-28-a-15.19.07.png\",\"width\":1855,\"height\":383,\"caption\":\"Stourm\"},\"image\":{\"@id\":\"https:\\\/\\\/stourm.news\\\/#\\\/schema\\\/logo\\\/image\\\/\"},\"sameAs\":[\"https:\\\/\\\/www.facebook.com\\\/stourmnews\\\/\"]},{\"@type\":\"Person\",\"@id\":\"https:\\\/\\\/stourm.news\\\/#\\\/schema\\\/person\\\/c3e1dc65988632e190969234ef046cf9\",\"name\":\"La r\u00e9daction\",\"image\":{\"@type\":\"ImageObject\",\"inLanguage\":\"fr-FR\",\"@id\":\"https:\\\/\\\/secure.gravatar.com\\\/avatar\\\/7463443f194b6b5fb706b074ca0ef59a0cfcfd720cb47764b0ec5a952ce422b3?s=96&d=mm&r=g\",\"url\":\"https:\\\/\\\/secure.gravatar.com\\\/avatar\\\/7463443f194b6b5fb706b074ca0ef59a0cfcfd720cb47764b0ec5a952ce422b3?s=96&d=mm&r=g\",\"contentUrl\":\"https:\\\/\\\/secure.gravatar.com\\\/avatar\\\/7463443f194b6b5fb706b074ca0ef59a0cfcfd720cb47764b0ec5a952ce422b3?s=96&d=mm&r=g\",\"caption\":\"La r\u00e9daction\"},\"sameAs\":[\"https:\\\/\\\/stourm.news\"],\"url\":\"https:\\\/\\\/stourm.news\\\/?author=1\"}]}<\/script>\n<!-- \/ Yoast SEO plugin. -->","yoast_head_json":{"title":"\u00c9cosse : le gouvernement relance la bataille pour un nouveau r\u00e9f\u00e9rendum d\u2019ind\u00e9pendance - STOURM","robots":{"index":"index","follow":"follow","max-snippet":"max-snippet:-1","max-image-preview":"max-image-preview:large","max-video-preview":"max-video-preview:-1"},"canonical":"https:\/\/stourm.news\/?p=6622","og_locale":"fr_FR","og_type":"article","og_title":"\u00c9cosse : le gouvernement relance la bataille pour un nouveau r\u00e9f\u00e9rendum d\u2019ind\u00e9pendance - STOURM","og_description":"L\u2019ind\u00e9pendance \u00e9cossaise revient au premier plan. Quelques mois apr\u00e8s les \u00e9lections de mai 2026, qui ont donn\u00e9 au Parlement \u00e9cossais sa plus forte majorit\u00e9 ind\u00e9pendantiste, le gouvernement de John Swinney vient de franchir une nouvelle \u00e9tape en publiant un projet de loi pr\u00e9parant l\u2019organisation d\u2019un second r\u00e9f\u00e9rendum d\u2019ind\u00e9pendance. Le texte, publi\u00e9 le 28 ao\u00fbt, pr\u00e9voit [&hellip;]","og_url":"https:\/\/stourm.news\/?p=6622","og_site_name":"STOURM","article_publisher":"https:\/\/www.facebook.com\/stourmnews\/","article_published_time":"2026-09-05T10:57:47+00:00","article_modified_time":"2026-09-05T10:58:08+00:00","og_image":[{"width":2048,"height":1365,"url":"https:\/\/stourm.news\/wp-content\/uploads\/2026\/09\/19sun3web-superJumbo.jpg","type":"image\/jpeg"}],"author":"La r\u00e9daction","twitter_card":"summary_large_image","twitter_misc":{"\u00c9crit par":"La r\u00e9daction","Dur\u00e9e de lecture estim\u00e9e":"2 minutes"},"schema":{"@context":"https:\/\/schema.org","@graph":[{"@type":"Article","@id":"https:\/\/stourm.news\/?p=6622#article","isPartOf":{"@id":"https:\/\/stourm.news\/?p=6622"},"author":{"name":"La r\u00e9daction","@id":"https:\/\/stourm.news\/#\/schema\/person\/c3e1dc65988632e190969234ef046cf9"},"headline":"\u00c9cosse : le gouvernement relance la bataille pour un nouveau r\u00e9f\u00e9rendum d\u2019ind\u00e9pendance","datePublished":"2026-09-05T10:57:47+00:00","dateModified":"2026-09-05T10:58:08+00:00","mainEntityOfPage":{"@id":"https:\/\/stourm.news\/?p=6622"},"wordCount":328,"commentCount":0,"publisher":{"@id":"https:\/\/stourm.news\/#organization"},"image":{"@id":"https:\/\/stourm.news\/?p=6622#primaryimage"},"thumbnailUrl":"https:\/\/stourm.news\/wp-content\/uploads\/2026\/09\/19sun3web-superJumbo.jpg","articleSection":["Ind\u00e9pendance","Interceltisme","International","Principale"],"inLanguage":"fr-FR","potentialAction":[{"@type":"CommentAction","name":"Comment","target":["https:\/\/stourm.news\/?p=6622#respond"]}]},{"@type":"WebPage","@id":"https:\/\/stourm.news\/?p=6622","url":"https:\/\/stourm.news\/?p=6622","name":"\u00c9cosse : le gouvernement relance la bataille pour un nouveau r\u00e9f\u00e9rendum d\u2019ind\u00e9pendance - STOURM","isPartOf":{"@id":"https:\/\/stourm.news\/#website"},"primaryImageOfPage":{"@id":"https:\/\/stourm.news\/?p=6622#primaryimage"},"image":{"@id":"https:\/\/stourm.news\/?p=6622#primaryimage"},"thumbnailUrl":"https:\/\/stourm.news\/wp-content\/uploads\/2026\/09\/19sun3web-superJumbo.jpg","datePublished":"2026-09-05T10:57:47+00:00","dateModified":"2026-09-05T10:58:08+00:00","breadcrumb":{"@id":"https:\/\/stourm.news\/?p=6622#breadcrumb"},"inLanguage":"fr-FR","potentialAction":[{"@type":"ReadAction","target":["https:\/\/stourm.news\/?p=6622"]}]},{"@type":"ImageObject","inLanguage":"fr-FR","@id":"https:\/\/stourm.news\/?p=6622#primaryimage","url":"https:\/\/stourm.news\/wp-content\/uploads\/2026\/09\/19sun3web-superJumbo.jpg","contentUrl":"https:\/\/stourm.news\/wp-content\/uploads\/2026\/09\/19sun3web-superJumbo.jpg","width":2048,"height":1365},{"@type":"BreadcrumbList","@id":"https:\/\/stourm.news\/?p=6622#breadcrumb","itemListElement":[{"@type":"ListItem","position":1,"name":"Accueil","item":"https:\/\/stourm.news\/"},{"@type":"ListItem","position":2,"name":"\u00c9cosse : le gouvernement relance la bataille pour un nouveau r\u00e9f\u00e9rendum d\u2019ind\u00e9pendance"}]},{"@type":"WebSite","@id":"https:\/\/stourm.news\/#website","url":"https:\/\/stourm.news\/","name":"Stourm","description":"Kazetenn Strollad Broadel Breizh","publisher":{"@id":"https:\/\/stourm.news\/#organization"},"potentialAction":[{"@type":"SearchAction","target":{"@type":"EntryPoint","urlTemplate":"https:\/\/stourm.news\/?s={search_term_string}"},"query-input":{"@type":"PropertyValueSpecification","valueRequired":true,"valueName":"search_term_string"}}],"inLanguage":"fr-FR"},{"@type":"Organization","@id":"https:\/\/stourm.news\/#organization","name":"Stourm","url":"https:\/\/stourm.news\/","logo":{"@type":"ImageObject","inLanguage":"fr-FR","@id":"https:\/\/stourm.news\/#\/schema\/logo\/image\/","url":"https:\/\/stourm.news\/wp-content\/uploads\/2025\/11\/cropped-Capture-decran-2025-11-28-a-15.19.07.png","contentUrl":"https:\/\/stourm.news\/wp-content\/uploads\/2025\/11\/cropped-Capture-decran-2025-11-28-a-15.19.07.png","width":1855,"height":383,"caption":"Stourm"},"image":{"@id":"https:\/\/stourm.news\/#\/schema\/logo\/image\/"},"sameAs":["https:\/\/www.facebook.com\/stourmnews\/"]},{"@type":"Person","@id":"https:\/\/stourm.news\/#\/schema\/person\/c3e1dc65988632e190969234ef046cf9","name":"La r\u00e9daction","image":{"@type":"ImageObject","inLanguage":"fr-FR","@id":"https:\/\/secure.gravatar.com\/avatar\/7463443f194b6b5fb706b074ca0ef59a0cfcfd720cb47764b0ec5a952ce422b3?s=96&d=mm&r=g","url":"https:\/\/secure.gravatar.com\/avatar\/7463443f194b6b5fb706b074ca0ef59a0cfcfd720cb47764b0ec5a952ce422b3?s=96&d=mm&r=g","contentUrl":"https:\/\/secure.gravatar.com\/avatar\/7463443f194b6b5fb706b074ca0ef59a0cfcfd720cb47764b0ec5a952ce422b3?s=96&d=mm&r=g","caption":"La r\u00e9daction"},"sameAs":["https:\/\/stourm.news"],"url":"https:\/\/stourm.news\/?author=1"}]}},"_links":{"self":[{"href":"https:\/\/stourm.news\/index.php?rest_route=\/wp\/v2\/posts\/6622","targetHints":{"allow":["GET"]}}],"collection":[{"href":"https:\/\/stourm.news\/index.php?rest_route=\/wp\/v2\/posts"}],"about":[{"href":"https:\/\/stourm.news\/index.php?rest_route=\/wp\/v2\/types\/post"}],"author":[{"embeddable":true,"href":"https:\/\/stourm.news\/index.php?rest_route=\/wp\/v2\/users\/1"}],"replies":[{"embeddable":true,"href":"https:\/\/stourm.news\/index.php?rest_route=%2Fwp%2Fv2%2Fcomments&post=6622"}],"version-history":[{"count":2,"href":"https:\/\/stourm.news\/index.php?rest_route=\/wp\/v2\/posts\/6622\/revisions"}],"predecessor-version":[{"id":6625,"href":"https:\/\/stourm.news\/index.php?rest_route=\/wp\/v2\/posts\/6622\/revisions\/6625"}],"wp:featuredmedia":[{"embeddable":true,"href":"https:\/\/stourm.news\/index.php?rest_route=\/wp\/v2\/media\/6623"}],"wp:attachment":[{"href":"https:\/\/stourm.news\/index.php?rest_route=%2Fwp%2Fv2%2Fmedia&parent=6622"}],"wp:term":[{"taxonomy":"category","embeddable":true,"href":"https:\/\/stourm.news\/index.php?rest_route=%2Fwp%2Fv2%2Fcategories&post=6622"},{"taxonomy":"post_tag","embeddable":true,"href":"https:\/\/stourm.news\/index.php?rest_route=%2Fwp%2Fv2%2Ftags&post=6622"}],"curies":[{"name":"wp","href":"https:\/\/api.w.org\/{rel}","templated":true}]}}